{"id":8028,"global_id":"www.arte.unicen.edu.ar\/entodas?id=8028","global_id_lineage":["www.arte.unicen.edu.ar\/entodas?id=8028"],"author":"5","status":"publish","date":"2023-08-17 10:50:30","date_utc":"2023-08-17 13:50:30","modified":"2023-08-17 10:52:30","modified_utc":"2023-08-17 13:52:30","url":"https:\/\/www.arte.unicen.edu.ar\/entodas\/?tribe_events=presentacion-de-e-book-travesia-hacia-una-ritmica-en-la-actuacion","rest_url":"https:\/\/www.arte.unicen.edu.ar\/entodas\/index.php?rest_route=\/tribe\/events\/v1\/events\/8028","title":"Presentaci\u00f3n de E-book &#8220;traves\u00eda hacia una r\u00edtmica en la actuaci\u00f3n &#8220;","description":"<p><strong>Traves\u00eda. Hacia una r\u00edtmica en la actuaci\u00f3n<\/strong>\u00a0emerge de una matriz de investigaci\u00f3n acad\u00e9mica enmarcada en el Proyecto de Investigaci\u00f3n\u00a0<em>La experiencia r\u00edtmica en el arte del actor\/actriz. Aproximaciones te\u00f3rico-metodol\u00f3gicas a la problem\u00e1tica del ritmo desde la investigaci\u00f3n a trav\u00e9s de la pr\u00e1ctica art\u00edstica<\/em><\/p>\n<p>Presentaci\u00f3n a cargo de Belen Errendasoro ( comp) y con la participaci\u00f3n de Josefina Villama\u00f1e.<\/p>\n<p><img loading=\"lazy\" decoding=\"async\" class=\"alignnone size-medium wp-image-8029\" src=\"https:\/\/www.arte.unicen.edu.ar\/entodas\/wp-content\/uploads\/2023\/08\/FERIA-DEL-LIBRO-2023placa-travesia-1024x1024-1-300x300.jpg\" alt=\"\" width=\"300\" height=\"300\" srcset=\"https:\/\/www.arte.unicen.edu.ar\/entodas\/wp-content\/uploads\/2023\/08\/FERIA-DEL-LIBRO-2023placa-travesia-1024x1024-1-300x300.jpg 300w, https:\/\/www.arte.unicen.edu.ar\/entodas\/wp-content\/uploads\/2023\/08\/FERIA-DEL-LIBRO-2023placa-travesia-1024x1024-1-800x800.jpg 800w, https:\/\/www.arte.unicen.edu.ar\/entodas\/wp-content\/uploads\/2023\/08\/FERIA-DEL-LIBRO-2023placa-travesia-1024x1024-1-768x768.jpg 768w, https:\/\/www.arte.unicen.edu.ar\/entodas\/wp-content\/uploads\/2023\/08\/FERIA-DEL-LIBRO-2023placa-travesia-1024x1024-1.jpg 1024w\" sizes=\"(max-width: 300px) 100vw, 300px\" \/><\/p>","excerpt":"","slug":"presentacion-de-e-book-travesia-hacia-una-ritmica-en-la-actuacion","image":{"url":"https:\/\/www.arte.unicen.edu.ar\/entodas\/wp-content\/uploads\/2023\/08\/FERIA-DEL-LIBRO-2023placa-travesia-1024x1024-1.jpg","id":8029,"extension":"jpg","width":1024,"height":1024,"filesize":127528,"sizes":{"medium":{"width":300,"height":300,"mime-type":"image\/jpeg","filesize":28959,"url":"https:\/\/www.arte.unicen.edu.ar\/entodas\/wp-content\/uploads\/2023\/08\/FERIA-DEL-LIBRO-2023placa-travesia-1024x1024-1-300x300.jpg"},"large":{"width":800,"height":800,"mime-type":"image\/jpeg","filesize":90833,"url":"https:\/\/www.arte.unicen.edu.ar\/entodas\/wp-content\/uploads\/2023\/08\/FERIA-DEL-LIBRO-2023placa-travesia-1024x1024-1-800x800.jpg"},"thumbnail":{"width":390,"height":218,"mime-type":"image\/jpeg","filesize":29765,"url":"https:\/\/www.arte.unicen.edu.ar\/entodas\/wp-content\/uploads\/2023\/08\/FERIA-DEL-LIBRO-2023placa-travesia-1024x1024-1-390x218.jpg"},"medium_large":{"width":768,"height":768,"mime-type":"image\/jpeg","filesize":85115,"url":"https:\/\/www.arte.unicen.edu.ar\/entodas\/wp-content\/uploads\/2023\/08\/FERIA-DEL-LIBRO-2023placa-travesia-1024x1024-1-768x768.jpg"}}},"all_day":false,"start_date":"2023-08-20 20:00:00","start_date_details":{"year":"2023","month":"08","day":"20","hour":"20","minutes":"00","seconds":"00"},"end_date":"2023-08-20 20:00:00","end_date_details":{"year":"2023","month":"08","day":"20","hour":"20","minutes":"00","seconds":"00"},"utc_start_date":"2023-08-20 23:00:00","utc_start_date_details":{"year":"2023","month":"08","day":"20","hour":"23","minutes":"00","seconds":"00"},"utc_end_date":"2023-08-20 23:00:00","utc_end_date_details":{"year":"2023","month":"08","day":"20","hour":"23","minutes":"00","seconds":"00"},"timezone":"UTC-3","timezone_abbr":"UTC-3","cost":"","cost_details":{"currency_symbol":"","currency_code":"","currency_position":"prefix","values":[]},"website":"http:\/\/feriadellibrotandil.com.ar\/","show_map":true,"show_map_link":true,"hide_from_listings":false,"sticky":false,"featured":false,"categories":[{"name":"Feria del libro","slug":"feria-del-libro","term_group":0,"term_taxonomy_id":53,"taxonomy":"tribe_events_cat","description":"","parent":0,"count":3,"filter":"raw","id":53,"urls":{"self":"https:\/\/www.arte.unicen.edu.ar\/entodas\/index.php?rest_route=\/tribe\/events\/v1\/categories\/53","collection":"https:\/\/www.arte.unicen.edu.ar\/entodas\/index.php?rest_route=\/tribe\/events\/v1\/categories"}},{"name":"Presentacion de Libro","slug":"presentacion-de-libro","term_group":0,"term_taxonomy_id":54,"taxonomy":"tribe_events_cat","description":"","parent":0,"count":3,"filter":"raw","id":54,"urls":{"self":"https:\/\/www.arte.unicen.edu.ar\/entodas\/index.php?rest_route=\/tribe\/events\/v1\/categories\/54","collection":"https:\/\/www.arte.unicen.edu.ar\/entodas\/index.php?rest_route=\/tribe\/events\/v1\/categories"}}],"tags":[],"venue":{"id":8022,"author":"5","status":"publish","date":"2023-08-17 10:42:16","date_utc":"2023-08-17 13:42:16","modified":"2023-08-17 10:42:16","modified_utc":"2023-08-17 13:42:16","url":"https:\/\/www.arte.unicen.edu.ar\/entodas\/?tribe_venue=camara-empresarial-de-tandil","venue":"Camara  empresarial de tandil","slug":"camara-empresarial-de-tandil","address":"Mitre 856","city":"Tandil","country":"Argentina","province":"Buenos Aires","zip":"7000","stateprovince":"Buenos Aires","json_ld":{"@type":"Place","name":"Camara  empresarial de tandil","description":"","url":"","address":{"@type":"PostalAddress","streetAddress":"Mitre 856","addressLocality":"Tandil","addressRegion":"Buenos Aires","postalCode":"7000","addressCountry":"Argentina"},"telephone":"","sameAs":""},"show_map":true,"show_map_link":true,"global_id":"www.arte.unicen.edu.ar\/entodas?id=8022","global_id_lineage":["www.arte.unicen.edu.ar\/entodas?id=8022"]},"organizer":[{"id":8026,"author":"5","status":"publish","date":"2023-08-17 10:42:20","date_utc":"2023-08-17 13:42:20","modified":"2023-08-17 10:42:20","modified_utc":"2023-08-17 13:42:20","url":"https:\/\/www.arte.unicen.edu.ar\/entodas\/?tribe_organizer=asociacion-ferias-de-libro","organizer":"Asociacion ferias de libro","slug":"asociacion-ferias-de-libro","json_ld":{"@type":"Person","name":"Asociacion ferias de libro","description":"","url":"","telephone":"","email":"","sameAs":""},"global_id":"www.arte.unicen.edu.ar\/entodas?id=8026","global_id_lineage":["www.arte.unicen.edu.ar\/entodas?id=8026"]},{"id":8025,"author":"5","status":"publish","date":"2023-08-17 10:42:19","date_utc":"2023-08-17 13:42:19","modified":"2023-08-17 10:42:19","modified_utc":"2023-08-17 13:42:19","url":"https:\/\/www.arte.unicen.edu.ar\/entodas\/?tribe_organizer=camara-empresarial","organizer":"Camara Empresarial","slug":"camara-empresarial","json_ld":{"@type":"Person","name":"Camara Empresarial","description":"","url":"","telephone":"","email":"","sameAs":""},"global_id":"www.arte.unicen.edu.ar\/entodas?id=8025","global_id_lineage":["www.arte.unicen.edu.ar\/entodas?id=8025"]},{"id":8024,"author":"5","status":"publish","date":"2023-08-17 10:42:18","date_utc":"2023-08-17 13:42:18","modified":"2023-08-17 10:42:18","modified_utc":"2023-08-17 13:42:18","url":"https:\/\/www.arte.unicen.edu.ar\/entodas\/?tribe_organizer=municipio-de-tandil","organizer":"Municipio de Tandil","slug":"municipio-de-tandil","json_ld":{"@type":"Person","name":"Municipio de Tandil","description":"","url":"","telephone":"","email":"","sameAs":""},"global_id":"www.arte.unicen.edu.ar\/entodas?id=8024","global_id_lineage":["www.arte.unicen.edu.ar\/entodas?id=8024"]},{"id":8023,"author":"5","status":"publish","date":"2023-08-17 10:42:17","date_utc":"2023-08-17 13:42:17","modified":"2023-08-17 10:42:17","modified_utc":"2023-08-17 13:42:17","url":"https:\/\/www.arte.unicen.edu.ar\/entodas\/?tribe_organizer=unicen","organizer":"Unicen","slug":"unicen","json_ld":{"@type":"Person","name":"Unicen","description":"","url":"","telephone":"","email":"","sameAs":""},"global_id":"www.arte.unicen.edu.ar\/entodas?id=8023","global_id_lineage":["www.arte.unicen.edu.ar\/entodas?id=8023"]}],"json_ld":{"@context":"http:\/\/schema.org","@type":"Event","name":"Presentaci\u00f3n de E-book &#8220;traves\u00eda hacia una r\u00edtmica en la actuaci\u00f3n &#8220;","description":"&lt;p&gt;Traves\u00eda. Hacia una r\u00edtmica en la actuaci\u00f3n\u00a0emerge de una matriz de investigaci\u00f3n acad\u00e9mica enmarcada en el Proyecto de Investigaci\u00f3n\u00a0La experiencia r\u00edtmica en el arte del actor\/actriz. Aproximaciones te\u00f3rico-metodol\u00f3gicas a la problem\u00e1tica del ritmo desde la investigaci\u00f3n a trav\u00e9s de la pr\u00e1ctica art\u00edstica Presentaci\u00f3n a cargo de Belen Errendasoro ( comp) y con la participaci\u00f3n de Josefina Villama\u00f1e.&lt;\/p&gt;\\n","image":"https:\/\/www.arte.unicen.edu.ar\/entodas\/wp-content\/uploads\/2023\/08\/FERIA-DEL-LIBRO-2023placa-travesia-1024x1024-1.jpg","url":"https:\/\/www.arte.unicen.edu.ar\/entodas\/?tribe_events=presentacion-de-e-book-travesia-hacia-una-ritmica-en-la-actuacion","eventAttendanceMode":"https:\/\/schema.org\/OfflineEventAttendanceMode","eventStatus":"https:\/\/schema.org\/EventScheduled","startDate":"2023-08-20T20:00:00-03:00","endDate":"2023-08-20T20:00:00-03:00","location":{"@type":"Place","name":"Camara  empresarial de tandil","description":"","url":"","address":{"@type":"PostalAddress","streetAddress":"Mitre 856","addressLocality":"Tandil","addressRegion":"Buenos Aires","postalCode":"7000","addressCountry":"Argentina"},"telephone":"","sameAs":""},"organizer":{"@type":"Person","name":"Asociacion ferias de libro","description":"","url":"","telephone":"","email":"","sameAs":""},"performer":"Organization"}}