{"id":7825,"global_id":"www.arte.unicen.edu.ar\/entodas?id=7825","global_id_lineage":["www.arte.unicen.edu.ar\/entodas?id=7825"],"author":"1","status":"publish","date":"2023-06-15 08:35:33","date_utc":"2023-06-15 11:35:33","modified":"2023-06-15 08:48:44","modified_utc":"2023-06-15 11:48:44","url":"https:\/\/www.arte.unicen.edu.ar\/entodas\/?tribe_events=reapertura-teatro-la-fabrica","rest_url":"https:\/\/www.arte.unicen.edu.ar\/entodas\/index.php?rest_route=\/tribe\/events\/v1\/events\/7825","title":"Reapertura Teatro La F\u00e1brica","description":"<style>\/*! elementor - v3.12.2 - 23-04-2023 *\/<br \/>\n.elementor-widget-image{text-align:center}.elementor-widget-image a{display:inline-block}.elementor-widget-image a img[src$=\".svg\"]{width:48px}.elementor-widget-image img{vertical-align:middle;display:inline-block}<\/style>\n<p><img loading=\"lazy\" decoding=\"async\" src=\"https:\/\/www.arte.unicen.edu.ar\/entodas\/wp-content\/uploads\/2023\/06\/lafabrica_reapertura.jpeg\" sizes=\"(max-width: 712px) 100vw, 712px\" srcset=\"https:\/\/www.arte.unicen.edu.ar\/entodas\/wp-content\/uploads\/2023\/06\/lafabrica_reapertura.jpeg 712w, https:\/\/www.arte.unicen.edu.ar\/entodas\/wp-content\/uploads\/2023\/06\/lafabrica_reapertura-300x298.jpeg 300w\" alt=\"\" width=\"712\" height=\"707\" \/><\/p>\n<p dir=\"auto\">El\u00a0<strong>viernes 16 de junio, 18hs.,<\/strong>\u00a0se llevar\u00e1 a cabo el\u00a0<strong>acto institucional de reapertura del Teatro La F\u00e1brica<\/strong>, en el marco \u00a0de\u00a0los\u00a0<em>35 a\u00f1os de la Facultad de Arte UNICEN y 25 a\u00f1os de la Asociaci\u00f3n Civil de la sala La F\u00e1brica.\u00a0<\/em><\/p>\n<p>Como parte del programa est\u00e1 previsto el momento oficial de reapertura, con la presencia de autoridades, la visita y recorrido por las nuevas instalaciones, una instancia de recuperaci\u00f3n de la historia de la sala y entrega de reconocimientos a personas destacadas en el desarrollo del espacio. Tambi\u00e9n se presentar\u00e1n diversos espect\u00e1culos. Evento con entrada libre y gratuita.<\/p>\n<ul>\n<li style=\"list-style-type: none;\">\n<ul>\n<li>Se invita a toda la comunidad a ser parte de este tan esperado momento para la Facultad de Arte, y a celebrar la vuelta de una sala que representa para nuestra instituci\u00f3n un espacio de encuentro,\u00a0 formaci\u00f3n y creaci\u00f3n y que cuenta con las condiciones t\u00e9cnicas necesarias para la exhibici\u00f3n de diversas producciones esc\u00e9nicas abiertas a toda la comunidad.<\/li>\n<\/ul>\n<\/li>\n<\/ul>\n<p><a href=\"https:\/\/www.lavozdetandil.com.ar\/2023\/06\/14\/-trabajamos-en-comunidad-dentro-del-espacio-teatral-de-tandil-\" target=\"_blank\" rel=\"noopener\">Compartimos nota de prensa<\/a><\/p>\n<style>\/*! elementor - v3.12.2 - 23-04-2023 *\/<br \/>\n.elementor-widget-image-carousel .swiper,.elementor-widget-image-carousel .swiper-container{position:static}.elementor-widget-image-carousel .swiper-container .swiper-slide figure,.elementor-widget-image-carousel .swiper .swiper-slide figure{line-height:inherit}.elementor-widget-image-carousel .swiper-slide{text-align:center}.elementor-image-carousel-wrapper:not(.swiper-container-initialized) .swiper-slide,.elementor-image-carousel-wrapper:not(.swiper-initialized) .swiper-slide{max-width:calc(100% \/ var(--e-image-carousel-slides-to-show, 3))}<\/style>\n<figure><img decoding=\"async\" src=\"https:\/\/www.arte.unicen.edu.ar\/entodas\/wp-content\/uploads\/2023\/06\/PROGRAMACION-01-800x800.jpg\" alt=\"PROGRAMACION-01\" \/><\/figure>\n<figure><img decoding=\"async\" src=\"https:\/\/www.arte.unicen.edu.ar\/entodas\/wp-content\/uploads\/2023\/06\/PROGRAMACION-02-800x800.jpg\" alt=\"PROGRAMACION-02\" \/><\/figure>\n<figure><img decoding=\"async\" src=\"https:\/\/www.arte.unicen.edu.ar\/entodas\/wp-content\/uploads\/2023\/06\/PROGRAMACION-03-800x800.jpg\" alt=\"PROGRAMACION-03\" \/><\/figure>\n<figure><img decoding=\"async\" src=\"https:\/\/www.arte.unicen.edu.ar\/entodas\/wp-content\/uploads\/2023\/06\/PROGRAMACION-04-800x800.jpg\" alt=\"PROGRAMACION-04\" \/><\/figure>\n<figure><img decoding=\"async\" src=\"https:\/\/www.arte.unicen.edu.ar\/entodas\/wp-content\/uploads\/2023\/06\/PROGRAMACION-05-800x800.jpg\" alt=\"PROGRAMACION-05\" \/><\/figure>\n<figure><img decoding=\"async\" src=\"https:\/\/www.arte.unicen.edu.ar\/entodas\/wp-content\/uploads\/2023\/06\/PROGRAMACION-06-800x800.jpg\" alt=\"PROGRAMACION-06\" \/><\/figure>\n<figure><img decoding=\"async\" src=\"https:\/\/www.arte.unicen.edu.ar\/entodas\/wp-content\/uploads\/2023\/06\/INAUGURACION-07-800x800.jpg\" alt=\"INAUGURACION-07\" \/><\/figure>\n<figure><img decoding=\"async\" src=\"https:\/\/www.arte.unicen.edu.ar\/entodas\/wp-content\/uploads\/2023\/06\/INVITACION_TLF_2023_CORREGIDA-06-800x800.jpg\" alt=\"INVITACION_TLF_2023_CORREGIDA-06\" \/><\/figure>\n<figure><img decoding=\"async\" src=\"https:\/\/www.arte.unicen.edu.ar\/entodas\/wp-content\/uploads\/2023\/06\/lafabrica_reapertura-1.jpeg\" alt=\"lafabrica_reapertura\" \/><\/figure>\n<p>Previous<br \/>\nNext<\/p>","excerpt":"<p>El viernes 16 de junio, 18hs., se llevar\u00e1 a cabo el acto institucional de reapertura del Teatro La F\u00e1brica, en el marco  de los 35 a\u00f1os de la Facultad de Arte UNICEN y 25 a\u00f1os de la Asociaci\u00f3n Civil de la sala La F\u00e1brica. <\/p>","slug":"reapertura-teatro-la-fabrica","image":{"url":"https:\/\/www.arte.unicen.edu.ar\/entodas\/wp-content\/uploads\/2023\/06\/lafabrica_reapertura.jpeg","id":7827,"extension":"jpeg","width":712,"height":707,"filesize":46061,"sizes":{"medium":{"width":300,"height":298,"mime-type":"image\/jpeg","filesize":15814,"url":"https:\/\/www.arte.unicen.edu.ar\/entodas\/wp-content\/uploads\/2023\/06\/lafabrica_reapertura-300x298.jpeg"},"thumbnail":{"width":390,"height":218,"mime-type":"image\/jpeg","filesize":10793,"url":"https:\/\/www.arte.unicen.edu.ar\/entodas\/wp-content\/uploads\/2023\/06\/lafabrica_reapertura-390x218.jpeg"}}},"all_day":false,"start_date":"2023-06-16 18:00:00","start_date_details":{"year":"2023","month":"06","day":"16","hour":"18","minutes":"00","seconds":"00"},"end_date":"2023-06-16 20:00:00","end_date_details":{"year":"2023","month":"06","day":"16","hour":"20","minutes":"00","seconds":"00"},"utc_start_date":"2023-06-16 21:00:00","utc_start_date_details":{"year":"2023","month":"06","day":"16","hour":"21","minutes":"00","seconds":"00"},"utc_end_date":"2023-06-16 23:00:00","utc_end_date_details":{"year":"2023","month":"06","day":"16","hour":"23","minutes":"00","seconds":"00"},"timezone":"UTC-3","timezone_abbr":"UTC-3","cost":"","cost_details":{"currency_symbol":"","currency_code":"","currency_position":"prefix","values":[]},"website":"","show_map":true,"show_map_link":true,"hide_from_listings":false,"sticky":false,"featured":false,"categories":[],"tags":[],"venue":{"id":3628,"author":"1","status":"publish","date":"2019-03-27 12:44:16","date_utc":"2019-03-27 15:44:16","modified":"2019-03-27 12:44:16","modified_utc":"2019-03-27 15:44:16","url":"https:\/\/www.arte.unicen.edu.ar\/entodas\/?tribe_venue=teatro-la-fabrica","venue":"Teatro La F\u00e1brica","slug":"teatro-la-fabrica","address":"Gral. Pinto 359","city":"Tandil","country":"Argentina","province":"Provincia de Buenos Aires","zip":"7000","stateprovince":"Provincia de Buenos Aires","json_ld":{"@type":"Place","name":"Teatro La F\u00e1brica","description":"","url":"","address":{"@type":"PostalAddress","streetAddress":"Gral. Pinto 359","addressLocality":"Tandil","addressRegion":"Provincia de Buenos Aires","postalCode":"7000","addressCountry":"Argentina"},"telephone":"","sameAs":""},"show_map":true,"show_map_link":true,"global_id":"www.arte.unicen.edu.ar\/entodas?id=3628","global_id_lineage":["www.arte.unicen.edu.ar\/entodas?id=3628"]},"organizer":[],"json_ld":{"@context":"http:\/\/schema.org","@type":"Event","name":"Reapertura Teatro La F\u00e1brica","description":"&lt;p&gt;El viernes 16 de junio, 18hs., se llevar\u00e1 a cabo el acto institucional de reapertura del Teatro La F\u00e1brica, en el marco  de los 35 a\u00f1os de la Facultad de Arte UNICEN y 25 a\u00f1os de la Asociaci\u00f3n Civil de la sala La F\u00e1brica. &lt;\/p&gt;\\n","image":"https:\/\/www.arte.unicen.edu.ar\/entodas\/wp-content\/uploads\/2023\/06\/lafabrica_reapertura.jpeg","url":"https:\/\/www.arte.unicen.edu.ar\/entodas\/?tribe_events=reapertura-teatro-la-fabrica","eventAttendanceMode":"https:\/\/schema.org\/OfflineEventAttendanceMode","eventStatus":"https:\/\/schema.org\/EventScheduled","startDate":"2023-06-16T18:00:00-03:00","endDate":"2023-06-16T20:00:00-03:00","location":{"@type":"Place","name":"Teatro La F\u00e1brica","description":"","url":"","address":{"@type":"PostalAddress","streetAddress":"Gral. Pinto 359","addressLocality":"Tandil","addressRegion":"Provincia de Buenos Aires","postalCode":"7000","addressCountry":"Argentina"},"telephone":"","sameAs":""},"performer":"Organization"}}