{"id":7501,"global_id":"www.arte.unicen.edu.ar\/entodas?id=7501","global_id_lineage":["www.arte.unicen.edu.ar\/entodas?id=7501"],"author":"4","status":"publish","date":"2022-11-24 08:52:41","date_utc":"2022-11-24 11:52:41","modified":"2022-11-24 08:53:47","modified_utc":"2022-11-24 11:53:47","url":"https:\/\/www.arte.unicen.edu.ar\/entodas\/?tribe_events=cria-escenas-criadas-en-catedra-festival-escenico","rest_url":"https:\/\/www.arte.unicen.edu.ar\/entodas\/index.php?rest_route=\/tribe\/events\/v1\/events\/7501","title":"CRIA Escenas Criadas en C\u00e1tedra. Festival Esc\u00e9nico","description":"<p><img loading=\"lazy\" decoding=\"async\" class=\"alignnone wp-image-7503\" src=\"http:\/\/www.arte.unicen.edu.ar\/semanarte\/wp-content\/uploads\/2022\/11\/316214778_582859523839154_352840449202462758_n-240x300.jpg\" alt=\"\" width=\"450\" height=\"563\" \/><\/p>\n<div class=\"x11i5rnm xat24cr x1mh8g0r x1vvkbs xdj266r x126k92a\">\n<div dir=\"auto\">Todxs invitadxs este viernes 25\/11!<\/div>\n<\/div>\n<div class=\"x11i5rnm xat24cr x1mh8g0r x1vvkbs xtlvy1s x126k92a\">\n<div dir=\"auto\"><span class=\"x3nfvp2 x1j61x8r x1fcty0u xdj266r xhhsvwb xat24cr xgzva0m xxymvpz xlup9mm x1kky2od\"><img loading=\"lazy\" decoding=\"async\" src=\"https:\/\/static.xx.fbcdn.net\/images\/emoji.php\/v9\/t50\/1\/16\/2757.png\" alt=\"\u2757\" width=\"16\" height=\"16\" \/><\/span> CRIA: Creaciones Realizadas e Interpretadas por Artistas &#8211; Ciclo 2022<\/div>\n<\/div>\n<div class=\"x11i5rnm xat24cr x1mh8g0r x1vvkbs xtlvy1s x126k92a\">\n<div dir=\"auto\"><span class=\"x3nfvp2 x1j61x8r x1fcty0u xdj266r xhhsvwb xat24cr xgzva0m xxymvpz xlup9mm x1kky2od\"><img loading=\"lazy\" decoding=\"async\" src=\"https:\/\/static.xx.fbcdn.net\/images\/emoji.php\/v9\/t34\/1\/16\/23f0.png\" alt=\"\u23f0\" width=\"16\" height=\"16\" \/><\/span> Desde las 18hs a 21hs: Exhibici\u00f3n de escenas.<\/div>\n<div dir=\"auto\"><span class=\"x3nfvp2 x1j61x8r x1fcty0u xdj266r xhhsvwb xat24cr xgzva0m xxymvpz xlup9mm x1kky2od\"><img loading=\"lazy\" decoding=\"async\" src=\"https:\/\/static.xx.fbcdn.net\/images\/emoji.php\/v9\/t34\/1\/16\/23f0.png\" alt=\"\u23f0\" width=\"16\" height=\"16\" \/><\/span> Despu\u00e9s de las 21hs: Encuentro y festejo por el cierre del ciclo.<\/div>\n<\/div>\n<div class=\"x11i5rnm xat24cr x1mh8g0r x1vvkbs xtlvy1s x126k92a\">\n<div dir=\"auto\"><span class=\"x3nfvp2 x1j61x8r x1fcty0u xdj266r xhhsvwb xat24cr xgzva0m xxymvpz xlup9mm x1kky2od\"><img loading=\"lazy\" decoding=\"async\" src=\"https:\/\/static.xx.fbcdn.net\/images\/emoji.php\/v9\/t51\/1\/16\/1f449.png\" alt=\"????\" width=\"16\" height=\"16\" \/><\/span> Objetivo: difundir las producciones esc\u00e9nicas realizadas al interior de las distintas c\u00e1tedras de la carrera de Teatro de la Facultad de Arte durante el presente ciclo lectivo.<\/div>\n<\/div>\n<div class=\"x11i5rnm xat24cr x1mh8g0r x1vvkbs xtlvy1s x126k92a\">\n<div dir=\"auto\"><span class=\"x3nfvp2 x1j61x8r x1fcty0u xdj266r xhhsvwb xat24cr xgzva0m xxymvpz xlup9mm x1kky2od\"><img loading=\"lazy\" decoding=\"async\" src=\"https:\/\/static.xx.fbcdn.net\/images\/emoji.php\/v9\/tc0\/1\/16\/1f30e.png\" alt=\"????\" width=\"16\" height=\"16\" \/><\/span> Lugar: Facultad de Arte &#8211; UNICEN (9 de Julio 430).<\/div>\n<\/div>\n<div class=\"x11i5rnm xat24cr x1mh8g0r x1vvkbs xtlvy1s x126k92a\">\n<div dir=\"auto\"><span class=\"x3nfvp2 x1j61x8r x1fcty0u xdj266r xhhsvwb xat24cr xgzva0m xxymvpz xlup9mm x1kky2od\"><img loading=\"lazy\" decoding=\"async\" src=\"https:\/\/static.xx.fbcdn.net\/images\/emoji.php\/v9\/tcc\/1\/16\/1f4dd.png\" alt=\"????\" width=\"16\" height=\"16\" \/><\/span> Organiza: Departamento de Teatro, en colaboraci\u00f3n con el Centro de Estudiantes y la Secretar\u00eda de Extensi\u00f3n de la Facultad de Arte.<\/div>\n<\/div>\n<div class=\"x11i5rnm xat24cr x1mh8g0r x1vvkbs xtlvy1s x126k92a\">\n<div dir=\"auto\"><span class=\"x3nfvp2 x1j61x8r x1fcty0u xdj266r xhhsvwb xat24cr xgzva0m xxymvpz xlup9mm x1kky2od\"><img loading=\"lazy\" decoding=\"async\" src=\"https:\/\/static.xx.fbcdn.net\/images\/emoji.php\/v9\/t50\/1\/16\/2757.png\" alt=\"\u2757\ufe0f\" width=\"16\" height=\"16\" \/><\/span> Entrada libre y gratuita.<\/div>\n<\/div>","excerpt":"","slug":"cria-escenas-criadas-en-catedra-festival-escenico","image":false,"all_day":false,"start_date":"2022-11-25 18:00:00","start_date_details":{"year":"2022","month":"11","day":"25","hour":"18","minutes":"00","seconds":"00"},"end_date":"2022-11-25 23:00:00","end_date_details":{"year":"2022","month":"11","day":"25","hour":"23","minutes":"00","seconds":"00"},"utc_start_date":"2022-11-25 21:00:00","utc_start_date_details":{"year":"2022","month":"11","day":"25","hour":"21","minutes":"00","seconds":"00"},"utc_end_date":"2022-11-26 02:00:00","utc_end_date_details":{"year":"2022","month":"11","day":"26","hour":"02","minutes":"00","seconds":"00"},"timezone":"UTC-3","timezone_abbr":"UTC-3","cost":"","cost_details":{"currency_symbol":"","currency_code":"","currency_position":"prefix","values":[]},"website":"https:\/\/www.facebook.com\/FacultadArte","show_map":true,"show_map_link":true,"hide_from_listings":false,"sticky":false,"featured":false,"categories":[],"tags":[],"venue":{"id":3652,"author":"1","status":"publish","date":"2019-03-27 14:16:38","date_utc":"2019-03-27 17:16:38","modified":"2019-11-06 12:56:31","modified_utc":"2019-11-06 15:56:31","url":"https:\/\/www.arte.unicen.edu.ar\/entodas\/?tribe_venue=faculta-de-arte-unicen","venue":"Facultad de Arte &#8211; Unicen","slug":"faculta-de-arte-unicen","address":"9 de Julio 430","city":"Tandil","country":"Argentina","province":"Provincia de Buenos Aires","zip":"7000","stateprovince":"Provincia de Buenos Aires","json_ld":{"@type":"Place","name":"Facultad de Arte &#8211; Unicen","description":"","url":"","address":{"@type":"PostalAddress","streetAddress":"9 de Julio 430","addressLocality":"Tandil","addressRegion":"Provincia de Buenos Aires","postalCode":"7000","addressCountry":"Argentina"},"telephone":"","sameAs":""},"show_map":true,"show_map_link":true,"global_id":"www.arte.unicen.edu.ar\/entodas?id=3652","global_id_lineage":["www.arte.unicen.edu.ar\/entodas?id=3652"]},"organizer":[],"json_ld":{"@context":"http:\/\/schema.org","@type":"Event","name":"CRIA Escenas Criadas en C\u00e1tedra. Festival Esc\u00e9nico","description":"&lt;p&gt;Todxs invitadxs este viernes 25\/11! CRIA: Creaciones Realizadas e Interpretadas por Artistas - Ciclo 2022 Desde las 18hs a 21hs: Exhibici\u00f3n de escenas. Despu\u00e9s de las 21hs: Encuentro y festejo por el cierre del ciclo. Objetivo: difundir las producciones esc\u00e9nicas realizadas al interior de las distintas c\u00e1tedras de la carrera de Teatro de la Facultad de Arte durante el presente ciclo lectivo. Lugar: Facultad de Arte - UNICEN (9 de Julio 430). Organiza: Departamento de Teatro, en colaboraci\u00f3n con el Centro de Estudiantes y la Secretar\u00eda de Extensi\u00f3n de la Facultad de Arte. Entrada libre y gratuita.&lt;\/p&gt;\\n","url":"https:\/\/www.arte.unicen.edu.ar\/entodas\/?tribe_events=cria-escenas-criadas-en-catedra-festival-escenico","eventAttendanceMode":"https:\/\/schema.org\/OfflineEventAttendanceMode","eventStatus":"https:\/\/schema.org\/EventScheduled","startDate":"2022-11-25T18:00:00-03:00","endDate":"2022-11-25T23:00:00-03:00","location":{"@type":"Place","name":"Facultad de Arte &#8211; Unicen","description":"","url":"","address":{"@type":"PostalAddress","streetAddress":"9 de Julio 430","addressLocality":"Tandil","addressRegion":"Provincia de Buenos Aires","postalCode":"7000","addressCountry":"Argentina"},"telephone":"","sameAs":""},"performer":"Organization"}}