{"id":4915,"global_id":"www.arte.unicen.edu.ar\/entodas?id=4915","global_id_lineage":["www.arte.unicen.edu.ar\/entodas?id=4915"],"author":"4","status":"publish","date":"2022-03-28 13:37:18","date_utc":"2022-03-28 16:37:18","modified":"2022-03-28 13:56:59","modified_utc":"2022-03-28 16:56:59","url":"https:\/\/www.arte.unicen.edu.ar\/entodas\/?tribe_events=el-pais-de-los-geranios-2","rest_url":"https:\/\/www.arte.unicen.edu.ar\/entodas\/index.php?rest_route=\/tribe\/events\/v1\/events\/4915","title":"EL PA\u00cdS DE LOS GERANIOS","description":"<p><img loading=\"lazy\" decoding=\"async\" class=\"alignleft wp-image-4880\" src=\"http:\/\/www.arte.unicen.edu.ar\/semanarte\/wp-content\/uploads\/2022\/03\/275896686_10158884256117644_4030315030146655423_n-1-300x300.jpg\" alt=\"\" width=\"450\" height=\"450\" \/><\/p>\n<p>&nbsp;<\/p>\n<p>&nbsp;<\/p>\n<p>&nbsp;<\/p>\n<p>&nbsp;<\/p>\n<p>&nbsp;<\/p>\n<p>&nbsp;<\/p>\n<p>&nbsp;<\/p>\n<p>&nbsp;<\/p>\n<p>&nbsp;<\/p>\n<p>&nbsp;<\/p>\n<p>&nbsp;<\/p>\n<p>&nbsp;<\/p>\n<div class=\"kvgmc6g5 cxmmr5t8 oygrvhab hcukyx3x c1et5uql ii04i59q\">\n<div dir=\"auto\"><strong>EL PA\u00cdS DE LOS GERANIOS.<\/strong><\/div>\n<div dir=\"auto\" style=\"text-align: justify\">En Loma Sola se preparan para La fiesta Nacional del Geranio.<\/div>\n<div dir=\"auto\" style=\"text-align: justify\">Sara, su abuela Rosa y todos los habitantes del pueblo est\u00e1n tan entusiasmados, que no paran de sembrar semillas. Nadie quiere quedarse afuera del concurso.<\/div>\n<div dir=\"auto\" style=\"text-align: justify\">Pero Sara va a descubrir que detr\u00e1s de los brillos de la fiesta se esconde un plan que pone en peligro a la naturaleza y junto a su abuela, va a intentar salvarla.<\/div>\n<\/div>\n<div class=\"cxmmr5t8 oygrvhab hcukyx3x c1et5uql o9v6fnle ii04i59q\" style=\"text-align: justify\">\n<div dir=\"auto\">El pa\u00eds de los geranios es una historia llena de magia y emoci\u00f3n.<\/div>\n<\/div>\n<div class=\"cxmmr5t8 oygrvhab hcukyx3x c1et5uql o9v6fnle ii04i59q\">\n<div dir=\"auto\" style=\"text-align: justify\">Ideal para compartir en familia<\/div>\n<\/div>\n<div class=\"cxmmr5t8 oygrvhab hcukyx3x c1et5uql o9v6fnle ii04i59q\">\n<div dir=\"auto\" style=\"text-align: justify\">Act\u00faa: Julia Esquibel. Dramaturgia: Julia Esquibel, Catalina Land\u00edvar. M\u00fasica original: Francisco Olano. Vestuario: Julieta Candia. Escenograf\u00eda: Luciano Enriquez. Producci\u00f3n: Cuento con vos. Difusi\u00f3n y audiovisuales: Manuela Pose. Asesor\u00eda en producci\u00f3n: Andr\u00e9s Erro. Coreograf\u00eda: Ayel\u00e9n Lazaro.<\/div>\n<div dir=\"auto\" style=\"text-align: justify\">Producci\u00f3n ejecutiva: Marianela Vallazza. Fotograf\u00eda: Adrian Botella. Dise\u00f1o gr\u00e1fico: Agust\u00edn Medina. Direcci\u00f3n: Catalina Land\u00edvar.<\/div>\n<\/div>","excerpt":"","slug":"el-pais-de-los-geranios-2","image":false,"all_day":false,"start_date":"2022-03-01 19:00:00","start_date_details":{"year":"2022","month":"03","day":"01","hour":"19","minutes":"00","seconds":"00"},"end_date":"2022-03-01 19:00:00","end_date_details":{"year":"2022","month":"03","day":"01","hour":"19","minutes":"00","seconds":"00"},"utc_start_date":"2022-03-01 22:00:00","utc_start_date_details":{"year":"2022","month":"03","day":"01","hour":"22","minutes":"00","seconds":"00"},"utc_end_date":"2022-03-01 22:00:00","utc_end_date_details":{"year":"2022","month":"03","day":"01","hour":"22","minutes":"00","seconds":"00"},"timezone":"UTC-3","timezone_abbr":"UTC-3","cost":"","cost_details":{"currency_symbol":"","currency_code":"","currency_position":"prefix","values":[]},"website":"https:\/\/www.facebook.com\/teatrobajosuelo","show_map":true,"show_map_link":true,"hide_from_listings":false,"sticky":false,"featured":false,"categories":[],"tags":[],"venue":{"id":4529,"author":"4","status":"publish","date":"2022-02-15 09:26:05","date_utc":"2022-02-15 12:26:05","modified":"2022-02-15 09:26:05","modified_utc":"2022-02-15 12:26:05","url":"https:\/\/www.arte.unicen.edu.ar\/entodas\/?tribe_venue=teatro-bajosuelo","venue":"TEATRO BAJOSUELO","slug":"teatro-bajosuelo","address":"Gral. Rodriguez 457","city":"Tandil","country":"Argentina","province":"Buenos Aires","zip":"7000","phone":"0249 15-421-3639","website":"https:\/\/www.facebook.com\/teatrobajosuelo","stateprovince":"Buenos Aires","json_ld":{"@type":"Place","name":"TEATRO BAJOSUELO","description":"","url":"","address":{"@type":"PostalAddress","streetAddress":"Gral. Rodriguez 457","addressLocality":"Tandil","addressRegion":"Buenos Aires","postalCode":"7000","addressCountry":"Argentina"},"telephone":"0249 15-421-3639","sameAs":"https:\/\/www.facebook.com\/teatrobajosuelo"},"show_map":true,"show_map_link":true,"global_id":"www.arte.unicen.edu.ar\/entodas?id=4529","global_id_lineage":["www.arte.unicen.edu.ar\/entodas?id=4529"]},"organizer":[],"json_ld":{"@context":"http:\/\/schema.org","@type":"Event","name":"EL PA\u00cdS DE LOS GERANIOS","description":"&lt;p&gt;&nbsp; &nbsp; &nbsp; &nbsp; &nbsp; &nbsp; &nbsp; &nbsp; &nbsp; &nbsp; &nbsp; &nbsp; EL PA\u00cdS DE LOS GERANIOS. En Loma Sola se preparan para La fiesta Nacional del Geranio. Sara, su abuela Rosa y todos los habitantes del pueblo est\u00e1n tan entusiasmados, que no paran de sembrar semillas. Nadie quiere quedarse afuera del concurso. Pero Sara va a descubrir que detr\u00e1s de los brillos de la fiesta se esconde un plan que pone en peligro a la naturaleza y junto a su abuela, va a intentar salvarla. El pa\u00eds de los geranios es una historia llena de magia y emoci\u00f3n. Ideal para compartir en familia Act\u00faa: Julia Esquibel. Dramaturgia: Julia Esquibel, Catalina Land\u00edvar. M\u00fasica original: Francisco Olano. Vestuario: Julieta Candia. Escenograf\u00eda: Luciano Enriquez. Producci\u00f3n: Cuento con vos. Difusi\u00f3n y audiovisuales: Manuela Pose. Asesor\u00eda en producci\u00f3n: Andr\u00e9s Erro. Coreograf\u00eda: Ayel\u00e9n Lazaro. Producci\u00f3n ejecutiva: Marianela Vallazza. Fotograf\u00eda: Adrian Botella. Dise\u00f1o gr\u00e1fico: Agust\u00edn Medina.&hellip;&lt;\/p&gt;\\n&lt;p&gt; &lt;a class=&quot;more-link&quot; href=&quot;https:\/\/www.arte.unicen.edu.ar\/entodas\/?tribe_events=el-pais-de-los-geranios-2&quot;&gt;Read more&lt;\/a&gt;&lt;\/p&gt;\\n","url":"https:\/\/www.arte.unicen.edu.ar\/entodas\/?tribe_events=el-pais-de-los-geranios-2","eventAttendanceMode":"https:\/\/schema.org\/OfflineEventAttendanceMode","eventStatus":"https:\/\/schema.org\/EventScheduled","startDate":"2022-03-01T19:00:00-03:00","endDate":"2022-03-01T19:00:00-03:00","location":{"@type":"Place","name":"TEATRO BAJOSUELO","description":"","url":"","address":{"@type":"PostalAddress","streetAddress":"Gral. Rodriguez 457","addressLocality":"Tandil","addressRegion":"Buenos Aires","postalCode":"7000","addressCountry":"Argentina"},"telephone":"0249 15-421-3639","sameAs":"https:\/\/www.facebook.com\/teatrobajosuelo"},"performer":"Organization"}}