{"id":4848,"global_id":"www.arte.unicen.edu.ar\/entodas?id=4848","global_id_lineage":["www.arte.unicen.edu.ar\/entodas?id=4848"],"author":"4","status":"publish","date":"2022-03-22 13:22:36","date_utc":"2022-03-22 16:22:36","modified":"2022-03-22 13:22:36","modified_utc":"2022-03-22 16:22:36","url":"https:\/\/www.arte.unicen.edu.ar\/entodas\/?tribe_events=memoria-por-la-verdad-y-la-justicia-exposicion-y-acto","rest_url":"https:\/\/www.arte.unicen.edu.ar\/entodas\/index.php?rest_route=\/tribe\/events\/v1\/events\/4848","title":"Memoria por la Verdad y la Justicia &#8211; Exposici\u00f3n y acto","description":"<p>Exposici\u00f3n y acto en la Escuela de Cer\u00e1mica.<\/p>\n<p>&nbsp;<\/p>","excerpt":"","slug":"memoria-por-la-verdad-y-la-justicia-exposicion-y-acto","image":false,"all_day":false,"start_date":"2022-03-23 19:00:00","start_date_details":{"year":"2022","month":"03","day":"23","hour":"19","minutes":"00","seconds":"00"},"end_date":"2022-03-23 19:00:00","end_date_details":{"year":"2022","month":"03","day":"23","hour":"19","minutes":"00","seconds":"00"},"utc_start_date":"2022-03-23 22:00:00","utc_start_date_details":{"year":"2022","month":"03","day":"23","hour":"22","minutes":"00","seconds":"00"},"utc_end_date":"2022-03-23 22:00:00","utc_end_date_details":{"year":"2022","month":"03","day":"23","hour":"22","minutes":"00","seconds":"00"},"timezone":"UTC-3","timezone_abbr":"UTC-3","cost":"","cost_details":{"currency_symbol":"","currency_code":"","currency_position":"prefix","values":[]},"website":"","show_map":true,"show_map_link":true,"hide_from_listings":false,"sticky":false,"featured":false,"categories":[],"tags":[],"venue":{"id":4852,"author":"4","status":"publish","date":"2022-03-22 13:22:37","date_utc":"2022-03-22 16:22:37","modified":"2022-03-22 13:22:37","modified_utc":"2022-03-22 16:22:37","url":"https:\/\/www.arte.unicen.edu.ar\/entodas\/?tribe_venue=escuela-de-ceramica","venue":"Escuela de Cer\u00e1mica","slug":"escuela-de-ceramica","json_ld":{"@type":"Place","name":"Escuela de Cer\u00e1mica","description":"","url":"","address":{"@type":"PostalAddress"},"telephone":"","sameAs":""},"show_map":true,"show_map_link":true,"global_id":"www.arte.unicen.edu.ar\/entodas?id=4852","global_id_lineage":["www.arte.unicen.edu.ar\/entodas?id=4852"]},"organizer":[{"id":4853,"author":"4","status":"publish","date":"2022-03-22 13:22:38","date_utc":"2022-03-22 16:22:38","modified":"2022-03-22 13:22:38","modified_utc":"2022-03-22 16:22:38","url":"https:\/\/www.arte.unicen.edu.ar\/entodas\/?tribe_organizer=escuela-de-ceramica","organizer":"Escuela de Cer\u00e1mica","slug":"escuela-de-ceramica","json_ld":{"@type":"Person","name":"Escuela de Cer\u00e1mica","description":"","url":"","telephone":"","email":"","sameAs":""},"global_id":"www.arte.unicen.edu.ar\/entodas?id=4853","global_id_lineage":["www.arte.unicen.edu.ar\/entodas?id=4853"]}],"json_ld":{"@context":"http:\/\/schema.org","@type":"Event","name":"Memoria por la Verdad y la Justicia &#8211; Exposici\u00f3n y acto","description":"&lt;p&gt;Exposici\u00f3n y acto en la Escuela de Cer\u00e1mica. &nbsp;&lt;\/p&gt;\\n","url":"https:\/\/www.arte.unicen.edu.ar\/entodas\/?tribe_events=memoria-por-la-verdad-y-la-justicia-exposicion-y-acto","eventAttendanceMode":"https:\/\/schema.org\/OfflineEventAttendanceMode","eventStatus":"https:\/\/schema.org\/EventScheduled","startDate":"2022-03-23T19:00:00-03:00","endDate":"2022-03-23T19:00:00-03:00","location":{"@type":"Place","name":"Escuela de Cer\u00e1mica","description":"","url":"","address":{"@type":"PostalAddress"},"telephone":"","sameAs":""},"organizer":{"@type":"Person","name":"Escuela de Cer\u00e1mica","description":"","url":"","telephone":"","email":"","sameAs":""},"performer":"Organization"}}