{"id":4841,"global_id":"www.arte.unicen.edu.ar\/entodas?id=4841","global_id_lineage":["www.arte.unicen.edu.ar\/entodas?id=4841"],"author":"4","status":"publish","date":"2022-03-22 13:19:24","date_utc":"2022-03-22 16:19:24","modified":"2022-03-22 13:19:24","modified_utc":"2022-03-22 16:19:24","url":"https:\/\/www.arte.unicen.edu.ar\/entodas\/?tribe_events=marzo-por-la-memoria-proyeccion-de-pelicula-vera-no-mas-el-silencio","rest_url":"https:\/\/www.arte.unicen.edu.ar\/entodas\/index.php?rest_route=\/tribe\/events\/v1\/events\/4841","title":"Marzo por la Memoria &#8211; Proyecci\u00f3n de pel\u00edcula &#8220;Vera, no m\u00e1s el silencio&#8221;","description":"<p>Proyecci\u00f3n de pel\u00edcula &#8220;Vera, no m\u00e1s el silencio&#8221;<\/p>\n<p><img loading=\"lazy\" decoding=\"async\" class=\"alignnone wp-image-4842\" src=\"http:\/\/www.arte.unicen.edu.ar\/semanarte\/wp-content\/uploads\/2022\/03\/26-21-300x300.jpg\" alt=\"\" width=\"450\" height=\"450\" \/><\/p>","excerpt":"","slug":"marzo-por-la-memoria-proyeccion-de-pelicula-vera-no-mas-el-silencio","image":false,"all_day":false,"start_date":"2022-03-26 17:00:00","start_date_details":{"year":"2022","month":"03","day":"26","hour":"17","minutes":"00","seconds":"00"},"end_date":"2022-03-26 17:00:00","end_date_details":{"year":"2022","month":"03","day":"26","hour":"17","minutes":"00","seconds":"00"},"utc_start_date":"2022-03-26 20:00:00","utc_start_date_details":{"year":"2022","month":"03","day":"26","hour":"20","minutes":"00","seconds":"00"},"utc_end_date":"2022-03-26 20:00:00","utc_end_date_details":{"year":"2022","month":"03","day":"26","hour":"20","minutes":"00","seconds":"00"},"timezone":"UTC-3","timezone_abbr":"UTC-3","cost":"","cost_details":{"currency_symbol":"","currency_code":"","currency_position":"prefix","values":[]},"website":"","show_map":true,"show_map_link":true,"hide_from_listings":false,"sticky":false,"featured":false,"categories":[],"tags":[],"venue":{"id":4844,"author":"4","status":"publish","date":"2022-03-22 13:19:25","date_utc":"2022-03-22 16:19:25","modified":"2022-03-22 13:19:25","modified_utc":"2022-03-22 16:19:25","url":"https:\/\/www.arte.unicen.edu.ar\/entodas\/?tribe_venue=centro-cultural-atrapasuenos","venue":"Centro Cultural Atrapasue\u00f1os","slug":"centro-cultural-atrapasuenos","json_ld":{"@type":"Place","name":"Centro Cultural Atrapasue\u00f1os","description":"","url":"","address":{"@type":"PostalAddress"},"telephone":"","sameAs":""},"show_map":true,"show_map_link":true,"global_id":"www.arte.unicen.edu.ar\/entodas?id=4844","global_id_lineage":["www.arte.unicen.edu.ar\/entodas?id=4844"]},"organizer":[{"id":4813,"author":"4","status":"publish","date":"2022-03-22 13:06:22","date_utc":"2022-03-22 16:06:22","modified":"2022-03-22 13:06:22","modified_utc":"2022-03-22 16:06:22","url":"https:\/\/www.arte.unicen.edu.ar\/entodas\/?tribe_organizer=cultura-en-red","organizer":"Cultura en Red","slug":"cultura-en-red","json_ld":{"@type":"Person","name":"Cultura en Red","description":"","url":"","telephone":"","email":"","sameAs":""},"global_id":"www.arte.unicen.edu.ar\/entodas?id=4813","global_id_lineage":["www.arte.unicen.edu.ar\/entodas?id=4813"]}],"json_ld":{"@context":"http:\/\/schema.org","@type":"Event","name":"Marzo por la Memoria &#8211; Proyecci\u00f3n de pel\u00edcula &#8220;Vera, no m\u00e1s el silencio&#8221;","description":"&lt;p&gt;Proyecci\u00f3n de pel\u00edcula &quot;Vera, no m\u00e1s el silencio&quot;&lt;\/p&gt;\\n","url":"https:\/\/www.arte.unicen.edu.ar\/entodas\/?tribe_events=marzo-por-la-memoria-proyeccion-de-pelicula-vera-no-mas-el-silencio","eventAttendanceMode":"https:\/\/schema.org\/OfflineEventAttendanceMode","eventStatus":"https:\/\/schema.org\/EventScheduled","startDate":"2022-03-26T17:00:00-03:00","endDate":"2022-03-26T17:00:00-03:00","location":{"@type":"Place","name":"Centro Cultural Atrapasue\u00f1os","description":"","url":"","address":{"@type":"PostalAddress"},"telephone":"","sameAs":""},"organizer":{"@type":"Person","name":"Cultura en Red","description":"","url":"","telephone":"","email":"","sameAs":""},"performer":"Organization"}}