{"id":4831,"global_id":"www.arte.unicen.edu.ar\/entodas?id=4831","global_id_lineage":["www.arte.unicen.edu.ar\/entodas?id=4831"],"author":"4","status":"publish","date":"2022-03-22 13:15:43","date_utc":"2022-03-22 16:15:43","modified":"2022-03-22 13:15:43","modified_utc":"2022-03-22 16:15:43","url":"https:\/\/www.arte.unicen.edu.ar\/entodas\/?tribe_events=marzo-por-la-memoria-proyeccion-cortometraje-cortazar-y-mural-nunca-mas","rest_url":"https:\/\/www.arte.unicen.edu.ar\/entodas\/index.php?rest_route=\/tribe\/events\/v1\/events\/4831","title":"Marzo por la Memoria &#8211; Proyecci\u00f3n cortometraje &#8220;Cort\u00e1zar&#8221; y Mural &#8220;Nunca m\u00e1s&#8221;","description":"<p><img loading=\"lazy\" decoding=\"async\" class=\"alignnone wp-image-4832\" src=\"http:\/\/www.arte.unicen.edu.ar\/semanarte\/wp-content\/uploads\/2022\/03\/26-19-300x300.jpg\" alt=\"\" width=\"450\" height=\"450\" \/><\/p>","excerpt":"","slug":"marzo-por-la-memoria-proyeccion-cortometraje-cortazar-y-mural-nunca-mas","image":false,"all_day":false,"start_date":"2022-03-26 14:00:00","start_date_details":{"year":"2022","month":"03","day":"26","hour":"14","minutes":"00","seconds":"00"},"end_date":"2022-03-26 14:00:00","end_date_details":{"year":"2022","month":"03","day":"26","hour":"14","minutes":"00","seconds":"00"},"utc_start_date":"2022-03-26 17:00:00","utc_start_date_details":{"year":"2022","month":"03","day":"26","hour":"17","minutes":"00","seconds":"00"},"utc_end_date":"2022-03-26 17:00:00","utc_end_date_details":{"year":"2022","month":"03","day":"26","hour":"17","minutes":"00","seconds":"00"},"timezone":"UTC-3","timezone_abbr":"UTC-3","cost":"","cost_details":{"currency_symbol":"","currency_code":"","currency_position":"prefix","values":[]},"website":"","show_map":true,"show_map_link":true,"hide_from_listings":false,"sticky":false,"featured":false,"categories":[],"tags":[],"venue":{"id":4834,"author":"4","status":"publish","date":"2022-03-22 13:15:43","date_utc":"2022-03-22 16:15:43","modified":"2022-03-22 13:15:43","modified_utc":"2022-03-22 16:15:43","url":"https:\/\/www.arte.unicen.edu.ar\/entodas\/?tribe_venue=vientos-de-libertad","venue":"Vientos de Libertad","slug":"vientos-de-libertad","address":"Bas\u00edlico 1571","json_ld":{"@type":"Place","name":"Vientos de Libertad","description":"","url":"","address":{"@type":"PostalAddress","streetAddress":"Bas\u00edlico 1571"},"telephone":"","sameAs":""},"show_map":true,"show_map_link":true,"global_id":"www.arte.unicen.edu.ar\/entodas?id=4834","global_id_lineage":["www.arte.unicen.edu.ar\/entodas?id=4834"]},"organizer":[{"id":4835,"author":"4","status":"publish","date":"2022-03-22 13:15:44","date_utc":"2022-03-22 16:15:44","modified":"2022-03-22 13:15:44","modified_utc":"2022-03-22 16:15:44","url":"https:\/\/www.arte.unicen.edu.ar\/entodas\/?tribe_organizer=vientos-de-libertad","organizer":"Vientos de Libertad","slug":"vientos-de-libertad","json_ld":{"@type":"Person","name":"Vientos de Libertad","description":"","url":"","telephone":"","email":"","sameAs":""},"global_id":"www.arte.unicen.edu.ar\/entodas?id=4835","global_id_lineage":["www.arte.unicen.edu.ar\/entodas?id=4835"]}],"json_ld":{"@context":"http:\/\/schema.org","@type":"Event","name":"Marzo por la Memoria &#8211; Proyecci\u00f3n cortometraje &#8220;Cort\u00e1zar&#8221; y Mural &#8220;Nunca m\u00e1s&#8221;","description":"","url":"https:\/\/www.arte.unicen.edu.ar\/entodas\/?tribe_events=marzo-por-la-memoria-proyeccion-cortometraje-cortazar-y-mural-nunca-mas","eventAttendanceMode":"https:\/\/schema.org\/OfflineEventAttendanceMode","eventStatus":"https:\/\/schema.org\/EventScheduled","startDate":"2022-03-26T14:00:00-03:00","endDate":"2022-03-26T14:00:00-03:00","location":{"@type":"Place","name":"Vientos de Libertad","description":"","url":"","address":{"@type":"PostalAddress","streetAddress":"Bas\u00edlico 1571"},"telephone":"","sameAs":""},"organizer":{"@type":"Person","name":"Vientos de Libertad","description":"","url":"","telephone":"","email":"","sameAs":""},"performer":"Organization"}}