{"id":4724,"global_id":"www.arte.unicen.edu.ar\/entodas?id=4724","global_id_lineage":["www.arte.unicen.edu.ar\/entodas?id=4724"],"author":"4","status":"publish","date":"2022-03-09 12:56:52","date_utc":"2022-03-09 15:56:52","modified":"2022-03-09 12:56:52","modified_utc":"2022-03-09 15:56:52","url":"https:\/\/www.arte.unicen.edu.ar\/entodas\/?tribe_events=8m-semana-violeta-en-el-cdab","rest_url":"https:\/\/www.arte.unicen.edu.ar\/entodas\/index.php?rest_route=\/tribe\/events\/v1\/events\/4724","title":"#8M. Semana Violeta en el CDAB","description":"<p><b>SEMANA VIOLETA en el CDAB<\/b><\/p>\n<p><b>EXHIBICI\u00d3N DE LA BIBLIOTECA ARTE Y DERECHOS en el Hall de la Facultad de Arte.<\/b><\/p>\n<p><span style=\"font-weight: 400\">&#8211; <\/span><span style=\"font-weight: 400\">Exposici\u00f3n y apertura al p\u00fablico de la colecci\u00f3n &#8220;Arte y G\u00e9nero&#8221; <\/span><span style=\"font-weight: 400\"><br \/>\n<\/span><span style=\"font-weight: 400\">&#8211; Muestra audiovisual con contenidos que visibilicen, aborden y\/o reflexionen en torno a g\u00e9nero y diversidades <\/span><span style=\"font-weight: 400\"><br \/>\n<\/span><span style=\"font-weight: 400\">&#8211; Se destinar\u00e1 un espacio en el que los lectores podr\u00e1n intervenir con recomendaciones de libros, fragmentos que los interpelen de aquellos que encuentren en la exposici\u00f3n y deseos\/mensajes sobre el 8M. <\/span><span style=\"font-weight: 400\"><br \/>\n<\/span><span style=\"font-weight: 400\">&#8211; Voces en Ronda &#8211; Fanzines. Escritos de graduadas. \u00c1rea de Formaci\u00f3n Continua.<\/span><\/p>\n<p><span style=\"font-weight: 400\">Organiza: Centro de Documentaci\u00f3n Audiovisual y Biblioteca en coordinaci\u00f3n con Secretar\u00eda Acad\u00e9mica y Secretar\u00eda de Investigaci\u00f3n y Posgrado. <\/span><span style=\"font-weight: 400\">CDAB <\/span><\/p>\n<p><span style=\"font-weight: 400\">cdab@arte.unicen.edu.ar<\/span><\/p>\n<p>&nbsp;<\/p>","excerpt":"","slug":"8m-semana-violeta-en-el-cdab","image":false,"all_day":false,"start_date":"2022-03-07 09:00:00","start_date_details":{"year":"2022","month":"03","day":"07","hour":"09","minutes":"00","seconds":"00"},"end_date":"2022-03-15 15:00:00","end_date_details":{"year":"2022","month":"03","day":"15","hour":"15","minutes":"00","seconds":"00"},"utc_start_date":"2022-03-07 12:00:00","utc_start_date_details":{"year":"2022","month":"03","day":"07","hour":"12","minutes":"00","seconds":"00"},"utc_end_date":"2022-03-15 18:00:00","utc_end_date_details":{"year":"2022","month":"03","day":"15","hour":"18","minutes":"00","seconds":"00"},"timezone":"UTC-3","timezone_abbr":"UTC-3","cost":"","cost_details":{"currency_symbol":"","currency_code":"","currency_position":"prefix","values":[]},"website":"","show_map":true,"show_map_link":true,"hide_from_listings":false,"sticky":false,"featured":false,"categories":[],"tags":[],"venue":{"id":3652,"author":"1","status":"publish","date":"2019-03-27 14:16:38","date_utc":"2019-03-27 17:16:38","modified":"2019-11-06 12:56:31","modified_utc":"2019-11-06 15:56:31","url":"https:\/\/www.arte.unicen.edu.ar\/entodas\/?tribe_venue=faculta-de-arte-unicen","venue":"Facultad de Arte &#8211; Unicen","slug":"faculta-de-arte-unicen","address":"9 de Julio 430","city":"Tandil","country":"Argentina","province":"Provincia de Buenos Aires","zip":"7000","stateprovince":"Provincia de Buenos Aires","json_ld":{"@type":"Place","name":"Facultad de Arte &#8211; Unicen","description":"","url":"","address":{"@type":"PostalAddress","streetAddress":"9 de Julio 430","addressLocality":"Tandil","addressRegion":"Provincia de Buenos Aires","postalCode":"7000","addressCountry":"Argentina"},"telephone":"","sameAs":""},"show_map":true,"show_map_link":true,"global_id":"www.arte.unicen.edu.ar\/entodas?id=3652","global_id_lineage":["www.arte.unicen.edu.ar\/entodas?id=3652"]},"organizer":[{"id":4726,"author":"4","status":"publish","date":"2022-03-09 12:56:53","date_utc":"2022-03-09 15:56:53","modified":"2022-03-09 12:56:53","modified_utc":"2022-03-09 15:56:53","url":"https:\/\/www.arte.unicen.edu.ar\/entodas\/?tribe_organizer=cdab","organizer":"CDAB","slug":"cdab","json_ld":{"@type":"Person","name":"CDAB","description":"","url":"","telephone":"","email":"","sameAs":""},"global_id":"www.arte.unicen.edu.ar\/entodas?id=4726","global_id_lineage":["www.arte.unicen.edu.ar\/entodas?id=4726"]}],"json_ld":{"@context":"http:\/\/schema.org","@type":"Event","name":"#8M. Semana Violeta en el CDAB","description":"&lt;p&gt;SEMANA VIOLETA en el CDAB EXHIBICI\u00d3N DE LA BIBLIOTECA ARTE Y DERECHOS en el Hall de la Facultad de Arte. - Exposici\u00f3n y apertura al p\u00fablico de la colecci\u00f3n &quot;Arte y G\u00e9nero&quot; - Muestra audiovisual con contenidos que visibilicen, aborden y\/o reflexionen en torno a g\u00e9nero y diversidades - Se destinar\u00e1 un espacio en el que los lectores podr\u00e1n intervenir con recomendaciones de libros, fragmentos que los interpelen de aquellos que encuentren en la exposici\u00f3n y deseos\/mensajes sobre el 8M. - Voces en Ronda - Fanzines. Escritos de graduadas. \u00c1rea de Formaci\u00f3n Continua. Organiza: Centro de Documentaci\u00f3n Audiovisual y Biblioteca en coordinaci\u00f3n con Secretar\u00eda Acad\u00e9mica y Secretar\u00eda de Investigaci\u00f3n y Posgrado. CDAB cdab@arte.unicen.edu.ar &nbsp;&lt;\/p&gt;\\n","url":"https:\/\/www.arte.unicen.edu.ar\/entodas\/?tribe_events=8m-semana-violeta-en-el-cdab","eventAttendanceMode":"https:\/\/schema.org\/OfflineEventAttendanceMode","eventStatus":"https:\/\/schema.org\/EventScheduled","startDate":"2022-03-07T09:00:00-03:00","endDate":"2022-03-15T15:00:00-03:00","location":{"@type":"Place","name":"Facultad de Arte &#8211; Unicen","description":"","url":"","address":{"@type":"PostalAddress","streetAddress":"9 de Julio 430","addressLocality":"Tandil","addressRegion":"Provincia de Buenos Aires","postalCode":"7000","addressCountry":"Argentina"},"telephone":"","sameAs":""},"organizer":{"@type":"Person","name":"CDAB","description":"","url":"","telephone":"","email":"","sameAs":""},"performer":"Organization"}}