{"id":4642,"global_id":"www.arte.unicen.edu.ar\/entodas?id=4642","global_id_lineage":["www.arte.unicen.edu.ar\/entodas?id=4642"],"author":"4","status":"publish","date":"2022-03-02 08:37:02","date_utc":"2022-03-02 11:37:02","modified":"2022-03-02 08:37:02","modified_utc":"2022-03-02 11:37:02","url":"https:\/\/www.arte.unicen.edu.ar\/entodas\/?tribe_events=variete","rest_url":"https:\/\/www.arte.unicen.edu.ar\/entodas\/index.php?rest_route=\/tribe\/events\/v1\/events\/4642","title":"VARIET\u00c9","description":"<p><img loading=\"lazy\" decoding=\"async\" class=\"alignnone wp-image-4643\" src=\"http:\/\/www.arte.unicen.edu.ar\/semanarte\/wp-content\/uploads\/2022\/03\/marzo-5-300x300.jpg\" alt=\"\" width=\"450\" height=\"450\" \/><\/p>\n<p>VARIET\u00c9<\/p>\n<p>Apag\u00f3n y nueva fecha !<\/p>\n<p>El 5 de marzo revivimos carnaval en\u00a0<a class=\"oajrlxb2 g5ia77u1 qu0x051f esr5mh6w e9989ue4 r7d6kgcz rq0escxv nhd2j8a9 nc684nl6 p7hjln8o kvgmc6g5 cxmmr5t8 oygrvhab hcukyx3x jb3vyjys rz4wbd8a qt6c0cv9 a8nywdso i1ao9s8h esuyzwwr f1sip0of lzcic4wl gpro0wi8 oo9gr5id lrazzd5p\" role=\"link\" href=\"https:\/\/www.facebook.com\/ArteyParteTandil?__cft__[0]=AZVUeCOV2MPleBrLKJn7rIDa12jVA5oUSOSpYBE_nAYbecwsnn9Dec8iL26oXleTH9e5BovuZOBkTP71fzlmVIGNYVQuHXSnC_LPXXB9p35T4q5X9TPoP4Io9nKTysbhzn0&amp;__tn__=-]K*F\"><span class=\"nc684nl6\">Artey Parte Tandil<\/span><\/a><\/p>\n<p>300$ anticipadas<br \/>\n350 $puerta<br \/>\n200$ ni\u00f1ez<\/p>","excerpt":"","slug":"variete","image":false,"all_day":false,"start_date":"2022-03-05 21:00:00","start_date_details":{"year":"2022","month":"03","day":"05","hour":"21","minutes":"00","seconds":"00"},"end_date":"2022-03-05 21:00:00","end_date_details":{"year":"2022","month":"03","day":"05","hour":"21","minutes":"00","seconds":"00"},"utc_start_date":"2022-03-06 00:00:00","utc_start_date_details":{"year":"2022","month":"03","day":"06","hour":"00","minutes":"00","seconds":"00"},"utc_end_date":"2022-03-03 00:00:00","utc_end_date_details":{"year":"2022","month":"03","day":"03","hour":"00","minutes":"00","seconds":"00"},"timezone":"UTC-3","timezone_abbr":"UTC-3","cost":"","cost_details":{"currency_symbol":"","currency_code":"","currency_position":"prefix","values":[]},"website":"","show_map":true,"show_map_link":true,"hide_from_listings":false,"sticky":false,"featured":false,"categories":[],"tags":[],"venue":[],"organizer":[{"id":3889,"author":"1","status":"publish","date":"2019-05-14 14:47:30","date_utc":"2019-05-14 17:47:30","modified":"2019-05-14 14:47:30","modified_utc":"2019-05-14 17:47:30","url":"https:\/\/www.arte.unicen.edu.ar\/entodas\/?tribe_organizer=centro-cultural-arte-y-parte","organizer":"Centro Cultural Arte y Parte","slug":"centro-cultural-arte-y-parte","phone":"02494 245945","json_ld":{"@type":"Person","name":"Centro Cultural Arte y Parte","description":"","url":"","telephone":"02494 245945","email":"","sameAs":""},"global_id":"www.arte.unicen.edu.ar\/entodas?id=3889","global_id_lineage":["www.arte.unicen.edu.ar\/entodas?id=3889"]},{"id":4645,"author":"4","status":"publish","date":"2022-03-02 08:37:03","date_utc":"2022-03-02 11:37:03","modified":"2022-03-02 08:37:03","modified_utc":"2022-03-02 11:37:03","url":"https:\/\/www.arte.unicen.edu.ar\/entodas\/?tribe_organizer=nace","organizer":"NACE","slug":"nace","website":"https:\/\/www.facebook.com\/nace.tandil\/","json_ld":{"@type":"Person","name":"NACE","description":"","url":"https:\/\/www.facebook.com\/nace.tandil\/","telephone":"","email":"","sameAs":"https:\/\/www.facebook.com\/nace.tandil\/"},"global_id":"www.arte.unicen.edu.ar\/entodas?id=4645","global_id_lineage":["www.arte.unicen.edu.ar\/entodas?id=4645"]}],"json_ld":{"@context":"http:\/\/schema.org","@type":"Event","name":"VARIET\u00c9","description":"&lt;p&gt;VARIET\u00c9 Apag\u00f3n y nueva fecha ! El 5 de marzo revivimos carnaval en\u00a0Artey Parte Tandil 300$ anticipadas 350 $puerta 200$ ni\u00f1ez&lt;\/p&gt;\\n","url":"https:\/\/www.arte.unicen.edu.ar\/entodas\/?tribe_events=variete","eventAttendanceMode":"https:\/\/schema.org\/OfflineEventAttendanceMode","eventStatus":"https:\/\/schema.org\/EventScheduled","startDate":"2022-03-05T21:00:00-03:00","endDate":"2022-03-05T21:00:00-03:00","organizer":{"@type":"Person","name":"Centro Cultural Arte y Parte","description":"","url":"","telephone":"02494 245945","email":"","sameAs":""},"performer":"Organization"}}