{"id":3666,"global_id":"www.arte.unicen.edu.ar\/entodas?id=3666","global_id_lineage":["www.arte.unicen.edu.ar\/entodas?id=3666"],"author":"1","status":"publish","date":"2019-03-28 11:40:45","date_utc":"2019-03-28 14:40:45","modified":"2019-03-28 13:00:52","modified_utc":"2019-03-28 16:00:52","url":"https:\/\/www.arte.unicen.edu.ar\/entodas\/?tribe_events=jornada-de-arqueologia-en-el-museo-del-fuerte","rest_url":"https:\/\/www.arte.unicen.edu.ar\/entodas\/index.php?rest_route=\/tribe\/events\/v1\/events\/3666","title":"Jornada de Arqueolog\u00eda en el Museo del Fuerte","description":"<pre class=\"western\" lang=\"es-ES\"><span style=\"font-family: Arial, sans-serif;\"><span style=\"font-size: small;\">Una vez m\u00e1s, el Museo Hist\u00f3rico Fuerte Independencia abre sus puertas en una tarde especial para compartir su patrimonio con toda la comunidad. <\/span><\/span>\r\n<span style=\"color: #000000;\"><span style=\"font-family: Arial, sans-serif;\"><span style=\"font-size: small;\">Con entrada libre y gratuita, este domingo 31 de marzo se invita a recorrer todas las salas y a introducirse en la colecci\u00f3n arqueol\u00f3gica del museo, con una muestra especial de los avances en el trabajo de catalogaci\u00f3n y registro que se viene desarrollando en el museo. <\/span><\/span><\/span>\r\n<span style=\"color: #000000;\"><span style=\"font-family: Arial, sans-serif;\"><span style=\"font-size: small;\">A las 16:00 hs.\u00a0se podr\u00e1 participar de una visita guiada\u00a0tem\u00e1tica por la colecci\u00f3n de arqueolog\u00eda, a cargo de un antrop\u00f3logo de la Universidad de La Plata. <\/span><\/span><\/span>\r\n<span style=\"font-family: Arial, sans-serif;\"><span style=\"font-size: small;\">Adem\u00e1s\u00a0habr\u00e1\u00a0charlas de especialistas, demostraci\u00f3n de talla,\u00a0entre otras sorpresas\u00a0que tendr\u00e1n lugar a lo largo de la tarde.\u00a0Si el\u00a0clima acompa\u00f1a habr\u00e1 en el patio del museo\u00a0actividades interactivas\u00a0para disfrutar en familia.<\/span><\/span>\r\n<span style=\"color: #000000;\"><span style=\"font-family: Arial, sans-serif;\"><span style=\"font-size: small;\">El cierre estar\u00e1 a cargo del Dr.\u00a0Julio Merlo, arque\u00f3logo a cargo de\u00a0las excavaciones recientes (2018) en la zona del Fuerte Independencia, que nos deleitar\u00e1 con una charla y la presentaci\u00f3n de algunas de las piezas halladas en las excavaciones, que formar\u00e1n luego el parte patrimonio del museo.\u00a0<\/span><\/span><\/span>\r\n<span style=\"color: #000000;\"><span style=\"font-family: Arial, sans-serif;\"><span style=\"font-size: small;\">Con la coordinaci\u00f3n del arque\u00f3logo Fabi\u00e1n de Haro, esta Jornada Abierta de Arqueolog\u00eda es organizada por el MUHFIT\u00a0como parte de sus actividades de difusi\u00f3n patrimonial. <\/span><\/span><\/span><\/pre>\n<ul>\n<li>\n<pre><span style=\"font-family: Arial, sans-serif;\"><span style=\"font-size: small;\"><strong>CRONOGRAMA<\/strong>\r\n16:00 hs Visita guiada \u201cHaciendo hablar al registro arqueol\u00f3gico.\u201d Lic. Piero Bucci. UNLP<\/span><\/span><\/pre>\n<\/li>\n<li>\n<pre><span style=\"font-family: Arial, sans-serif;\"><span style=\"font-size: small;\">16:30 hs \u201c\u00bfC\u00f3mo encontramos sitios arqueol\u00f3gicos? Una mirada desde la arqueolog\u00eda espacial.\u201d Lic. Fabi\u00e1n de Haro - FACSO-UNCPBA<\/span><\/span><\/pre>\n<\/li>\n<li>\n<pre><span style=\"font-family: Calibri, sans-serif;\"><span style=\"font-size: small;\"><span style=\"font-family: Arial, sans-serif;\">17:00 hs Actividades: T\u00e9cnicas de pintura rupestre - Talla de punta de proyectil - Cuadr\u00edcula experimental<\/span><\/span><\/span><\/pre>\n<\/li>\n<li>\n<pre><span style=\"font-family: Calibri, sans-serif;\"><span style=\"font-size: small;\"><span style=\"font-family: Arial, sans-serif;\">17:45 hs \u201cDibujos del pasado: un recorrido por el arte rupestre argentino.\u201d - Dr. Francisco Guich\u00f3n \u2013 CONICET- Instituto Nacional de Antropolog\u00eda y Pensamiento Latinoamericano.<\/span><\/span><\/span><\/pre>\n<\/li>\n<li>\n<pre><span style=\"font-family: Arial, sans-serif;\"><span style=\"font-size: small;\">18:15 hs \u201cEstrategia de caza del guanaco en el pasado de la regi\u00f3n Pampeana.\u201d Dr. Cristian Kauffman - INCUAPA-CONICET.<\/span><\/span><\/pre>\n<\/li>\n<li>\n<pre><span style=\"font-family: Calibri, sans-serif;\"><span style=\"font-size: small;\"><span style=\"font-family: Arial, sans-serif;\">18:45 \u201c12 a\u00f1os de investigaciones. 12.000 a\u00f1os de historia.\u201d <\/span><span style=\"font-family: Arial, sans-serif;\"><span lang=\"en-GB\">Lic. Selene Arislur - IGEHCS. UNCPBA. <\/span><\/span><span style=\"font-family: Arial, sans-serif;\">\u00c1rea de Arqueolog\u00eda y Antropolog\u00eda de la Municipalidad de Necochea. <\/span><\/span><\/span><\/pre>\n<\/li>\n<li>\n<pre><span style=\"font-family: Calibri, sans-serif;\"><span style=\"font-size: small;\"><span style=\"font-family: Arial, sans-serif;\">19:15 hs \u201cLas relaciones inter\u00e9tnicas, mediante las evidencias de piezas arqueol\u00f3gicas halladas en la zona del Fuerte Independencia.\u201d Dr. Julio Merlo - INCUAPA- CONICET -UNCPBA<\/span><\/span><\/span><\/pre>\n<\/li>\n<\/ul>","excerpt":"","slug":"jornada-de-arqueologia-en-el-museo-del-fuerte","image":false,"all_day":false,"start_date":"2019-03-31 16:00:00","start_date_details":{"year":"2019","month":"03","day":"31","hour":"16","minutes":"00","seconds":"00"},"end_date":"2019-03-31 19:30:00","end_date_details":{"year":"2019","month":"03","day":"31","hour":"19","minutes":"30","seconds":"00"},"utc_start_date":"2019-03-31 19:00:00","utc_start_date_details":{"year":"2019","month":"03","day":"31","hour":"19","minutes":"00","seconds":"00"},"utc_end_date":"2019-03-31 22:30:00","utc_end_date_details":{"year":"2019","month":"03","day":"31","hour":"22","minutes":"30","seconds":"00"},"timezone":"UTC-3","timezone_abbr":"UTC-3","cost":"","cost_details":{"currency_symbol":"","currency_code":"","currency_position":"prefix","values":[]},"website":"","show_map":true,"show_map_link":true,"hide_from_listings":false,"sticky":false,"featured":false,"categories":[],"tags":[],"venue":{"id":3675,"author":"1","status":"publish","date":"2019-03-28 12:56:53","date_utc":"2019-03-28 15:56:53","modified":"2019-03-28 13:00:57","modified_utc":"2019-03-28 16:00:57","url":"https:\/\/www.arte.unicen.edu.ar\/entodas\/?tribe_venue=museo-del-fuerte","venue":"Museo Hist\u00f3rico Fuerte Independencia","slug":"museo-del-fuerte","address":"4 de Abril 845","city":"Tandil","country":"Argentina","province":"Provincia de Buenos Aires","zip":"7000","phone":"0249 443-5573","stateprovince":"Provincia de Buenos Aires","json_ld":{"@type":"Place","name":"Museo Hist\u00f3rico Fuerte Independencia","description":"","url":"","address":{"@type":"PostalAddress","streetAddress":"4 de Abril 845","addressLocality":"Tandil","addressRegion":"Provincia de Buenos Aires","postalCode":"7000","addressCountry":"Argentina"},"telephone":"0249 443-5573","sameAs":""},"show_map":true,"show_map_link":true,"global_id":"www.arte.unicen.edu.ar\/entodas?id=3675","global_id_lineage":["www.arte.unicen.edu.ar\/entodas?id=3675"]},"organizer":[{"id":3676,"author":"1","status":"publish","date":"2019-03-28 13:00:52","date_utc":"2019-03-28 16:00:52","modified":"2019-03-28 13:00:52","modified_utc":"2019-03-28 16:00:52","url":"https:\/\/www.arte.unicen.edu.ar\/entodas\/?tribe_organizer=museo-historico-fuerte-independencia","organizer":"Museo Hist\u00f3rico Fuerte Independencia","slug":"museo-historico-fuerte-independencia","phone":"0249 443-5573","json_ld":{"@type":"Person","name":"Museo Hist\u00f3rico Fuerte Independencia","description":"","url":"","telephone":"0249 443-5573","email":"","sameAs":""},"global_id":"www.arte.unicen.edu.ar\/entodas?id=3676","global_id_lineage":["www.arte.unicen.edu.ar\/entodas?id=3676"]}],"json_ld":{"@context":"http:\/\/schema.org","@type":"Event","name":"Jornada de Arqueolog\u00eda en el Museo del Fuerte","description":"&lt;p&gt;Una vez m\u00e1s, el Museo Hist\u00f3rico Fuerte Independencia abre sus puertas en una tarde especial para compartir su patrimonio con toda la comunidad. Con entrada libre y gratuita, este domingo 31 de marzo se invita a recorrer todas las salas y a introducirse en la colecci\u00f3n arqueol\u00f3gica del museo, con una muestra especial de los avances en el trabajo de catalogaci\u00f3n y registro que se viene desarrollando en el museo. A las 16:00 hs.\u00a0se podr\u00e1 participar de una visita guiada\u00a0tem\u00e1tica por la colecci\u00f3n de arqueolog\u00eda, a cargo de un antrop\u00f3logo de la Universidad de La Plata. Adem\u00e1s\u00a0habr\u00e1\u00a0charlas de especialistas, demostraci\u00f3n de talla,\u00a0entre otras sorpresas\u00a0que tendr\u00e1n lugar a lo largo de la tarde.\u00a0Si el\u00a0clima acompa\u00f1a habr\u00e1 en el patio del museo\u00a0actividades interactivas\u00a0para disfrutar en familia. El cierre estar\u00e1 a cargo del Dr.\u00a0Julio Merlo, arque\u00f3logo a cargo de\u00a0las excavaciones recientes (2018) en la zona del Fuerte Independencia, que nos deleitar\u00e1 con una&hellip;&lt;\/p&gt;\\n&lt;p&gt; &lt;a class=&quot;more-link&quot; href=&quot;https:\/\/www.arte.unicen.edu.ar\/entodas\/?tribe_events=jornada-de-arqueologia-en-el-museo-del-fuerte&quot;&gt;Read more&lt;\/a&gt;&lt;\/p&gt;\\n","url":"https:\/\/www.arte.unicen.edu.ar\/entodas\/?tribe_events=jornada-de-arqueologia-en-el-museo-del-fuerte","eventAttendanceMode":"https:\/\/schema.org\/OfflineEventAttendanceMode","eventStatus":"https:\/\/schema.org\/EventScheduled","startDate":"2019-03-31T16:00:00-03:00","endDate":"2019-03-31T19:30:00-03:00","location":{"@type":"Place","name":"Museo Hist\u00f3rico Fuerte Independencia","description":"","url":"","address":{"@type":"PostalAddress","streetAddress":"4 de Abril 845","addressLocality":"Tandil","addressRegion":"Provincia de Buenos Aires","postalCode":"7000","addressCountry":"Argentina"},"telephone":"0249 443-5573","sameAs":""},"organizer":{"@type":"Person","name":"Museo Hist\u00f3rico Fuerte Independencia","description":"","url":"","telephone":"0249 443-5573","email":"","sameAs":""},"performer":"Organization"}}