{"id":12978,"global_id":"www.arte.unicen.edu.ar\/entodas?id=12978","global_id_lineage":["www.arte.unicen.edu.ar\/entodas?id=12978"],"author":"5","status":"publish","date":"2026-03-26 22:29:52","date_utc":"2026-03-27 01:29:52","modified":"2026-03-26 22:29:52","modified_utc":"2026-03-27 01:29:52","url":"https:\/\/www.arte.unicen.edu.ar\/entodas\/?tribe_events=falcon-verde-diario-de-plaza-moreno-escena-teatral","rest_url":"https:\/\/www.arte.unicen.edu.ar\/entodas\/index.php?rest_route=\/tribe\/events\/v1\/events\/12978","title":"FALCON VERDE &#8211; Diario de plaza Moreno. Escena teatral","description":"<p><img loading=\"lazy\" decoding=\"async\" class=\"size-medium wp-image-12969 aligncenter\" src=\"https:\/\/www.arte.unicen.edu.ar\/entodas\/wp-content\/uploads\/2026\/03\/WhatsApp-Image-2026-03-26-at-09.09.52-240x300.jpeg\" alt=\"\" width=\"240\" height=\"300\" srcset=\"https:\/\/www.arte.unicen.edu.ar\/entodas\/wp-content\/uploads\/2026\/03\/WhatsApp-Image-2026-03-26-at-09.09.52-240x300.jpeg 240w, https:\/\/www.arte.unicen.edu.ar\/entodas\/wp-content\/uploads\/2026\/03\/WhatsApp-Image-2026-03-26-at-09.09.52-640x800.jpeg 640w, https:\/\/www.arte.unicen.edu.ar\/entodas\/wp-content\/uploads\/2026\/03\/WhatsApp-Image-2026-03-26-at-09.09.52-768x960.jpeg 768w, https:\/\/www.arte.unicen.edu.ar\/entodas\/wp-content\/uploads\/2026\/03\/WhatsApp-Image-2026-03-26-at-09.09.52.jpeg 1080w\" sizes=\"(max-width: 240px) 100vw, 240px\" \/><\/p>\n<p>A 50 a\u00f1os del golpe de 1976, nos encontramos en la plaza para recordar, recorrer y resignificar lo que nos habita y lo que nos falta.<\/p>\n<p>\ud83c\udf33Diario de Plaza Moreno \u2013 Cap\u00edtulo II: \u201cFalcon Verde\u201d<br \/>\n\ud83d\uddd3 Viernes 27\/3 \u2013 22 y 23 hs<br \/>\n\ud83d\udccdConstitucion 271<br \/>\n\ud83d\udd16 A contribuci\u00f3n voluntaria.<\/p>\n<p>Act\u00faan Anal\u00eda R\u00edos, Miguel Guffanti, Ornella Di Spalatro, Mariano Cesaroni, Leandro Ledesma y Pablo Mourrut de Beauverger.<br \/>\nAsistencia de direcci\u00f3n: Gina Biagioli.<br \/>\nDirecci\u00f3n: Luc\u00eda Salas.<\/p>\n<p>_Memoria viva en el territorio._\ud83e\udeb2<\/p>","excerpt":"","slug":"falcon-verde-diario-de-plaza-moreno-escena-teatral","image":{"url":"https:\/\/www.arte.unicen.edu.ar\/entodas\/wp-content\/uploads\/2026\/03\/WhatsApp-Image-2026-03-26-at-09.09.52.jpeg","id":12969,"extension":"jpeg","width":1080,"height":1350,"filesize":303979,"sizes":{"medium":{"width":240,"height":300,"mime-type":"image\/jpeg","filesize":24622,"url":"https:\/\/www.arte.unicen.edu.ar\/entodas\/wp-content\/uploads\/2026\/03\/WhatsApp-Image-2026-03-26-at-09.09.52-240x300.jpeg"},"large":{"width":640,"height":800,"mime-type":"image\/jpeg","filesize":147362,"url":"https:\/\/www.arte.unicen.edu.ar\/entodas\/wp-content\/uploads\/2026\/03\/WhatsApp-Image-2026-03-26-at-09.09.52-640x800.jpeg"},"thumbnail":{"width":390,"height":218,"mime-type":"image\/jpeg","filesize":28698,"url":"https:\/\/www.arte.unicen.edu.ar\/entodas\/wp-content\/uploads\/2026\/03\/WhatsApp-Image-2026-03-26-at-09.09.52-390x218.jpeg"},"medium_large":{"width":768,"height":960,"mime-type":"image\/jpeg","filesize":201026,"url":"https:\/\/www.arte.unicen.edu.ar\/entodas\/wp-content\/uploads\/2026\/03\/WhatsApp-Image-2026-03-26-at-09.09.52-768x960.jpeg"}}},"all_day":false,"start_date":"2026-03-27 22:00:00","start_date_details":{"year":"2026","month":"03","day":"27","hour":"22","minutes":"00","seconds":"00"},"end_date":"2026-03-27 23:00:00","end_date_details":{"year":"2026","month":"03","day":"27","hour":"23","minutes":"00","seconds":"00"},"utc_start_date":"2026-03-28 01:00:00","utc_start_date_details":{"year":"2026","month":"03","day":"28","hour":"01","minutes":"00","seconds":"00"},"utc_end_date":"2026-03-28 02:00:00","utc_end_date_details":{"year":"2026","month":"03","day":"28","hour":"02","minutes":"00","seconds":"00"},"timezone":"UTC-3","timezone_abbr":"UTC-3","cost":"","cost_details":{"currency_symbol":"","currency_code":"","currency_position":"prefix","values":[]},"website":"","show_map":true,"show_map_link":true,"hide_from_listings":false,"sticky":false,"featured":false,"categories":[],"tags":[],"venue":[],"organizer":[],"json_ld":{"@context":"http:\/\/schema.org","@type":"Event","name":"FALCON VERDE &#8211; Diario de plaza Moreno. Escena teatral","description":"&lt;p&gt;A 50 a\u00f1os del golpe de 1976, nos encontramos en la plaza para recordar, recorrer y resignificar lo que nos habita y lo que nos falta. \ud83c\udf33Diario de Plaza Moreno \u2013 Cap\u00edtulo II: \u201cFalcon Verde\u201d \ud83d\uddd3 Viernes 27\/3 \u2013 22 y 23 hs \ud83d\udccdConstitucion 271 \ud83d\udd16 A contribuci\u00f3n voluntaria. Act\u00faan Anal\u00eda R\u00edos, Miguel Guffanti, Ornella Di Spalatro, Mariano Cesaroni, Leandro Ledesma y Pablo Mourrut de Beauverger. Asistencia de direcci\u00f3n: Gina Biagioli. Direcci\u00f3n: Luc\u00eda Salas. _Memoria viva en el territorio._\ud83e\udeb2&lt;\/p&gt;\\n","image":"https:\/\/www.arte.unicen.edu.ar\/entodas\/wp-content\/uploads\/2026\/03\/WhatsApp-Image-2026-03-26-at-09.09.52.jpeg","url":"https:\/\/www.arte.unicen.edu.ar\/entodas\/?tribe_events=falcon-verde-diario-de-plaza-moreno-escena-teatral","eventAttendanceMode":"https:\/\/schema.org\/OfflineEventAttendanceMode","eventStatus":"https:\/\/schema.org\/EventScheduled","startDate":"2026-03-27T22:00:00-03:00","endDate":"2026-03-27T23:00:00-03:00","performer":"Organization"}}