{"id":12896,"global_id":"www.arte.unicen.edu.ar\/entodas?id=12896","global_id_lineage":["www.arte.unicen.edu.ar\/entodas?id=12896"],"author":"5","status":"publish","date":"2026-03-12 11:31:55","date_utc":"2026-03-12 14:31:55","modified":"2026-03-12 11:31:55","modified_utc":"2026-03-12 14:31:55","url":"https:\/\/www.arte.unicen.edu.ar\/entodas\/?tribe_events=noches-de-cuenteria-cuentos-relatos-y-musica","rest_url":"https:\/\/www.arte.unicen.edu.ar\/entodas\/index.php?rest_route=\/tribe\/events\/v1\/events\/12896","title":"NOCHES DE CUENTER\u00cdA &#8211; Cuentos, relatos y m\u00fasica.","description":"<p><img loading=\"lazy\" decoding=\"async\" class=\"size-medium wp-image-12905 aligncenter\" src=\"https:\/\/www.arte.unicen.edu.ar\/entodas\/wp-content\/uploads\/2026\/03\/WhatsApp-Image-2026-03-12-at-10.30.16-255x300.jpeg\" alt=\"\" width=\"255\" height=\"300\" srcset=\"https:\/\/www.arte.unicen.edu.ar\/entodas\/wp-content\/uploads\/2026\/03\/WhatsApp-Image-2026-03-12-at-10.30.16-255x300.jpeg 255w, https:\/\/www.arte.unicen.edu.ar\/entodas\/wp-content\/uploads\/2026\/03\/WhatsApp-Image-2026-03-12-at-10.30.16-680x800.jpeg 680w, https:\/\/www.arte.unicen.edu.ar\/entodas\/wp-content\/uploads\/2026\/03\/WhatsApp-Image-2026-03-12-at-10.30.16-768x904.jpeg 768w, https:\/\/www.arte.unicen.edu.ar\/entodas\/wp-content\/uploads\/2026\/03\/WhatsApp-Image-2026-03-12-at-10.30.16.jpeg 1080w\" sizes=\"(max-width: 255px) 100vw, 255px\" \/><\/p>\n<p>El pr\u00f3ximo domingo 15 de marzo vuelve Noches de Cuenter\u00eda, en su quinta temporada, con una nueva noche de historias \u2728<\/p>\n<p>En esta ocasi\u00f3n, Julita Esquibel recibe como invitada a Juli Moreno, y la velada suma adem\u00e1s m\u00fasica latinoamericana en vivo a cargo de D\u00fao A\u00e7a\u00ed.<\/p>\n<p>Una noche para escuchar, imaginar y dejarse llevar por las historias.<\/p>\n<p>\ud83c\udfa9 Entrada a la gorra<br \/>\n\ud83d\udcf2 Reservas: 2494 605090<\/p>\n<p>&nbsp;<\/p>","excerpt":"","slug":"noches-de-cuenteria-cuentos-relatos-y-musica","image":{"url":"https:\/\/www.arte.unicen.edu.ar\/entodas\/wp-content\/uploads\/2026\/03\/WhatsApp-Image-2026-03-12-at-10.30.16.jpeg","id":12905,"extension":"jpeg","width":1080,"height":1271,"filesize":135979,"sizes":{"medium":{"width":255,"height":300,"mime-type":"image\/jpeg","filesize":19750,"url":"https:\/\/www.arte.unicen.edu.ar\/entodas\/wp-content\/uploads\/2026\/03\/WhatsApp-Image-2026-03-12-at-10.30.16-255x300.jpeg"},"large":{"width":680,"height":800,"mime-type":"image\/jpeg","filesize":83293,"url":"https:\/\/www.arte.unicen.edu.ar\/entodas\/wp-content\/uploads\/2026\/03\/WhatsApp-Image-2026-03-12-at-10.30.16-680x800.jpeg"},"thumbnail":{"width":390,"height":218,"mime-type":"image\/jpeg","filesize":13826,"url":"https:\/\/www.arte.unicen.edu.ar\/entodas\/wp-content\/uploads\/2026\/03\/WhatsApp-Image-2026-03-12-at-10.30.16-390x218.jpeg"},"medium_large":{"width":768,"height":904,"mime-type":"image\/jpeg","filesize":99446,"url":"https:\/\/www.arte.unicen.edu.ar\/entodas\/wp-content\/uploads\/2026\/03\/WhatsApp-Image-2026-03-12-at-10.30.16-768x904.jpeg"}}},"all_day":false,"start_date":"2026-03-15 20:00:00","start_date_details":{"year":"2026","month":"03","day":"15","hour":"20","minutes":"00","seconds":"00"},"end_date":"2026-03-15 20:00:00","end_date_details":{"year":"2026","month":"03","day":"15","hour":"20","minutes":"00","seconds":"00"},"utc_start_date":"2026-03-15 23:00:00","utc_start_date_details":{"year":"2026","month":"03","day":"15","hour":"23","minutes":"00","seconds":"00"},"utc_end_date":"2026-03-15 23:00:00","utc_end_date_details":{"year":"2026","month":"03","day":"15","hour":"23","minutes":"00","seconds":"00"},"timezone":"UTC-3","timezone_abbr":"UTC-3","cost":"","cost_details":{"currency_symbol":"","currency_code":"","currency_position":"prefix","values":[]},"website":"","show_map":true,"show_map_link":true,"hide_from_listings":false,"sticky":false,"featured":false,"categories":[],"tags":[],"venue":{"id":9167,"author":"5","status":"publish","date":"2024-06-27 10:35:35","date_utc":"2024-06-27 13:35:35","modified":"2024-06-27 10:35:35","modified_utc":"2024-06-27 13:35:35","url":"https:\/\/www.arte.unicen.edu.ar\/entodas\/?tribe_venue=patio-de-alondras","venue":"Patio de Alondras","slug":"patio-de-alondras","address":"Alberdi 537","city":"Tandil","country":"Argentina","province":"Buenos Aires","zip":"7000","phone":"249 462 9522","stateprovince":"Buenos Aires","json_ld":{"@type":"Place","name":"Patio de Alondras","description":"","url":"","address":{"@type":"PostalAddress","streetAddress":"Alberdi 537","addressLocality":"Tandil","addressRegion":"Buenos Aires","postalCode":"7000","addressCountry":"Argentina"},"telephone":"249 462 9522","sameAs":""},"show_map":true,"show_map_link":true,"global_id":"www.arte.unicen.edu.ar\/entodas?id=9167","global_id_lineage":["www.arte.unicen.edu.ar\/entodas?id=9167"]},"organizer":[],"json_ld":{"@context":"http:\/\/schema.org","@type":"Event","name":"NOCHES DE CUENTER\u00cdA &#8211; Cuentos, relatos y m\u00fasica.","description":"&lt;p&gt;El pr\u00f3ximo domingo 15 de marzo vuelve Noches de Cuenter\u00eda, en su quinta temporada, con una nueva noche de historias \u2728 En esta ocasi\u00f3n, Julita Esquibel recibe como invitada a Juli Moreno, y la velada suma adem\u00e1s m\u00fasica latinoamericana en vivo a cargo de D\u00fao A\u00e7a\u00ed. Una noche para escuchar, imaginar y dejarse llevar por las historias. \ud83c\udfa9 Entrada a la gorra \ud83d\udcf2 Reservas: 2494 605090 &nbsp;&lt;\/p&gt;\\n","image":"https:\/\/www.arte.unicen.edu.ar\/entodas\/wp-content\/uploads\/2026\/03\/WhatsApp-Image-2026-03-12-at-10.30.16.jpeg","url":"https:\/\/www.arte.unicen.edu.ar\/entodas\/?tribe_events=noches-de-cuenteria-cuentos-relatos-y-musica","eventAttendanceMode":"https:\/\/schema.org\/OfflineEventAttendanceMode","eventStatus":"https:\/\/schema.org\/EventScheduled","startDate":"2026-03-15T20:00:00-03:00","endDate":"2026-03-15T20:00:00-03:00","location":{"@type":"Place","name":"Patio de Alondras","description":"","url":"","address":{"@type":"PostalAddress","streetAddress":"Alberdi 537","addressLocality":"Tandil","addressRegion":"Buenos Aires","postalCode":"7000","addressCountry":"Argentina"},"telephone":"249 462 9522","sameAs":""},"performer":"Organization"}}