{"id":12853,"global_id":"www.arte.unicen.edu.ar\/entodas?id=12853","global_id_lineage":["www.arte.unicen.edu.ar\/entodas?id=12853"],"author":"5","status":"publish","date":"2026-03-06 09:32:36","date_utc":"2026-03-06 12:32:36","modified":"2026-03-06 09:32:36","modified_utc":"2026-03-06 12:32:36","url":"https:\/\/www.arte.unicen.edu.ar\/entodas\/?tribe_events=diario-de-plaza-moreno-teatro-y-literatura-en-la-plaza-moreno","rest_url":"https:\/\/www.arte.unicen.edu.ar\/entodas\/index.php?rest_route=\/tribe\/events\/v1\/events\/12853","title":"DIARIO DE PLAZA MORENO &#8211; Teatro y literatura en la Plaza Moreno","description":"<p><img loading=\"lazy\" decoding=\"async\" class=\"size-medium wp-image-12854 aligncenter\" src=\"https:\/\/www.arte.unicen.edu.ar\/entodas\/wp-content\/uploads\/2026\/03\/WhatsApp-Image-2026-03-05-at-11.19.03-168x300.jpeg\" alt=\"\" width=\"168\" height=\"300\" srcset=\"https:\/\/www.arte.unicen.edu.ar\/entodas\/wp-content\/uploads\/2026\/03\/WhatsApp-Image-2026-03-05-at-11.19.03-168x300.jpeg 168w, https:\/\/www.arte.unicen.edu.ar\/entodas\/wp-content\/uploads\/2026\/03\/WhatsApp-Image-2026-03-05-at-11.19.03-448x800.jpeg 448w, https:\/\/www.arte.unicen.edu.ar\/entodas\/wp-content\/uploads\/2026\/03\/WhatsApp-Image-2026-03-05-at-11.19.03-768x1371.jpeg 768w, https:\/\/www.arte.unicen.edu.ar\/entodas\/wp-content\/uploads\/2026\/03\/WhatsApp-Image-2026-03-05-at-11.19.03.jpeg 852w\" sizes=\"(max-width: 168px) 100vw, 168px\" \/><\/p>\n<p>\ud83c\udfad Este s\u00e1bado 7 a las 19 vuelve<br \/>\nDIARIO DE PLAZA MORENO<br \/>\nCap\u00edtulo I &#8211; Carnaval\ud83c\udf8a<\/p>\n<p>\ud83c\udff5\ufe0f Versi\u00f3n libre del \u00e1lbum de historietas de Ra\u00fal O. Echegaray y Ricardo J. L. Garijo. Ideada y creada por el Grupo El Escarabajo.<\/p>\n<p>\ud83c\udff5\ufe0f Una experiencia situada que re\u00fane en clave po\u00e9tica y en el espacio p\u00fablico, teatro, literatura y patrimonio.<\/p>\n<p>\ud83c\udff5\ufe0f Cupos limitados\u203c\ufe0f Reserv\u00e1 tu lugar al 2494518142 \ud83e\ude80<\/p>\n<p>\ud83c\udff5\ufe0f Seguinos en Instagram! @elescarabajo.grupo<\/p>\n<p>Gracias! \ud83e\udeb2<\/p>","excerpt":"","slug":"diario-de-plaza-moreno-teatro-y-literatura-en-la-plaza-moreno","image":{"url":"https:\/\/www.arte.unicen.edu.ar\/entodas\/wp-content\/uploads\/2026\/03\/WhatsApp-Image-2026-03-05-at-11.19.03.jpeg","id":12854,"extension":"jpeg","width":852,"height":1521,"filesize":401609,"sizes":{"medium":{"width":168,"height":300,"mime-type":"image\/jpeg","filesize":19512,"url":"https:\/\/www.arte.unicen.edu.ar\/entodas\/wp-content\/uploads\/2026\/03\/WhatsApp-Image-2026-03-05-at-11.19.03-168x300.jpeg"},"large":{"width":448,"height":800,"mime-type":"image\/jpeg","filesize":108475,"url":"https:\/\/www.arte.unicen.edu.ar\/entodas\/wp-content\/uploads\/2026\/03\/WhatsApp-Image-2026-03-05-at-11.19.03-448x800.jpeg"},"thumbnail":{"width":390,"height":218,"mime-type":"image\/jpeg","filesize":28988,"url":"https:\/\/www.arte.unicen.edu.ar\/entodas\/wp-content\/uploads\/2026\/03\/WhatsApp-Image-2026-03-05-at-11.19.03-390x218.jpeg"},"medium_large":{"width":768,"height":1371,"mime-type":"image\/jpeg","filesize":262505,"url":"https:\/\/www.arte.unicen.edu.ar\/entodas\/wp-content\/uploads\/2026\/03\/WhatsApp-Image-2026-03-05-at-11.19.03-768x1371.jpeg"}}},"all_day":false,"start_date":"2026-03-07 19:00:00","start_date_details":{"year":"2026","month":"03","day":"07","hour":"19","minutes":"00","seconds":"00"},"end_date":"2026-03-07 19:00:00","end_date_details":{"year":"2026","month":"03","day":"07","hour":"19","minutes":"00","seconds":"00"},"utc_start_date":"2026-03-07 22:00:00","utc_start_date_details":{"year":"2026","month":"03","day":"07","hour":"22","minutes":"00","seconds":"00"},"utc_end_date":"2026-03-07 22:00:00","utc_end_date_details":{"year":"2026","month":"03","day":"07","hour":"22","minutes":"00","seconds":"00"},"timezone":"UTC-3","timezone_abbr":"UTC-3","cost":"","cost_details":{"currency_symbol":"","currency_code":"","currency_position":"prefix","values":[]},"website":"","show_map":true,"show_map_link":true,"hide_from_listings":false,"sticky":false,"featured":false,"categories":[],"tags":[],"venue":[],"organizer":[],"json_ld":{"@context":"http:\/\/schema.org","@type":"Event","name":"DIARIO DE PLAZA MORENO &#8211; Teatro y literatura en la Plaza Moreno","description":"&lt;p&gt;\ud83c\udfad Este s\u00e1bado 7 a las 19 vuelve DIARIO DE PLAZA MORENO Cap\u00edtulo I - Carnaval\ud83c\udf8a \ud83c\udff5\ufe0f Versi\u00f3n libre del \u00e1lbum de historietas de Ra\u00fal O. Echegaray y Ricardo J. L. Garijo. Ideada y creada por el Grupo El Escarabajo. \ud83c\udff5\ufe0f Una experiencia situada que re\u00fane en clave po\u00e9tica y en el espacio p\u00fablico, teatro, literatura y patrimonio. \ud83c\udff5\ufe0f Cupos limitados\u203c\ufe0f Reserv\u00e1 tu lugar al 2494518142 \ud83e\ude80 \ud83c\udff5\ufe0f Seguinos en Instagram! @elescarabajo.grupo Gracias! \ud83e\udeb2&lt;\/p&gt;\\n","image":"https:\/\/www.arte.unicen.edu.ar\/entodas\/wp-content\/uploads\/2026\/03\/WhatsApp-Image-2026-03-05-at-11.19.03.jpeg","url":"https:\/\/www.arte.unicen.edu.ar\/entodas\/?tribe_events=diario-de-plaza-moreno-teatro-y-literatura-en-la-plaza-moreno","eventAttendanceMode":"https:\/\/schema.org\/OfflineEventAttendanceMode","eventStatus":"https:\/\/schema.org\/EventScheduled","startDate":"2026-03-07T19:00:00-03:00","endDate":"2026-03-07T19:00:00-03:00","performer":"Organization"}}