{"id":12740,"global_id":"www.arte.unicen.edu.ar\/entodas?id=12740","global_id_lineage":["www.arte.unicen.edu.ar\/entodas?id=12740"],"author":"5","status":"publish","date":"2025-11-28 11:37:00","date_utc":"2025-11-28 14:37:00","modified":"2025-11-28 11:37:00","modified_utc":"2025-11-28 14:37:00","url":"https:\/\/www.arte.unicen.edu.ar\/entodas\/?tribe_events=los-10-de-mondo-teatro-musica-y-fiesta","rest_url":"https:\/\/www.arte.unicen.edu.ar\/entodas\/index.php?rest_route=\/tribe\/events\/v1\/events\/12740","title":"LOS 10 DE MONDO &#8211; Teatro, m\u00fasica y fiesta","description":"<p><img loading=\"lazy\" decoding=\"async\" class=\"size-medium wp-image-12723 aligncenter\" src=\"https:\/\/www.arte.unicen.edu.ar\/entodas\/wp-content\/uploads\/2025\/11\/WhatsApp-Image-2025-11-26-at-10.45.18-225x300.jpeg\" alt=\"\" width=\"225\" height=\"300\" srcset=\"https:\/\/www.arte.unicen.edu.ar\/entodas\/wp-content\/uploads\/2025\/11\/WhatsApp-Image-2025-11-26-at-10.45.18-225x300.jpeg 225w, https:\/\/www.arte.unicen.edu.ar\/entodas\/wp-content\/uploads\/2025\/11\/WhatsApp-Image-2025-11-26-at-10.45.18-600x800.jpeg 600w, https:\/\/www.arte.unicen.edu.ar\/entodas\/wp-content\/uploads\/2025\/11\/WhatsApp-Image-2025-11-26-at-10.45.18-768x1024.jpeg 768w, https:\/\/www.arte.unicen.edu.ar\/entodas\/wp-content\/uploads\/2025\/11\/WhatsApp-Image-2025-11-26-at-10.45.18.jpeg 1080w\" sizes=\"(max-width: 225px) 100vw, 225px\" \/><\/p>\n<p>\ud83c\udf89 \u00a1Proyecto Mondo cumple 10 a\u00f1os!<br \/>\nY lo festejan como corresponde: con teatro, m\u00fasica, artes visuales, invitados de lujo y fiesta hasta abajo \ud83d\udd25\ud83e\udd73<\/p>\n<p>Este viernes 28 de noviembre a las 21:30 hs, el <a class=\"x1i10hfl xjbqb8w x1ejq31n x18oe1m7 x1sy0etr xstzfhl x972fbf x10w94by x1qhh985 x14e42zd x9f619 x1ypdohk xt0psk2 x3ct3a4 xdj266r x14z9mp xat24cr x1lziwak xexx8yu xyri2b x18d9i69 x1c1uobl x16tdsg8 x1hl2dhg xggy1nq x1a2a7pz notranslate _a6hd\" role=\"link\" href=\"https:\/\/www.instagram.com\/salondanestandil\/\">@salondanestandil<\/a> se llena de color, energ\u00eda y cele braci\u00f3n para repasar una d\u00e9cada de viajes, obras, amistades y creaci\u00f3n colectiva.<br \/>\nUn recorrido que empez\u00f3 en una mesa, sigui\u00f3 por Latinoam\u00e9rica y hoy vuelve a Tandil para brindar por todo lo vivido. \u2728<\/p>\n<p>\ud83c\udf1f Artistas invitadxs:<br \/>\nC\u00eda. Donam\u00f3bile \u2022 Aurelia Jones \u2022 AndreLo \u2022 Nico Ilustraciones \u2022 La Mamba<\/p>\n<p>\ud83d\udcf2 Contacto: 2494 57 29 48<\/p>\n<p>Ven\u00ed a gozar, a celebrar y a pedir deseos con la gran fiesta de <a class=\"x1i10hfl xjbqb8w x1ejq31n x18oe1m7 x1sy0etr xstzfhl x972fbf x10w94by x1qhh985 x14e42zd x9f619 x1ypdohk xt0psk2 x3ct3a4 xdj266r x14z9mp xat24cr x1lziwak xexx8yu xyri2b x18d9i69 x1c1uobl x16tdsg8 x1hl2dhg xggy1nq x1a2a7pz notranslate _a6hd\" role=\"link\" href=\"https:\/\/www.instagram.com\/proyecto_mondo\/\">@proyecto_mondo<\/a> \ud83c\udf87\ud83d\udc9b<\/p>\n<p>&nbsp;<\/p>","excerpt":"","slug":"los-10-de-mondo-teatro-musica-y-fiesta","image":{"url":"https:\/\/www.arte.unicen.edu.ar\/entodas\/wp-content\/uploads\/2025\/11\/WhatsApp-Image-2025-11-26-at-10.45.18.jpeg","id":12723,"extension":"jpeg","width":1080,"height":1440,"filesize":307713,"sizes":{"medium":{"width":225,"height":300,"mime-type":"image\/jpeg","filesize":17046,"url":"https:\/\/www.arte.unicen.edu.ar\/entodas\/wp-content\/uploads\/2025\/11\/WhatsApp-Image-2025-11-26-at-10.45.18-225x300.jpeg"},"large":{"width":600,"height":800,"mime-type":"image\/jpeg","filesize":76149,"url":"https:\/\/www.arte.unicen.edu.ar\/entodas\/wp-content\/uploads\/2025\/11\/WhatsApp-Image-2025-11-26-at-10.45.18-600x800.jpeg"},"thumbnail":{"width":390,"height":218,"mime-type":"image\/jpeg","filesize":15989,"url":"https:\/\/www.arte.unicen.edu.ar\/entodas\/wp-content\/uploads\/2025\/11\/WhatsApp-Image-2025-11-26-at-10.45.18-390x218.jpeg"},"medium_large":{"width":768,"height":1024,"mime-type":"image\/jpeg","filesize":109759,"url":"https:\/\/www.arte.unicen.edu.ar\/entodas\/wp-content\/uploads\/2025\/11\/WhatsApp-Image-2025-11-26-at-10.45.18-768x1024.jpeg"}}},"all_day":false,"start_date":"2025-11-28 21:30:00","start_date_details":{"year":"2025","month":"11","day":"28","hour":"21","minutes":"30","seconds":"00"},"end_date":"2025-11-28 21:30:00","end_date_details":{"year":"2025","month":"11","day":"28","hour":"21","minutes":"30","seconds":"00"},"utc_start_date":"2025-11-29 00:30:00","utc_start_date_details":{"year":"2025","month":"11","day":"29","hour":"00","minutes":"30","seconds":"00"},"utc_end_date":"2025-11-29 00:30:00","utc_end_date_details":{"year":"2025","month":"11","day":"29","hour":"00","minutes":"30","seconds":"00"},"timezone":"UTC-3","timezone_abbr":"UTC-3","cost":"","cost_details":{"currency_symbol":"","currency_code":"","currency_position":"prefix","values":[]},"website":"","show_map":true,"show_map_link":true,"hide_from_listings":false,"sticky":false,"featured":false,"categories":[],"tags":[],"venue":[],"organizer":[],"json_ld":{"@context":"http:\/\/schema.org","@type":"Event","name":"LOS 10 DE MONDO &#8211; Teatro, m\u00fasica y fiesta","description":"&lt;p&gt;\ud83c\udf89 \u00a1Proyecto Mondo cumple 10 a\u00f1os! Y lo festejan como corresponde: con teatro, m\u00fasica, artes visuales, invitados de lujo y fiesta hasta abajo \ud83d\udd25\ud83e\udd73 Este viernes 28 de noviembre a las 21:30 hs, el @salondanestandil se llena de color, energ\u00eda y cele braci\u00f3n para repasar una d\u00e9cada de viajes, obras, amistades y creaci\u00f3n colectiva. Un recorrido que empez\u00f3 en una mesa, sigui\u00f3 por Latinoam\u00e9rica y hoy vuelve a Tandil para brindar por todo lo vivido. \u2728 \ud83c\udf1f Artistas invitadxs: C\u00eda. Donam\u00f3bile \u2022 Aurelia Jones \u2022 AndreLo \u2022 Nico Ilustraciones \u2022 La Mamba \ud83d\udcf2 Contacto: 2494 57 29 48 Ven\u00ed a gozar, a celebrar y a pedir deseos con la gran fiesta de @proyecto_mondo \ud83c\udf87\ud83d\udc9b &nbsp;&lt;\/p&gt;\\n","image":"https:\/\/www.arte.unicen.edu.ar\/entodas\/wp-content\/uploads\/2025\/11\/WhatsApp-Image-2025-11-26-at-10.45.18.jpeg","url":"https:\/\/www.arte.unicen.edu.ar\/entodas\/?tribe_events=los-10-de-mondo-teatro-musica-y-fiesta","eventAttendanceMode":"https:\/\/schema.org\/OfflineEventAttendanceMode","eventStatus":"https:\/\/schema.org\/EventScheduled","startDate":"2025-11-28T21:30:00-03:00","endDate":"2025-11-28T21:30:00-03:00","performer":"Organization"}}