{"id":12686,"global_id":"www.arte.unicen.edu.ar\/entodas?id=12686","global_id_lineage":["www.arte.unicen.edu.ar\/entodas?id=12686"],"author":"5","status":"publish","date":"2025-11-20 16:21:56","date_utc":"2025-11-20 19:21:56","modified":"2025-11-20 16:21:56","modified_utc":"2025-11-20 19:21:56","url":"https:\/\/www.arte.unicen.edu.ar\/entodas\/?tribe_events=el-naides-circo-teatro","rest_url":"https:\/\/www.arte.unicen.edu.ar\/entodas\/index.php?rest_route=\/tribe\/events\/v1\/events\/12686","title":"EL NAIDES &#8211; Circo &#8211; Teatro","description":"<p><img loading=\"lazy\" decoding=\"async\" class=\"size-medium wp-image-12687 aligncenter\" src=\"https:\/\/www.arte.unicen.edu.ar\/entodas\/wp-content\/uploads\/2025\/11\/WhatsApp-Image-2025-11-19-at-21.54.51-242x300.jpeg\" alt=\"\" width=\"242\" height=\"300\" srcset=\"https:\/\/www.arte.unicen.edu.ar\/entodas\/wp-content\/uploads\/2025\/11\/WhatsApp-Image-2025-11-19-at-21.54.51-242x300.jpeg 242w, https:\/\/www.arte.unicen.edu.ar\/entodas\/wp-content\/uploads\/2025\/11\/WhatsApp-Image-2025-11-19-at-21.54.51-645x800.jpeg 645w, https:\/\/www.arte.unicen.edu.ar\/entodas\/wp-content\/uploads\/2025\/11\/WhatsApp-Image-2025-11-19-at-21.54.51-768x953.jpeg 768w, https:\/\/www.arte.unicen.edu.ar\/entodas\/wp-content\/uploads\/2025\/11\/WhatsApp-Image-2025-11-19-at-21.54.51.jpeg 851w\" sizes=\"(max-width: 242px) 100vw, 242px\" \/><\/p>\n<p>El Naides se proyecta como un espect\u00e1culo de Circo-Teatro. La trama, en clave de humor y destreza, tiene como protagonista \u00fanico a un vagabundo, un croto o mal, un desapercibido. La pregunta que crea la tesis de la obra es \u00bfQu\u00e9 sucede cuando un Nadie tiene \u2013ahora- la oportunidad de ser observado? Cuando el espectador llega al teatro y se sienta para ver el cotidiano de un Naides que se acostumbr\u00f3 a la indiferencia.<br \/>\nLa obra gan\u00f3 un Estrella de mar a la Mejor Actuaci\u00f3n y nominada por Direcci\u00f3n.<br \/>\nObtuvo tambi\u00e9n el premio Jos\u00e9 Mar\u00eda Vilches.<\/p>\n<p>La funcion se prepara para la 3er temporada en MdP.<\/p>\n<p>S\u00e1bado 22\/11 a las 21 hs<br \/>\nDomingo 23\/11 a las 20 hs.<\/p>\n<p>La cita es en la F\u00e1brica, pinto 359 ,las entradas -a la gorra- se reservan al 2926406243.<\/p>\n<p>Los esperamos!<\/p>\n<p>En escena: Nacho Rey.<br \/>\nDirige: Javier Lester.<\/p>","excerpt":"","slug":"el-naides-circo-teatro","image":{"url":"https:\/\/www.arte.unicen.edu.ar\/entodas\/wp-content\/uploads\/2025\/11\/WhatsApp-Image-2025-11-19-at-21.54.51.jpeg","id":12687,"extension":"jpeg","width":851,"height":1056,"filesize":79437,"sizes":{"medium":{"width":242,"height":300,"mime-type":"image\/jpeg","filesize":15961,"url":"https:\/\/www.arte.unicen.edu.ar\/entodas\/wp-content\/uploads\/2025\/11\/WhatsApp-Image-2025-11-19-at-21.54.51-242x300.jpeg"},"large":{"width":645,"height":800,"mime-type":"image\/jpeg","filesize":63001,"url":"https:\/\/www.arte.unicen.edu.ar\/entodas\/wp-content\/uploads\/2025\/11\/WhatsApp-Image-2025-11-19-at-21.54.51-645x800.jpeg"},"thumbnail":{"width":390,"height":218,"mime-type":"image\/jpeg","filesize":13406,"url":"https:\/\/www.arte.unicen.edu.ar\/entodas\/wp-content\/uploads\/2025\/11\/WhatsApp-Image-2025-11-19-at-21.54.51-390x218.jpeg"},"medium_large":{"width":768,"height":953,"mime-type":"image\/jpeg","filesize":79873,"url":"https:\/\/www.arte.unicen.edu.ar\/entodas\/wp-content\/uploads\/2025\/11\/WhatsApp-Image-2025-11-19-at-21.54.51-768x953.jpeg"}}},"all_day":false,"start_date":"2025-11-22 21:00:00","start_date_details":{"year":"2025","month":"11","day":"22","hour":"21","minutes":"00","seconds":"00"},"end_date":"2025-11-23 20:00:00","end_date_details":{"year":"2025","month":"11","day":"23","hour":"20","minutes":"00","seconds":"00"},"utc_start_date":"2025-11-23 00:00:00","utc_start_date_details":{"year":"2025","month":"11","day":"23","hour":"00","minutes":"00","seconds":"00"},"utc_end_date":"2025-11-23 23:00:00","utc_end_date_details":{"year":"2025","month":"11","day":"23","hour":"23","minutes":"00","seconds":"00"},"timezone":"UTC-3","timezone_abbr":"UTC-3","cost":"","cost_details":{"currency_symbol":"","currency_code":"","currency_position":"prefix","values":[]},"website":"","show_map":true,"show_map_link":true,"hide_from_listings":false,"sticky":false,"featured":false,"categories":[],"tags":[],"venue":{"id":3628,"author":"1","status":"publish","date":"2019-03-27 12:44:16","date_utc":"2019-03-27 15:44:16","modified":"2019-03-27 12:44:16","modified_utc":"2019-03-27 15:44:16","url":"https:\/\/www.arte.unicen.edu.ar\/entodas\/?tribe_venue=teatro-la-fabrica","venue":"Teatro La F\u00e1brica","slug":"teatro-la-fabrica","address":"Gral. Pinto 359","city":"Tandil","country":"Argentina","province":"Provincia de Buenos Aires","zip":"7000","stateprovince":"Provincia de Buenos Aires","json_ld":{"@type":"Place","name":"Teatro La F\u00e1brica","description":"","url":"","address":{"@type":"PostalAddress","streetAddress":"Gral. Pinto 359","addressLocality":"Tandil","addressRegion":"Provincia de Buenos Aires","postalCode":"7000","addressCountry":"Argentina"},"telephone":"","sameAs":""},"show_map":true,"show_map_link":true,"global_id":"www.arte.unicen.edu.ar\/entodas?id=3628","global_id_lineage":["www.arte.unicen.edu.ar\/entodas?id=3628"]},"organizer":[],"json_ld":{"@context":"http:\/\/schema.org","@type":"Event","name":"EL NAIDES &#8211; Circo &#8211; Teatro","description":"&lt;p&gt;El Naides se proyecta como un espect\u00e1culo de Circo-Teatro. La trama, en clave de humor y destreza, tiene como protagonista \u00fanico a un vagabundo, un croto o mal, un desapercibido. La pregunta que crea la tesis de la obra es \u00bfQu\u00e9 sucede cuando un Nadie tiene \u2013ahora- la oportunidad de ser observado? Cuando el espectador llega al teatro y se sienta para ver el cotidiano de un Naides que se acostumbr\u00f3 a la indiferencia. La obra gan\u00f3 un Estrella de mar a la Mejor Actuaci\u00f3n y nominada por Direcci\u00f3n. Obtuvo tambi\u00e9n el premio Jos\u00e9 Mar\u00eda Vilches. La funcion se prepara para la 3er temporada en MdP. S\u00e1bado 22\/11 a las 21 hs Domingo 23\/11 a las 20 hs. La cita es en la F\u00e1brica, pinto 359 ,las entradas -a la gorra- se reservan al 2926406243. Los esperamos! En escena: Nacho Rey. Dirige: Javier Lester.&lt;\/p&gt;\\n","image":"https:\/\/www.arte.unicen.edu.ar\/entodas\/wp-content\/uploads\/2025\/11\/WhatsApp-Image-2025-11-19-at-21.54.51.jpeg","url":"https:\/\/www.arte.unicen.edu.ar\/entodas\/?tribe_events=el-naides-circo-teatro","eventAttendanceMode":"https:\/\/schema.org\/OfflineEventAttendanceMode","eventStatus":"https:\/\/schema.org\/EventScheduled","startDate":"2025-11-22T21:00:00-03:00","endDate":"2025-11-23T20:00:00-03:00","location":{"@type":"Place","name":"Teatro La F\u00e1brica","description":"","url":"","address":{"@type":"PostalAddress","streetAddress":"Gral. Pinto 359","addressLocality":"Tandil","addressRegion":"Provincia de Buenos Aires","postalCode":"7000","addressCountry":"Argentina"},"telephone":"","sameAs":""},"performer":"Organization"}}