{"id":12636,"global_id":"www.arte.unicen.edu.ar\/entodas?id=12636","global_id_lineage":["www.arte.unicen.edu.ar\/entodas?id=12636"],"author":"5","status":"publish","date":"2025-11-13 23:36:16","date_utc":"2025-11-14 02:36:16","modified":"2025-11-13 23:36:16","modified_utc":"2025-11-14 02:36:16","url":"https:\/\/www.arte.unicen.edu.ar\/entodas\/?tribe_events=historia-desde-abajo-encuentro-cultural","rest_url":"https:\/\/www.arte.unicen.edu.ar\/entodas\/index.php?rest_route=\/tribe\/events\/v1\/events\/12636","title":"HISTORIA DESDE ABAJO &#8211; Encuentro cultural","description":"<p><img loading=\"lazy\" decoding=\"async\" class=\"size-medium wp-image-12612 aligncenter\" src=\"https:\/\/www.arte.unicen.edu.ar\/entodas\/wp-content\/uploads\/2025\/11\/WhatsApp-Image-2025-11-11-at-08.16.07-240x300.jpeg\" alt=\"\" width=\"240\" height=\"300\" srcset=\"https:\/\/www.arte.unicen.edu.ar\/entodas\/wp-content\/uploads\/2025\/11\/WhatsApp-Image-2025-11-11-at-08.16.07-240x300.jpeg 240w, https:\/\/www.arte.unicen.edu.ar\/entodas\/wp-content\/uploads\/2025\/11\/WhatsApp-Image-2025-11-11-at-08.16.07-640x800.jpeg 640w, https:\/\/www.arte.unicen.edu.ar\/entodas\/wp-content\/uploads\/2025\/11\/WhatsApp-Image-2025-11-11-at-08.16.07-768x960.jpeg 768w, https:\/\/www.arte.unicen.edu.ar\/entodas\/wp-content\/uploads\/2025\/11\/WhatsApp-Image-2025-11-11-at-08.16.07.jpeg 1080w\" sizes=\"(max-width: 240px) 100vw, 240px\" \/><\/p>\n<p>Encuentro Cultural en Villa Laza: \u201cHistoria desde abajo. Villa Laza en los Barrios de Piedra\u201d<br \/>\nEl pr\u00f3ximo 16 de noviembre, Villa Laza ser\u00e1 sede del encuentro cultural \u201cHistoria desde abajo. Villa Laza en los Barrios de Piedra\u201d, una propuesta abierta a toda la comunidad que invita a recorrer la memoria barrial a trav\u00e9s de m\u00faltiples actividades.<br \/>\nUno de los momentos centrales ser\u00e1 la se\u00f1alizaci\u00f3n hist\u00f3rica del Sal\u00f3n Social de la Uni\u00f3n Obrera de las Canteras, un espacio clave en la vida y lucha del movimiento canteril desde 1911. En este sal\u00f3n se realizaban asambleas gremiales, actividades sociales, funciones teatrales y funcionaba una biblioteca obrera. Esta valiosa historia ha sido reconstruida de forma colectiva junto a pobladores y pobladoras, la Asociaci\u00f3n Obrera Minera Argentina y ARACA Teatro Comunitario Villa Laza en el marco del Proyecto de Extensi\u00f3n \u201cHistoria desde abajo y memoria social\u201d.<br \/>\nLa jornada comenzar\u00e1 a las 12:00 hs en el Bodeg\u00f3n de Barrio (Formosa 888) con la presentaci\u00f3n del cantante Pedro Lara. A las 15:30 hs, tendr\u00e1 lugar la se\u00f1alizaci\u00f3n del hist\u00f3rico sal\u00f3n, con la participaci\u00f3n del grupo ARACA Teatro Comunitario Villa Laza.<br \/>\nLuego, a las 16:00 hs, se realizar\u00e1 una mateada en el Club Movediza (esquina de Formosa y Jujuy), donde el equipo del proyecto de extensi\u00f3n compartir\u00e1 los avances del trabajo realizado con la comunidad.<br \/>\nA las 17:00 hs, se ofrecer\u00e1 la charla \u201c\u00bfPor qu\u00e9 recuperar la historia de las comunidades de las canteras?\u201d, un espacio de reflexi\u00f3n sobre la importancia de la memoria colectiva y la historia obrera en Tandil.<br \/>\nEl cierre ser\u00e1 a las 19:00 hs con la presentaci\u00f3n del ballet Sembrando Tradici\u00f3n y el conjunto de folclore Madre Tierra.<br \/>\nDesde las 15hs y durante toda la jornada, se podr\u00e1 disfrutar de muestras est\u00e1ticas, feria de emprendedores y servicio de cantina en el Bodeg\u00f3n de Barrio, en un ambiente pensado para compartir, aprender y fortalecer los lazos entre el pasado y el presente del barrio.<br \/>\nLa actividad es organizada por el Eje de Historia, Cultura y Patrimonio del Observatorio Social de la Facultad de Ciencias Humanas, en conjunto con la Asociaci\u00f3n Obrera Minera Argentina y ARACA Teatro Comunitario Villa Laza, en adhesi\u00f3n a la 8\u00aa Fiesta Popular del Picapedrero 2025.<\/p>","excerpt":"","slug":"historia-desde-abajo-encuentro-cultural","image":{"url":"https:\/\/www.arte.unicen.edu.ar\/entodas\/wp-content\/uploads\/2025\/11\/WhatsApp-Image-2025-11-11-at-08.16.07.jpeg","id":12612,"extension":"jpeg","width":1080,"height":1350,"filesize":198976,"sizes":{"medium":{"width":240,"height":300,"mime-type":"image\/jpeg","filesize":19756,"url":"https:\/\/www.arte.unicen.edu.ar\/entodas\/wp-content\/uploads\/2025\/11\/WhatsApp-Image-2025-11-11-at-08.16.07-240x300.jpeg"},"large":{"width":640,"height":800,"mime-type":"image\/jpeg","filesize":103202,"url":"https:\/\/www.arte.unicen.edu.ar\/entodas\/wp-content\/uploads\/2025\/11\/WhatsApp-Image-2025-11-11-at-08.16.07-640x800.jpeg"},"thumbnail":{"width":390,"height":218,"mime-type":"image\/jpeg","filesize":23726,"url":"https:\/\/www.arte.unicen.edu.ar\/entodas\/wp-content\/uploads\/2025\/11\/WhatsApp-Image-2025-11-11-at-08.16.07-390x218.jpeg"},"medium_large":{"width":768,"height":960,"mime-type":"image\/jpeg","filesize":136495,"url":"https:\/\/www.arte.unicen.edu.ar\/entodas\/wp-content\/uploads\/2025\/11\/WhatsApp-Image-2025-11-11-at-08.16.07-768x960.jpeg"}}},"all_day":false,"start_date":"2025-11-16 15:00:00","start_date_details":{"year":"2025","month":"11","day":"16","hour":"15","minutes":"00","seconds":"00"},"end_date":"2025-11-16 19:00:00","end_date_details":{"year":"2025","month":"11","day":"16","hour":"19","minutes":"00","seconds":"00"},"utc_start_date":"2025-11-16 18:00:00","utc_start_date_details":{"year":"2025","month":"11","day":"16","hour":"18","minutes":"00","seconds":"00"},"utc_end_date":"2025-11-16 22:00:00","utc_end_date_details":{"year":"2025","month":"11","day":"16","hour":"22","minutes":"00","seconds":"00"},"timezone":"UTC-3","timezone_abbr":"UTC-3","cost":"","cost_details":{"currency_symbol":"","currency_code":"","currency_position":"prefix","values":[]},"website":"","show_map":true,"show_map_link":true,"hide_from_listings":false,"sticky":false,"featured":false,"categories":[],"tags":[],"venue":[],"organizer":[],"json_ld":{"@context":"http:\/\/schema.org","@type":"Event","name":"HISTORIA DESDE ABAJO &#8211; Encuentro cultural","description":"&lt;p&gt;Encuentro Cultural en Villa Laza: \u201cHistoria desde abajo. Villa Laza en los Barrios de Piedra\u201d El pr\u00f3ximo 16 de noviembre, Villa Laza ser\u00e1 sede del encuentro cultural \u201cHistoria desde abajo. Villa Laza en los Barrios de Piedra\u201d, una propuesta abierta a toda la comunidad que invita a recorrer la memoria barrial a trav\u00e9s de m\u00faltiples actividades. Uno de los momentos centrales ser\u00e1 la se\u00f1alizaci\u00f3n hist\u00f3rica del Sal\u00f3n Social de la Uni\u00f3n Obrera de las Canteras, un espacio clave en la vida y lucha del movimiento canteril desde 1911. En este sal\u00f3n se realizaban asambleas gremiales, actividades sociales, funciones teatrales y funcionaba una biblioteca obrera. Esta valiosa historia ha sido reconstruida de forma colectiva junto a pobladores y pobladoras, la Asociaci\u00f3n Obrera Minera Argentina y ARACA Teatro Comunitario Villa Laza en el marco del Proyecto de Extensi\u00f3n \u201cHistoria desde abajo y memoria social\u201d. La jornada comenzar\u00e1 a las 12:00 hs en&hellip;&lt;\/p&gt;\\n&lt;p&gt; &lt;a class=&quot;more-link&quot; href=&quot;https:\/\/www.arte.unicen.edu.ar\/entodas\/?tribe_events=historia-desde-abajo-encuentro-cultural&quot;&gt;Read more&lt;\/a&gt;&lt;\/p&gt;\\n","image":"https:\/\/www.arte.unicen.edu.ar\/entodas\/wp-content\/uploads\/2025\/11\/WhatsApp-Image-2025-11-11-at-08.16.07.jpeg","url":"https:\/\/www.arte.unicen.edu.ar\/entodas\/?tribe_events=historia-desde-abajo-encuentro-cultural","eventAttendanceMode":"https:\/\/schema.org\/OfflineEventAttendanceMode","eventStatus":"https:\/\/schema.org\/EventScheduled","startDate":"2025-11-16T15:00:00-03:00","endDate":"2025-11-16T19:00:00-03:00","performer":"Organization"}}