{"id":12574,"global_id":"www.arte.unicen.edu.ar\/entodas?id=12574","global_id_lineage":["www.arte.unicen.edu.ar\/entodas?id=12574"],"author":"5","status":"publish","date":"2025-11-07 11:36:16","date_utc":"2025-11-07 14:36:16","modified":"2025-11-07 11:36:16","modified_utc":"2025-11-07 14:36:16","url":"https:\/\/www.arte.unicen.edu.ar\/entodas\/?tribe_events=sonar-despierto-es-la-realidad-teatro-2","rest_url":"https:\/\/www.arte.unicen.edu.ar\/entodas\/index.php?rest_route=\/tribe\/events\/v1\/events\/12574","title":"SO\u00d1AR DESPIERTO ES LA REALIDAD &#8211; Teatro","description":"<p><img loading=\"lazy\" decoding=\"async\" class=\"size-medium wp-image-12575 aligncenter\" src=\"https:\/\/www.arte.unicen.edu.ar\/entodas\/wp-content\/uploads\/2025\/11\/WhatsApp-Image-2025-11-07-at-9.28.03-AM-182x300.jpeg\" alt=\"\" width=\"182\" height=\"300\" srcset=\"https:\/\/www.arte.unicen.edu.ar\/entodas\/wp-content\/uploads\/2025\/11\/WhatsApp-Image-2025-11-07-at-9.28.03-AM-182x300.jpeg 182w, https:\/\/www.arte.unicen.edu.ar\/entodas\/wp-content\/uploads\/2025\/11\/WhatsApp-Image-2025-11-07-at-9.28.03-AM-486x800.jpeg 486w, https:\/\/www.arte.unicen.edu.ar\/entodas\/wp-content\/uploads\/2025\/11\/WhatsApp-Image-2025-11-07-at-9.28.03-AM-768x1265.jpeg 768w, https:\/\/www.arte.unicen.edu.ar\/entodas\/wp-content\/uploads\/2025\/11\/WhatsApp-Image-2025-11-07-at-9.28.03-AM-933x1536.jpeg 933w, https:\/\/www.arte.unicen.edu.ar\/entodas\/wp-content\/uploads\/2025\/11\/WhatsApp-Image-2025-11-07-at-9.28.03-AM.jpeg 971w\" sizes=\"(max-width: 182px) 100vw, 182px\" \/><\/p>\n<p>La muestra &#8220;So\u00f1ar Despierto Es La Realidad&#8221; se realizar\u00e1 el 9 de Noviembre, a las 20hs, en el Teatro La F\u00e1brica.<\/p>","excerpt":"","slug":"sonar-despierto-es-la-realidad-teatro-2","image":{"url":"https:\/\/www.arte.unicen.edu.ar\/entodas\/wp-content\/uploads\/2025\/11\/WhatsApp-Image-2025-11-07-at-9.28.03-AM.jpeg","id":12575,"extension":"jpeg","width":971,"height":1599,"filesize":88424,"sizes":{"medium":{"width":182,"height":300,"mime-type":"image\/jpeg","filesize":10231,"url":"https:\/\/www.arte.unicen.edu.ar\/entodas\/wp-content\/uploads\/2025\/11\/WhatsApp-Image-2025-11-07-at-9.28.03-AM-182x300.jpeg"},"large":{"width":486,"height":800,"mime-type":"image\/jpeg","filesize":40998,"url":"https:\/\/www.arte.unicen.edu.ar\/entodas\/wp-content\/uploads\/2025\/11\/WhatsApp-Image-2025-11-07-at-9.28.03-AM-486x800.jpeg"},"thumbnail":{"width":390,"height":218,"mime-type":"image\/jpeg","filesize":11052,"url":"https:\/\/www.arte.unicen.edu.ar\/entodas\/wp-content\/uploads\/2025\/11\/WhatsApp-Image-2025-11-07-at-9.28.03-AM-390x218.jpeg"},"medium_large":{"width":768,"height":1265,"mime-type":"image\/jpeg","filesize":75340,"url":"https:\/\/www.arte.unicen.edu.ar\/entodas\/wp-content\/uploads\/2025\/11\/WhatsApp-Image-2025-11-07-at-9.28.03-AM-768x1265.jpeg"},"1536x1536":{"width":933,"height":1536,"mime-type":"image\/jpeg","filesize":95157,"url":"https:\/\/www.arte.unicen.edu.ar\/entodas\/wp-content\/uploads\/2025\/11\/WhatsApp-Image-2025-11-07-at-9.28.03-AM-933x1536.jpeg"}}},"all_day":false,"start_date":"2025-11-09 20:00:00","start_date_details":{"year":"2025","month":"11","day":"09","hour":"20","minutes":"00","seconds":"00"},"end_date":"2025-11-09 20:00:00","end_date_details":{"year":"2025","month":"11","day":"09","hour":"20","minutes":"00","seconds":"00"},"utc_start_date":"2025-11-09 23:00:00","utc_start_date_details":{"year":"2025","month":"11","day":"09","hour":"23","minutes":"00","seconds":"00"},"utc_end_date":"2025-11-09 23:00:00","utc_end_date_details":{"year":"2025","month":"11","day":"09","hour":"23","minutes":"00","seconds":"00"},"timezone":"UTC-3","timezone_abbr":"UTC-3","cost":"","cost_details":{"currency_symbol":"","currency_code":"","currency_position":"prefix","values":[]},"website":"","show_map":true,"show_map_link":true,"hide_from_listings":false,"sticky":false,"featured":false,"categories":[],"tags":[],"venue":{"id":3628,"author":"1","status":"publish","date":"2019-03-27 12:44:16","date_utc":"2019-03-27 15:44:16","modified":"2019-03-27 12:44:16","modified_utc":"2019-03-27 15:44:16","url":"https:\/\/www.arte.unicen.edu.ar\/entodas\/?tribe_venue=teatro-la-fabrica","venue":"Teatro La F\u00e1brica","slug":"teatro-la-fabrica","address":"Gral. Pinto 359","city":"Tandil","country":"Argentina","province":"Provincia de Buenos Aires","zip":"7000","stateprovince":"Provincia de Buenos Aires","json_ld":{"@type":"Place","name":"Teatro La F\u00e1brica","description":"","url":"","address":{"@type":"PostalAddress","streetAddress":"Gral. Pinto 359","addressLocality":"Tandil","addressRegion":"Provincia de Buenos Aires","postalCode":"7000","addressCountry":"Argentina"},"telephone":"","sameAs":""},"show_map":true,"show_map_link":true,"global_id":"www.arte.unicen.edu.ar\/entodas?id=3628","global_id_lineage":["www.arte.unicen.edu.ar\/entodas?id=3628"]},"organizer":[],"json_ld":{"@context":"http:\/\/schema.org","@type":"Event","name":"SO\u00d1AR DESPIERTO ES LA REALIDAD &#8211; Teatro","description":"&lt;p&gt;La muestra &quot;So\u00f1ar Despierto Es La Realidad&quot; se realizar\u00e1 el 9 de Noviembre, a las 20hs, en el Teatro La F\u00e1brica.&lt;\/p&gt;\\n","image":"https:\/\/www.arte.unicen.edu.ar\/entodas\/wp-content\/uploads\/2025\/11\/WhatsApp-Image-2025-11-07-at-9.28.03-AM.jpeg","url":"https:\/\/www.arte.unicen.edu.ar\/entodas\/?tribe_events=sonar-despierto-es-la-realidad-teatro-2","eventAttendanceMode":"https:\/\/schema.org\/OfflineEventAttendanceMode","eventStatus":"https:\/\/schema.org\/EventScheduled","startDate":"2025-11-09T20:00:00-03:00","endDate":"2025-11-09T20:00:00-03:00","location":{"@type":"Place","name":"Teatro La F\u00e1brica","description":"","url":"","address":{"@type":"PostalAddress","streetAddress":"Gral. Pinto 359","addressLocality":"Tandil","addressRegion":"Provincia de Buenos Aires","postalCode":"7000","addressCountry":"Argentina"},"telephone":"","sameAs":""},"performer":"Organization"}}