{"id":12432,"global_id":"www.arte.unicen.edu.ar\/entodas?id=12432","global_id_lineage":["www.arte.unicen.edu.ar\/entodas?id=12432"],"author":"5","status":"publish","date":"2025-10-17 11:20:05","date_utc":"2025-10-17 14:20:05","modified":"2025-10-17 11:24:20","modified_utc":"2025-10-17 14:24:20","url":"https:\/\/www.arte.unicen.edu.ar\/entodas\/?tribe_events=proceso-creativo-pedro-y-los-pibes-perdidos-muestra-artistica","rest_url":"https:\/\/www.arte.unicen.edu.ar\/entodas\/index.php?rest_route=\/tribe\/events\/v1\/events\/12432","title":"PROCESO CREATIVO: PEDRO Y LOS PIBES PERDIDOS &#8211; Muestra Art\u00edstica","description":"<p><img loading=\"lazy\" decoding=\"async\" class=\"size-medium wp-image-12433 aligncenter\" src=\"https:\/\/www.arte.unicen.edu.ar\/entodas\/wp-content\/uploads\/2025\/10\/561892587_1419612106835269_2361016067128344098_n-240x300.jpg\" alt=\"\" width=\"240\" height=\"300\" srcset=\"https:\/\/www.arte.unicen.edu.ar\/entodas\/wp-content\/uploads\/2025\/10\/561892587_1419612106835269_2361016067128344098_n-240x300.jpg 240w, https:\/\/www.arte.unicen.edu.ar\/entodas\/wp-content\/uploads\/2025\/10\/561892587_1419612106835269_2361016067128344098_n-640x800.jpg 640w, https:\/\/www.arte.unicen.edu.ar\/entodas\/wp-content\/uploads\/2025\/10\/561892587_1419612106835269_2361016067128344098_n-768x960.jpg 768w, https:\/\/www.arte.unicen.edu.ar\/entodas\/wp-content\/uploads\/2025\/10\/561892587_1419612106835269_2361016067128344098_n.jpg 1081w\" sizes=\"(max-width: 240px) 100vw, 240px\" \/><\/p>\n<p>\ud83d\udcccMuestra \u201cProceso creativo: Pedro y los pibes perdidos\u201d<\/p>\n<p>La Secretar\u00eda de Extensi\u00f3n de la Facultad de Arte, la Jefatura Distrital de Educaci\u00f3n y la Inspecci\u00f3n de Educaci\u00f3n Art\u00edstica invitan a una exposici\u00f3n que comparte el dise\u00f1o de escenograf\u00eda y vestuario de la obra teatral &#8220;Pedro y los pibes perdidos&#8221; estrenada en Tandil, realizada por estudiantes de escuelas secundarias con orientaci\u00f3n en artes visuales y la ESEA N\u00b01.<\/p>\n<p>\ud83d\udcc5 Inauguraci\u00f3n: Lunes 20 de octubre, 13:30 hs<br \/>\n\ud83d\udccd Facultad de Arte (9 de Julio 430)<br \/>\n\u23f0 Visitas: Lun a vie, 8 a 20 hs.<br \/>\nEntrada libre y gratuita<\/p>\n<p><a class=\"x1i10hfl xjbqb8w x1ejq31n x18oe1m7 x1sy0etr xstzfhl x972fbf x10w94by x1qhh985 x14e42zd x9f619 x1ypdohk xt0psk2 x3ct3a4 xdj266r x14z9mp xat24cr x1lziwak xexx8yu xyri2b x18d9i69 x1c1uobl x16tdsg8 x1hl2dhg xggy1nq x1a2a7pz notranslate _a6hd\" role=\"link\" href=\"https:\/\/www.instagram.com\/jefaturadistritaltandil\/\">@jefaturadistritaltandil<\/a><br \/>\n<a class=\"x1i10hfl xjbqb8w x1ejq31n x18oe1m7 x1sy0etr xstzfhl x972fbf x10w94by x1qhh985 x14e42zd x9f619 x1ypdohk xt0psk2 x3ct3a4 xdj266r x14z9mp xat24cr x1lziwak xexx8yu xyri2b x18d9i69 x1c1uobl x16tdsg8 x1hl2dhg xggy1nq x1a2a7pz notranslate _a6hd\" role=\"link\" href=\"https:\/\/www.instagram.com\/unicen_oficial\/\">@unicen_oficial<\/a><\/p>\n<blockquote class=\"wp-embedded-content\" data-secret=\"uU3oEudF4t\"><p><a href=\"https:\/\/www.arte.unicen.edu.ar\/muestra-proceso-creativo-pedro-y-los-pibes-perdidos\/\">Muestra &#8220;Proceso creativo: Pedro y los pibes perdidos&#8221;<\/a><\/p><\/blockquote>\n<p><iframe class=\"wp-embedded-content\" sandbox=\"allow-scripts\" security=\"restricted\" style=\"position: absolute; clip: rect(1px, 1px, 1px, 1px);\" title=\"&#8220;Muestra &#8220;Proceso creativo: Pedro y los pibes perdidos&#8221;&#8221; &#8212; Facultad de Arte\" src=\"https:\/\/www.arte.unicen.edu.ar\/muestra-proceso-creativo-pedro-y-los-pibes-perdidos\/embed\/#?secret=wchrg9ZtCi#?secret=uU3oEudF4t\" data-secret=\"uU3oEudF4t\" width=\"600\" height=\"338\" frameborder=\"0\" marginwidth=\"0\" marginheight=\"0\" scrolling=\"no\"><\/iframe><\/p>","excerpt":"","slug":"proceso-creativo-pedro-y-los-pibes-perdidos-muestra-artistica","image":{"url":"https:\/\/www.arte.unicen.edu.ar\/entodas\/wp-content\/uploads\/2025\/10\/561892587_1419612106835269_2361016067128344098_n.jpg","id":12433,"extension":"jpg","width":1081,"height":1351,"filesize":199769,"sizes":{"medium":{"width":240,"height":300,"mime-type":"image\/jpeg","filesize":14101,"url":"https:\/\/www.arte.unicen.edu.ar\/entodas\/wp-content\/uploads\/2025\/10\/561892587_1419612106835269_2361016067128344098_n-240x300.jpg"},"large":{"width":640,"height":800,"mime-type":"image\/jpeg","filesize":70692,"url":"https:\/\/www.arte.unicen.edu.ar\/entodas\/wp-content\/uploads\/2025\/10\/561892587_1419612106835269_2361016067128344098_n-640x800.jpg"},"thumbnail":{"width":390,"height":218,"mime-type":"image\/jpeg","filesize":12485,"url":"https:\/\/www.arte.unicen.edu.ar\/entodas\/wp-content\/uploads\/2025\/10\/561892587_1419612106835269_2361016067128344098_n-390x218.jpg"},"medium_large":{"width":768,"height":960,"mime-type":"image\/jpeg","filesize":94154,"url":"https:\/\/www.arte.unicen.edu.ar\/entodas\/wp-content\/uploads\/2025\/10\/561892587_1419612106835269_2361016067128344098_n-768x960.jpg"}}},"all_day":false,"start_date":"2025-10-20 08:00:00","start_date_details":{"year":"2025","month":"10","day":"20","hour":"08","minutes":"00","seconds":"00"},"end_date":"2025-10-24 20:00:00","end_date_details":{"year":"2025","month":"10","day":"24","hour":"20","minutes":"00","seconds":"00"},"utc_start_date":"2025-10-20 11:00:00","utc_start_date_details":{"year":"2025","month":"10","day":"20","hour":"11","minutes":"00","seconds":"00"},"utc_end_date":"2025-10-24 23:00:00","utc_end_date_details":{"year":"2025","month":"10","day":"24","hour":"23","minutes":"00","seconds":"00"},"timezone":"UTC-3","timezone_abbr":"UTC-3","cost":"","cost_details":{"currency_symbol":"","currency_code":"","currency_position":"prefix","values":[]},"website":"","show_map":true,"show_map_link":true,"hide_from_listings":false,"sticky":false,"featured":false,"categories":[],"tags":[],"venue":{"id":3652,"author":"1","status":"publish","date":"2019-03-27 14:16:38","date_utc":"2019-03-27 17:16:38","modified":"2019-11-06 12:56:31","modified_utc":"2019-11-06 15:56:31","url":"https:\/\/www.arte.unicen.edu.ar\/entodas\/?tribe_venue=faculta-de-arte-unicen","venue":"Facultad de Arte &#8211; Unicen","slug":"faculta-de-arte-unicen","address":"9 de Julio 430","city":"Tandil","country":"Argentina","province":"Provincia de Buenos Aires","zip":"7000","stateprovince":"Provincia de Buenos Aires","json_ld":{"@type":"Place","name":"Facultad de Arte &#8211; Unicen","description":"","url":"","address":{"@type":"PostalAddress","streetAddress":"9 de Julio 430","addressLocality":"Tandil","addressRegion":"Provincia de Buenos Aires","postalCode":"7000","addressCountry":"Argentina"},"telephone":"","sameAs":""},"show_map":true,"show_map_link":true,"global_id":"www.arte.unicen.edu.ar\/entodas?id=3652","global_id_lineage":["www.arte.unicen.edu.ar\/entodas?id=3652"]},"organizer":[],"json_ld":{"@context":"http:\/\/schema.org","@type":"Event","name":"PROCESO CREATIVO: PEDRO Y LOS PIBES PERDIDOS &#8211; Muestra Art\u00edstica","description":"&lt;p&gt;\ud83d\udcccMuestra \u201cProceso creativo: Pedro y los pibes perdidos\u201d La Secretar\u00eda de Extensi\u00f3n de la Facultad de Arte, la Jefatura Distrital de Educaci\u00f3n y la Inspecci\u00f3n de Educaci\u00f3n Art\u00edstica invitan a una exposici\u00f3n que comparte el dise\u00f1o de escenograf\u00eda y vestuario de la obra teatral &quot;Pedro y los pibes perdidos&quot; estrenada en Tandil, realizada por estudiantes de escuelas secundarias con orientaci\u00f3n en artes visuales y la ESEA N\u00b01. \ud83d\udcc5 Inauguraci\u00f3n: Lunes 20 de octubre, 13:30 hs \ud83d\udccd Facultad de Arte (9 de Julio 430) \u23f0 Visitas: Lun a vie, 8 a 20 hs. Entrada libre y gratuita @jefaturadistritaltandil @unicen_oficial https:\/\/www.arte.unicen.edu.ar\/muestra-proceso-creativo-pedro-y-los-pibes-perdidos\/&lt;\/p&gt;\\n","image":"https:\/\/www.arte.unicen.edu.ar\/entodas\/wp-content\/uploads\/2025\/10\/561892587_1419612106835269_2361016067128344098_n.jpg","url":"https:\/\/www.arte.unicen.edu.ar\/entodas\/?tribe_events=proceso-creativo-pedro-y-los-pibes-perdidos-muestra-artistica","eventAttendanceMode":"https:\/\/schema.org\/OfflineEventAttendanceMode","eventStatus":"https:\/\/schema.org\/EventScheduled","startDate":"2025-10-20T08:00:00-03:00","endDate":"2025-10-24T20:00:00-03:00","location":{"@type":"Place","name":"Facultad de Arte &#8211; Unicen","description":"","url":"","address":{"@type":"PostalAddress","streetAddress":"9 de Julio 430","addressLocality":"Tandil","addressRegion":"Provincia de Buenos Aires","postalCode":"7000","addressCountry":"Argentina"},"telephone":"","sameAs":""},"performer":"Organization"}}