{"id":12351,"global_id":"www.arte.unicen.edu.ar\/entodas?id=12351","global_id_lineage":["www.arte.unicen.edu.ar\/entodas?id=12351"],"author":"5","status":"publish","date":"2025-10-03 12:21:29","date_utc":"2025-10-03 15:21:29","modified":"2025-10-03 12:21:29","modified_utc":"2025-10-03 15:21:29","url":"https:\/\/www.arte.unicen.edu.ar\/entodas\/?tribe_events=rafagas-de-aire-muestra-artistica-3","rest_url":"https:\/\/www.arte.unicen.edu.ar\/entodas\/index.php?rest_route=\/tribe\/events\/v1\/events\/12351","title":"R\u00c1FAGAS DE AIRE &#8211; Muestra art\u00edstica","description":"<p><img loading=\"lazy\" decoding=\"async\" class=\"size-medium wp-image-12287 aligncenter\" src=\"https:\/\/www.arte.unicen.edu.ar\/entodas\/wp-content\/uploads\/2025\/09\/WhatsApp-Image-2025-09-26-at-10.26.59-240x300.jpeg\" alt=\"\" width=\"240\" height=\"300\" srcset=\"https:\/\/www.arte.unicen.edu.ar\/entodas\/wp-content\/uploads\/2025\/09\/WhatsApp-Image-2025-09-26-at-10.26.59-240x300.jpeg 240w, https:\/\/www.arte.unicen.edu.ar\/entodas\/wp-content\/uploads\/2025\/09\/WhatsApp-Image-2025-09-26-at-10.26.59-640x800.jpeg 640w, https:\/\/www.arte.unicen.edu.ar\/entodas\/wp-content\/uploads\/2025\/09\/WhatsApp-Image-2025-09-26-at-10.26.59-768x960.jpeg 768w, https:\/\/www.arte.unicen.edu.ar\/entodas\/wp-content\/uploads\/2025\/09\/WhatsApp-Image-2025-09-26-at-10.26.59.jpeg 1080w\" sizes=\"(max-width: 240px) 100vw, 240px\" \/><\/p>\n<div class=\"xdj266r x14z9mp xat24cr x1lziwak x1vvkbs x126k92a\">\n<div dir=\"auto\">Del 4 de septiembre al 13 de octubre: muestra fotogr\u00e1fica &#8220;R\u00e1fagas de aire. Formas de habitar los sitios de memoria&#8221; en el hall de la Facultad de Arte.<\/div>\n<div dir=\"auto\"><span class=\"html-span xexx8yu xyri2b x18d9i69 x1c1uobl x1hl2dhg x16tdsg8 x1vvkbs x3nfvp2 x1j61x8r x1fcty0u xdj266r xat24cr xm2jcoa x1mpyi22 xxymvpz xlup9mm x1kky2od\"><img loading=\"lazy\" decoding=\"async\" class=\"xz74otr x15mokao x1ga7v0g x16uus16 xbiv7yw\" src=\"https:\/\/static.xx.fbcdn.net\/images\/emoji.php\/v9\/t34\/1\/16\/23f0.png\" alt=\"\u23f0\" width=\"16\" height=\"16\" \/><\/span> De lunes a viernes, de 8 a 20 hs.<\/div>\n<div dir=\"auto\"><span class=\"html-span xexx8yu xyri2b x18d9i69 x1c1uobl x1hl2dhg x16tdsg8 x1vvkbs x3nfvp2 x1j61x8r x1fcty0u xdj266r xat24cr xm2jcoa x1mpyi22 xxymvpz xlup9mm x1kky2od\"><img loading=\"lazy\" decoding=\"async\" class=\"xz74otr x15mokao x1ga7v0g x16uus16 xbiv7yw\" src=\"https:\/\/static.xx.fbcdn.net\/images\/emoji.php\/v9\/td8\/1\/16\/1f39f.png\" alt=\"\ud83c\udf9f\ufe0f\" width=\"16\" height=\"16\" \/><\/span> Entrada libre y gratuita.<\/div>\n<\/div>\n<div class=\"x14z9mp xat24cr x1lziwak x1vvkbs xtlvy1s x126k92a\">\n<div dir=\"auto\">Esta exhibici\u00f3n forma parte del proyecto de extensi\u00f3n Hall Abierto, realizada en articulaci\u00f3n con la Comisi\u00f3n Provincial por la Memoria, el Museo de Arte y Memoria, y la Federaci\u00f3n de Centros de Estudiantes de Tandil.<\/div>\n<\/div>","excerpt":"","slug":"rafagas-de-aire-muestra-artistica-3","image":{"url":"https:\/\/www.arte.unicen.edu.ar\/entodas\/wp-content\/uploads\/2025\/09\/WhatsApp-Image-2025-09-26-at-10.26.59.jpeg","id":12287,"extension":"jpeg","width":1080,"height":1350,"filesize":94426,"sizes":{"medium":{"width":240,"height":300,"mime-type":"image\/jpeg","filesize":14518,"url":"https:\/\/www.arte.unicen.edu.ar\/entodas\/wp-content\/uploads\/2025\/09\/WhatsApp-Image-2025-09-26-at-10.26.59-240x300.jpeg"},"large":{"width":640,"height":800,"mime-type":"image\/jpeg","filesize":65694,"url":"https:\/\/www.arte.unicen.edu.ar\/entodas\/wp-content\/uploads\/2025\/09\/WhatsApp-Image-2025-09-26-at-10.26.59-640x800.jpeg"},"thumbnail":{"width":390,"height":218,"mime-type":"image\/jpeg","filesize":11266,"url":"https:\/\/www.arte.unicen.edu.ar\/entodas\/wp-content\/uploads\/2025\/09\/WhatsApp-Image-2025-09-26-at-10.26.59-390x218.jpeg"},"medium_large":{"width":768,"height":960,"mime-type":"image\/jpeg","filesize":83326,"url":"https:\/\/www.arte.unicen.edu.ar\/entodas\/wp-content\/uploads\/2025\/09\/WhatsApp-Image-2025-09-26-at-10.26.59-768x960.jpeg"}}},"all_day":false,"start_date":"2025-10-06 08:00:00","start_date_details":{"year":"2025","month":"10","day":"06","hour":"08","minutes":"00","seconds":"00"},"end_date":"2025-10-10 20:00:00","end_date_details":{"year":"2025","month":"10","day":"10","hour":"20","minutes":"00","seconds":"00"},"utc_start_date":"2025-10-06 11:00:00","utc_start_date_details":{"year":"2025","month":"10","day":"06","hour":"11","minutes":"00","seconds":"00"},"utc_end_date":"2025-10-10 23:00:00","utc_end_date_details":{"year":"2025","month":"10","day":"10","hour":"23","minutes":"00","seconds":"00"},"timezone":"UTC-3","timezone_abbr":"UTC-3","cost":"","cost_details":{"currency_symbol":"","currency_code":"","currency_position":"prefix","values":[]},"website":"","show_map":true,"show_map_link":true,"hide_from_listings":false,"sticky":false,"featured":false,"categories":[],"tags":[],"venue":{"id":3652,"author":"1","status":"publish","date":"2019-03-27 14:16:38","date_utc":"2019-03-27 17:16:38","modified":"2019-11-06 12:56:31","modified_utc":"2019-11-06 15:56:31","url":"https:\/\/www.arte.unicen.edu.ar\/entodas\/?tribe_venue=faculta-de-arte-unicen","venue":"Facultad de Arte &#8211; Unicen","slug":"faculta-de-arte-unicen","address":"9 de Julio 430","city":"Tandil","country":"Argentina","province":"Provincia de Buenos Aires","zip":"7000","stateprovince":"Provincia de Buenos Aires","json_ld":{"@type":"Place","name":"Facultad de Arte &#8211; Unicen","description":"","url":"","address":{"@type":"PostalAddress","streetAddress":"9 de Julio 430","addressLocality":"Tandil","addressRegion":"Provincia de Buenos Aires","postalCode":"7000","addressCountry":"Argentina"},"telephone":"","sameAs":""},"show_map":true,"show_map_link":true,"global_id":"www.arte.unicen.edu.ar\/entodas?id=3652","global_id_lineage":["www.arte.unicen.edu.ar\/entodas?id=3652"]},"organizer":[],"json_ld":{"@context":"http:\/\/schema.org","@type":"Event","name":"R\u00c1FAGAS DE AIRE &#8211; Muestra art\u00edstica","description":"&lt;p&gt;Del 4 de septiembre al 13 de octubre: muestra fotogr\u00e1fica &quot;R\u00e1fagas de aire. Formas de habitar los sitios de memoria&quot; en el hall de la Facultad de Arte. De lunes a viernes, de 8 a 20 hs. Entrada libre y gratuita. Esta exhibici\u00f3n forma parte del proyecto de extensi\u00f3n Hall Abierto, realizada en articulaci\u00f3n con la Comisi\u00f3n Provincial por la Memoria, el Museo de Arte y Memoria, y la Federaci\u00f3n de Centros de Estudiantes de Tandil.&lt;\/p&gt;\\n","image":"https:\/\/www.arte.unicen.edu.ar\/entodas\/wp-content\/uploads\/2025\/09\/WhatsApp-Image-2025-09-26-at-10.26.59.jpeg","url":"https:\/\/www.arte.unicen.edu.ar\/entodas\/?tribe_events=rafagas-de-aire-muestra-artistica-3","eventAttendanceMode":"https:\/\/schema.org\/OfflineEventAttendanceMode","eventStatus":"https:\/\/schema.org\/EventScheduled","startDate":"2025-10-06T08:00:00-03:00","endDate":"2025-10-10T20:00:00-03:00","location":{"@type":"Place","name":"Facultad de Arte &#8211; Unicen","description":"","url":"","address":{"@type":"PostalAddress","streetAddress":"9 de Julio 430","addressLocality":"Tandil","addressRegion":"Provincia de Buenos Aires","postalCode":"7000","addressCountry":"Argentina"},"telephone":"","sameAs":""},"performer":"Organization"}}