{"id":12291,"global_id":"www.arte.unicen.edu.ar\/entodas?id=12291","global_id_lineage":["www.arte.unicen.edu.ar\/entodas?id=12291"],"author":"5","status":"publish","date":"2025-09-26 12:41:02","date_utc":"2025-09-26 15:41:02","modified":"2025-09-26 12:49:17","modified_utc":"2025-09-26 15:49:17","url":"https:\/\/www.arte.unicen.edu.ar\/entodas\/?tribe_events=el-mar-de-las-pecideas-teatro-infantil-3","rest_url":"https:\/\/www.arte.unicen.edu.ar\/entodas\/index.php?rest_route=\/tribe\/events\/v1\/events\/12291","title":"EL MAR DE LAS PECIDEAS &#8211; Teatro infantil","description":"<p><img loading=\"lazy\" decoding=\"async\" class=\"size-medium wp-image-12292 aligncenter\" src=\"https:\/\/www.arte.unicen.edu.ar\/entodas\/wp-content\/uploads\/2025\/09\/553185717_1400905735372573_1681102374832795708_n-240x300.jpg\" alt=\"\" width=\"240\" height=\"300\" srcset=\"https:\/\/www.arte.unicen.edu.ar\/entodas\/wp-content\/uploads\/2025\/09\/553185717_1400905735372573_1681102374832795708_n-240x300.jpg 240w, https:\/\/www.arte.unicen.edu.ar\/entodas\/wp-content\/uploads\/2025\/09\/553185717_1400905735372573_1681102374832795708_n-640x800.jpg 640w, https:\/\/www.arte.unicen.edu.ar\/entodas\/wp-content\/uploads\/2025\/09\/553185717_1400905735372573_1681102374832795708_n-768x960.jpg 768w, https:\/\/www.arte.unicen.edu.ar\/entodas\/wp-content\/uploads\/2025\/09\/553185717_1400905735372573_1681102374832795708_n.jpg 1081w\" sizes=\"(max-width: 240px) 100vw, 240px\" \/><\/p>\n<div class=\"xdj266r x14z9mp xat24cr x1lziwak x1vvkbs x126k92a\">\n<div dir=\"auto\">EL MAR DE LAS PECIDEAS se presentar\u00e1 el Mi\u00e9rcoles 8 de Octubre a las 10 hs. en el Centro Social y Cultural La V\u00eda (Av. del Valle 965)<\/div>\n<div dir=\"auto\">XVI Jornadas Internacionales\/Nacionales de Historia, Arte y Pol\u00edtica, organizadas por el Departamento de Historia y Teor\u00eda del Arte.<\/div>\n<div dir=\"auto\"><span class=\"html-span xexx8yu xyri2b x18d9i69 x1c1uobl x1hl2dhg x16tdsg8 x1vvkbs x3nfvp2 x1j61x8r x1fcty0u xdj266r xat24cr xm2jcoa x1mpyi22 xxymvpz xlup9mm x1kky2od\"><img loading=\"lazy\" decoding=\"async\" class=\"xz74otr x15mokao x1ga7v0g x16uus16 xbiv7yw\" src=\"https:\/\/static.xx.fbcdn.net\/images\/emoji.php\/v9\/t5c\/1\/16\/1f5d3.png\" alt=\"\ud83d\uddd3\ufe0f\" width=\"16\" height=\"16\" \/><\/span> 7, 8 y 9 de octubre de 2025<\/div>\n<div dir=\"auto\"><span class=\"html-span xexx8yu xyri2b x18d9i69 x1c1uobl x1hl2dhg x16tdsg8 x1vvkbs x3nfvp2 x1j61x8r x1fcty0u xdj266r xat24cr xm2jcoa x1mpyi22 xxymvpz xlup9mm x1kky2od\"><img loading=\"lazy\" decoding=\"async\" class=\"xz74otr x15mokao x1ga7v0g x16uus16 xbiv7yw\" src=\"https:\/\/static.xx.fbcdn.net\/images\/emoji.php\/v9\/t2d\/1\/16\/1f4cd.png\" alt=\"\ud83d\udccd\" width=\"16\" height=\"16\" \/><\/span> Tandil. Presencial y virtual<\/div>\n<\/div>\n<div class=\"x14z9mp xat24cr x1lziwak x1vvkbs xtlvy1s x126k92a\">\n<div dir=\"auto\"><span class=\"html-span xexx8yu xyri2b x18d9i69 x1c1uobl x1hl2dhg x16tdsg8 x1vvkbs x3nfvp2 x1j61x8r x1fcty0u xdj266r xat24cr xm2jcoa x1mpyi22 xxymvpz xlup9mm x1kky2od\"><img loading=\"lazy\" decoding=\"async\" class=\"xz74otr x15mokao x1ga7v0g x16uus16 xbiv7yw\" src=\"https:\/\/static.xx.fbcdn.net\/images\/emoji.php\/v9\/tfb\/1\/16\/1f5e3.png\" alt=\"\ud83d\udde3\ufe0f\" width=\"16\" height=\"16\" \/><\/span> Un espacio para el intercambio interdisciplinario y el debate en torno a las tensiones, cruces y posibilidades que emergen entre la historia, el arte y la pol\u00edtica.<\/div>\n<\/div>","excerpt":"","slug":"el-mar-de-las-pecideas-teatro-infantil-3","image":{"url":"https:\/\/www.arte.unicen.edu.ar\/entodas\/wp-content\/uploads\/2025\/09\/553185717_1400905735372573_1681102374832795708_n.jpg","id":12292,"extension":"jpg","width":1081,"height":1351,"filesize":296195,"sizes":{"medium":{"width":240,"height":300,"mime-type":"image\/jpeg","filesize":18449,"url":"https:\/\/www.arte.unicen.edu.ar\/entodas\/wp-content\/uploads\/2025\/09\/553185717_1400905735372573_1681102374832795708_n-240x300.jpg"},"large":{"width":640,"height":800,"mime-type":"image\/jpeg","filesize":90767,"url":"https:\/\/www.arte.unicen.edu.ar\/entodas\/wp-content\/uploads\/2025\/09\/553185717_1400905735372573_1681102374832795708_n-640x800.jpg"},"thumbnail":{"width":390,"height":218,"mime-type":"image\/jpeg","filesize":23785,"url":"https:\/\/www.arte.unicen.edu.ar\/entodas\/wp-content\/uploads\/2025\/09\/553185717_1400905735372573_1681102374832795708_n-390x218.jpg"},"medium_large":{"width":768,"height":960,"mime-type":"image\/jpeg","filesize":118917,"url":"https:\/\/www.arte.unicen.edu.ar\/entodas\/wp-content\/uploads\/2025\/09\/553185717_1400905735372573_1681102374832795708_n-768x960.jpg"}}},"all_day":false,"start_date":"2025-10-08 10:00:00","start_date_details":{"year":"2025","month":"10","day":"08","hour":"10","minutes":"00","seconds":"00"},"end_date":"2025-10-08 10:00:00","end_date_details":{"year":"2025","month":"10","day":"08","hour":"10","minutes":"00","seconds":"00"},"utc_start_date":"2025-10-08 13:00:00","utc_start_date_details":{"year":"2025","month":"10","day":"08","hour":"13","minutes":"00","seconds":"00"},"utc_end_date":"2025-10-08 13:00:00","utc_end_date_details":{"year":"2025","month":"10","day":"08","hour":"13","minutes":"00","seconds":"00"},"timezone":"UTC-3","timezone_abbr":"UTC-3","cost":"","cost_details":{"currency_symbol":"","currency_code":"","currency_position":"prefix","values":[]},"website":"","show_map":true,"show_map_link":true,"hide_from_listings":false,"sticky":false,"featured":false,"categories":[],"tags":[],"venue":{"id":3728,"author":"1","status":"publish","date":"2019-04-11 09:00:08","date_utc":"2019-04-11 12:00:08","modified":"2019-04-11 09:01:50","modified_utc":"2019-04-11 12:01:50","url":"https:\/\/www.arte.unicen.edu.ar\/entodas\/?tribe_venue=centro-cultural-la-via","venue":"Centro Cultural La Via","slug":"centro-cultural-la-via","address":"Av. del Valle 955","city":"Tandil","country":"Argentina","province":"Provincia de Buenos Aires","zip":"7000","stateprovince":"Provincia de Buenos Aires","json_ld":{"@type":"Place","name":"Centro Cultural La Via","description":"","url":"","address":{"@type":"PostalAddress","streetAddress":"Av. del Valle 955","addressLocality":"Tandil","addressRegion":"Provincia de Buenos Aires","postalCode":"7000","addressCountry":"Argentina"},"telephone":"","sameAs":""},"show_map":true,"show_map_link":true,"global_id":"www.arte.unicen.edu.ar\/entodas?id=3728","global_id_lineage":["www.arte.unicen.edu.ar\/entodas?id=3728"]},"organizer":[],"json_ld":{"@context":"http:\/\/schema.org","@type":"Event","name":"EL MAR DE LAS PECIDEAS &#8211; Teatro infantil","description":"&lt;p&gt;EL MAR DE LAS PECIDEAS se presentar\u00e1 el Mi\u00e9rcoles 8 de Octubre a las 10 hs. en el Centro Social y Cultural La V\u00eda (Av. del Valle 965) XVI Jornadas Internacionales\/Nacionales de Historia, Arte y Pol\u00edtica, organizadas por el Departamento de Historia y Teor\u00eda del Arte. 7, 8 y 9 de octubre de 2025 Tandil. Presencial y virtual Un espacio para el intercambio interdisciplinario y el debate en torno a las tensiones, cruces y posibilidades que emergen entre la historia, el arte y la pol\u00edtica.&lt;\/p&gt;\\n","image":"https:\/\/www.arte.unicen.edu.ar\/entodas\/wp-content\/uploads\/2025\/09\/553185717_1400905735372573_1681102374832795708_n.jpg","url":"https:\/\/www.arte.unicen.edu.ar\/entodas\/?tribe_events=el-mar-de-las-pecideas-teatro-infantil-3","eventAttendanceMode":"https:\/\/schema.org\/OfflineEventAttendanceMode","eventStatus":"https:\/\/schema.org\/EventScheduled","startDate":"2025-10-08T10:00:00-03:00","endDate":"2025-10-08T10:00:00-03:00","location":{"@type":"Place","name":"Centro Cultural La Via","description":"","url":"","address":{"@type":"PostalAddress","streetAddress":"Av. del Valle 955","addressLocality":"Tandil","addressRegion":"Provincia de Buenos Aires","postalCode":"7000","addressCountry":"Argentina"},"telephone":"","sameAs":""},"performer":"Organization"}}