{"id":11681,"global_id":"www.arte.unicen.edu.ar\/entodas?id=11681","global_id_lineage":["www.arte.unicen.edu.ar\/entodas?id=11681"],"author":"5","status":"publish","date":"2025-07-15 12:45:23","date_utc":"2025-07-15 15:45:23","modified":"2025-07-15 12:45:23","modified_utc":"2025-07-15 15:45:23","url":"https:\/\/www.arte.unicen.edu.ar\/entodas\/?tribe_events=principe-y-principe-teatro-infantil-4","rest_url":"https:\/\/www.arte.unicen.edu.ar\/entodas\/index.php?rest_route=\/tribe\/events\/v1\/events\/11681","title":"PRINCIPE Y PRINCIPE &#8211; Teatro Infantil","description":"<p><img loading=\"lazy\" decoding=\"async\" class=\"size-medium wp-image-11663 aligncenter\" src=\"https:\/\/www.arte.unicen.edu.ar\/entodas\/wp-content\/uploads\/2025\/07\/WhatsApp-Image-2025-07-15-at-10.25.48-240x300.jpeg\" alt=\"\" width=\"240\" height=\"300\" srcset=\"https:\/\/www.arte.unicen.edu.ar\/entodas\/wp-content\/uploads\/2025\/07\/WhatsApp-Image-2025-07-15-at-10.25.48-240x300.jpeg 240w, https:\/\/www.arte.unicen.edu.ar\/entodas\/wp-content\/uploads\/2025\/07\/WhatsApp-Image-2025-07-15-at-10.25.48-640x800.jpeg 640w, https:\/\/www.arte.unicen.edu.ar\/entodas\/wp-content\/uploads\/2025\/07\/WhatsApp-Image-2025-07-15-at-10.25.48.jpeg 718w\" sizes=\"(max-width: 240px) 100vw, 240px\" \/><\/p>\n<p>Estas vacaciones de invierno son en el Teatro La F\u00e1brica y para toda la familia \ud83d\udc96<br \/>\nVenite al \u00a1Festival Que Fresquete!<\/p>\n<p>\u2728 \u00danica funci\u00f3n de &#8220;Pr\u00edncipe y Pr\u00edncipe&#8221; de Perla Szuchmacher el lunes 21\/07 a las 17hs<\/p>\n<p>\ud83c\udf9f\ufe0fConsegu\u00ed tu entrada escribiendo al 2944664667<\/p>\n<p>\ud83d\udc49\ud83c\udffb Sobre la obra \ud83d\udc48\ud83c\udffb<\/p>\n<p>La reina Victoria est\u00e1 cansada de sus compromisos reales: tantos banquetes, reuniones y festejos la dejan agotada. Lleg\u00f3 el momento de jubilarse. \ud83d\udc51<br \/>\nPara eso es necesario que su hijo, el pr\u00edncipe Tadeo, se case y se haga cargo del reino. Es algo sencillo. Hay que encontrar una princesa, organizar una fiesta y ya est\u00e1. Pero\u2026 \u00bfSer\u00e1 tan r\u00e1pido como se imagina?<\/p>\n<p>Pr\u00edncipe y Pr\u00edncipe es una obra para todas las edades que invita a aceptar lo diverso de los v\u00ednculos y propone ampliar la manera en que vemos la familia y el amor.<\/p>\n<p>\u26a1\ufe0fActuaci\u00f3n:<br \/>\nJulita Esquibel<br \/>\nGast\u00f3n Dubini<br \/>\nWinny Ferraro<br \/>\nEsteban Argonz<br \/>\nClara Giorgetti<br \/>\n\u26a1\ufe0f Realizaci\u00f3n de vestuario: Alfon Mart\u00ednez<br \/>\n\u26a1\ufe0f Realizaci\u00f3n escenogr\u00e1fica: Pablo Garc\u00eda Navarro.<br \/>\n\u26a1\ufe0fFotos: Manu Posse<br \/>\n\u26a1\ufe0f Direcci\u00f3n: Marianela Vallazza<\/p>\n<p>&nbsp;<\/p>","excerpt":"","slug":"principe-y-principe-teatro-infantil-4","image":{"url":"https:\/\/www.arte.unicen.edu.ar\/entodas\/wp-content\/uploads\/2025\/07\/WhatsApp-Image-2025-07-15-at-10.25.48.jpeg","id":11663,"extension":"jpeg","width":718,"height":898,"filesize":73921,"sizes":{"medium":{"width":240,"height":300,"mime-type":"image\/jpeg","filesize":15897,"url":"https:\/\/www.arte.unicen.edu.ar\/entodas\/wp-content\/uploads\/2025\/07\/WhatsApp-Image-2025-07-15-at-10.25.48-240x300.jpeg"},"large":{"width":640,"height":800,"mime-type":"image\/jpeg","filesize":72405,"url":"https:\/\/www.arte.unicen.edu.ar\/entodas\/wp-content\/uploads\/2025\/07\/WhatsApp-Image-2025-07-15-at-10.25.48-640x800.jpeg"},"thumbnail":{"width":390,"height":218,"mime-type":"image\/jpeg","filesize":16018,"url":"https:\/\/www.arte.unicen.edu.ar\/entodas\/wp-content\/uploads\/2025\/07\/WhatsApp-Image-2025-07-15-at-10.25.48-390x218.jpeg"}}},"all_day":false,"start_date":"2025-07-21 17:00:00","start_date_details":{"year":"2025","month":"07","day":"21","hour":"17","minutes":"00","seconds":"00"},"end_date":"2025-07-21 17:00:00","end_date_details":{"year":"2025","month":"07","day":"21","hour":"17","minutes":"00","seconds":"00"},"utc_start_date":"2025-07-21 20:00:00","utc_start_date_details":{"year":"2025","month":"07","day":"21","hour":"20","minutes":"00","seconds":"00"},"utc_end_date":"2025-07-21 20:00:00","utc_end_date_details":{"year":"2025","month":"07","day":"21","hour":"20","minutes":"00","seconds":"00"},"timezone":"UTC-3","timezone_abbr":"UTC-3","cost":"","cost_details":{"currency_symbol":"","currency_code":"","currency_position":"prefix","values":[]},"website":"","show_map":true,"show_map_link":true,"hide_from_listings":false,"sticky":false,"featured":false,"categories":[],"tags":[],"venue":{"id":3628,"author":"1","status":"publish","date":"2019-03-27 12:44:16","date_utc":"2019-03-27 15:44:16","modified":"2019-03-27 12:44:16","modified_utc":"2019-03-27 15:44:16","url":"https:\/\/www.arte.unicen.edu.ar\/entodas\/?tribe_venue=teatro-la-fabrica","venue":"Teatro La F\u00e1brica","slug":"teatro-la-fabrica","address":"Gral. Pinto 359","city":"Tandil","country":"Argentina","province":"Provincia de Buenos Aires","zip":"7000","stateprovince":"Provincia de Buenos Aires","json_ld":{"@type":"Place","name":"Teatro La F\u00e1brica","description":"","url":"","address":{"@type":"PostalAddress","streetAddress":"Gral. Pinto 359","addressLocality":"Tandil","addressRegion":"Provincia de Buenos Aires","postalCode":"7000","addressCountry":"Argentina"},"telephone":"","sameAs":""},"show_map":true,"show_map_link":true,"global_id":"www.arte.unicen.edu.ar\/entodas?id=3628","global_id_lineage":["www.arte.unicen.edu.ar\/entodas?id=3628"]},"organizer":[],"json_ld":{"@context":"http:\/\/schema.org","@type":"Event","name":"PRINCIPE Y PRINCIPE &#8211; Teatro Infantil","description":"&lt;p&gt;Estas vacaciones de invierno son en el Teatro La F\u00e1brica y para toda la familia \ud83d\udc96 Venite al \u00a1Festival Que Fresquete! \u2728 \u00danica funci\u00f3n de &quot;Pr\u00edncipe y Pr\u00edncipe&quot; de Perla Szuchmacher el lunes 21\/07 a las 17hs \ud83c\udf9f\ufe0fConsegu\u00ed tu entrada escribiendo al 2944664667 \ud83d\udc49\ud83c\udffb Sobre la obra \ud83d\udc48\ud83c\udffb La reina Victoria est\u00e1 cansada de sus compromisos reales: tantos banquetes, reuniones y festejos la dejan agotada. Lleg\u00f3 el momento de jubilarse. \ud83d\udc51 Para eso es necesario que su hijo, el pr\u00edncipe Tadeo, se case y se haga cargo del reino. Es algo sencillo. Hay que encontrar una princesa, organizar una fiesta y ya est\u00e1. Pero\u2026 \u00bfSer\u00e1 tan r\u00e1pido como se imagina? Pr\u00edncipe y Pr\u00edncipe es una obra para todas las edades que invita a aceptar lo diverso de los v\u00ednculos y propone ampliar la manera en que vemos la familia y el amor. \u26a1\ufe0fActuaci\u00f3n: Julita Esquibel Gast\u00f3n Dubini Winny Ferraro Esteban&hellip;&lt;\/p&gt;\\n&lt;p&gt; &lt;a class=&quot;more-link&quot; href=&quot;https:\/\/www.arte.unicen.edu.ar\/entodas\/?tribe_events=principe-y-principe-teatro-infantil-4&quot;&gt;Read more&lt;\/a&gt;&lt;\/p&gt;\\n","image":"https:\/\/www.arte.unicen.edu.ar\/entodas\/wp-content\/uploads\/2025\/07\/WhatsApp-Image-2025-07-15-at-10.25.48.jpeg","url":"https:\/\/www.arte.unicen.edu.ar\/entodas\/?tribe_events=principe-y-principe-teatro-infantil-4","eventAttendanceMode":"https:\/\/schema.org\/OfflineEventAttendanceMode","eventStatus":"https:\/\/schema.org\/EventScheduled","startDate":"2025-07-21T17:00:00-03:00","endDate":"2025-07-21T17:00:00-03:00","location":{"@type":"Place","name":"Teatro La F\u00e1brica","description":"","url":"","address":{"@type":"PostalAddress","streetAddress":"Gral. Pinto 359","addressLocality":"Tandil","addressRegion":"Provincia de Buenos Aires","postalCode":"7000","addressCountry":"Argentina"},"telephone":"","sameAs":""},"performer":"Organization"}}