{"id":11493,"global_id":"www.arte.unicen.edu.ar\/entodas?id=11493","global_id_lineage":["www.arte.unicen.edu.ar\/entodas?id=11493"],"author":"5","status":"publish","date":"2025-06-19 14:07:26","date_utc":"2025-06-19 17:07:26","modified":"2025-06-19 14:08:24","modified_utc":"2025-06-19 17:08:24","url":"https:\/\/www.arte.unicen.edu.ar\/entodas\/?tribe_events=etiquetas-teatro-y-danza","rest_url":"https:\/\/www.arte.unicen.edu.ar\/entodas\/index.php?rest_route=\/tribe\/events\/v1\/events\/11493","title":"ETIQUETAS -Teatro y danza","description":"<p><img loading=\"lazy\" decoding=\"async\" class=\"size-medium wp-image-11496 aligncenter\" src=\"https:\/\/www.arte.unicen.edu.ar\/entodas\/wp-content\/uploads\/2025\/06\/WhatsApp-Image-2025-06-19-at-13.22.38-244x300.jpeg\" alt=\"\" width=\"244\" height=\"300\" srcset=\"https:\/\/www.arte.unicen.edu.ar\/entodas\/wp-content\/uploads\/2025\/06\/WhatsApp-Image-2025-06-19-at-13.22.38-244x300.jpeg 244w, https:\/\/www.arte.unicen.edu.ar\/entodas\/wp-content\/uploads\/2025\/06\/WhatsApp-Image-2025-06-19-at-13.22.38-650x800.jpeg 650w, https:\/\/www.arte.unicen.edu.ar\/entodas\/wp-content\/uploads\/2025\/06\/WhatsApp-Image-2025-06-19-at-13.22.38-768x945.jpeg 768w, https:\/\/www.arte.unicen.edu.ar\/entodas\/wp-content\/uploads\/2025\/06\/WhatsApp-Image-2025-06-19-at-13.22.38.jpeg 1080w\" sizes=\"(max-width: 244px) 100vw, 244px\" \/><\/p>\n<p>Compa\u00f1\u00eda VER.SUS presenta:<\/p>\n<p>*ETIQUETAS*<br \/>\nUna obra que busca visibilizar y nos invita a reflexionar sobre Bullying y las etiquetas sociales, a trav\u00e9s del Arte en Movimiento. Mucha Danza y teatro en escena, para entretener, comunicar, conmover y reflexionar.<\/p>\n<p>\ud83d\udc49 Funciones:<br \/>\n&#8211; S\u00e1bado 21\/6 &#8211; 21hs<br \/>\n&#8211; Domingo 22\/6 &#8211; 20hs<br \/>\n\ud83d\udc49Teatro La F\u00e1brica @teatrofabricala<br \/>\n(Pinto 359 &#8211; Tandil) \ud83c\udfad<br \/>\n\ud83d\udc49 Entradas anticipadas con descuento por mensaje a @ver.sus_arte.en.movimiento o a miembros del elenco \ud83c\udf9f\ufe0f\ud83c\udfab<\/p>\n<p>Los esperamos en el ESTRENO!<br \/>\nCelebramos la danza, el arte, como forma de comunicar! \ud83d\ude4c<\/p>\n<p>\ud83d\udc83Int\u00e9rpretes:<br \/>\n@agurodriguez22<br \/>\n@martinez.alfon<br \/>\n@antto_barillaro<br \/>\n@braji_marquesz<br \/>\n@camilaniguez<br \/>\n@carolinafrogley<br \/>\n@julibulnes1<br \/>\n@luugomba<br \/>\n@nadi.falagan<\/p>\n<p>\ud83d\udc83Idea, coreograf\u00edas textos y direcci\u00f3n: @natalia.landa.arte \u2764\ufe0f<\/p>\n<p>\u2728Con el apoyo de:<br \/>\n&#8211; @enelaire.estudio \ud83d\udc9c alojando desinteresadamente nuestros extensos ensayos \ud83d\ude4c<br \/>\n&#8211; @carpinteria_moderna_tandil en realizaci\u00f3n y donaci\u00f3n de utiler\u00eda \ud83d\ude4c<br \/>\n&#8211; Sal\u00f3n Multicultural de la subsecretar\u00eda de Cultura y Educaci\u00f3n de Tandil para ensayos.<br \/>\nVestuarios a cargo de Alfon Mart\u00ednez<\/p>","excerpt":"","slug":"etiquetas-teatro-y-danza","image":{"url":"https:\/\/www.arte.unicen.edu.ar\/entodas\/wp-content\/uploads\/2025\/06\/WhatsApp-Image-2025-06-19-at-13.22.38.jpeg","id":11496,"extension":"jpeg","width":1080,"height":1329,"filesize":83995,"sizes":{"medium":{"width":244,"height":300,"mime-type":"image\/jpeg","filesize":13430,"url":"https:\/\/www.arte.unicen.edu.ar\/entodas\/wp-content\/uploads\/2025\/06\/WhatsApp-Image-2025-06-19-at-13.22.38-244x300.jpeg"},"large":{"width":650,"height":800,"mime-type":"image\/jpeg","filesize":49052,"url":"https:\/\/www.arte.unicen.edu.ar\/entodas\/wp-content\/uploads\/2025\/06\/WhatsApp-Image-2025-06-19-at-13.22.38-650x800.jpeg"},"thumbnail":{"width":390,"height":218,"mime-type":"image\/jpeg","filesize":9456,"url":"https:\/\/www.arte.unicen.edu.ar\/entodas\/wp-content\/uploads\/2025\/06\/WhatsApp-Image-2025-06-19-at-13.22.38-390x218.jpeg"},"medium_large":{"width":768,"height":945,"mime-type":"image\/jpeg","filesize":61584,"url":"https:\/\/www.arte.unicen.edu.ar\/entodas\/wp-content\/uploads\/2025\/06\/WhatsApp-Image-2025-06-19-at-13.22.38-768x945.jpeg"}}},"all_day":false,"start_date":"2025-06-21 21:00:00","start_date_details":{"year":"2025","month":"06","day":"21","hour":"21","minutes":"00","seconds":"00"},"end_date":"2025-06-22 20:00:00","end_date_details":{"year":"2025","month":"06","day":"22","hour":"20","minutes":"00","seconds":"00"},"utc_start_date":"2025-06-22 00:00:00","utc_start_date_details":{"year":"2025","month":"06","day":"22","hour":"00","minutes":"00","seconds":"00"},"utc_end_date":"2025-06-22 23:00:00","utc_end_date_details":{"year":"2025","month":"06","day":"22","hour":"23","minutes":"00","seconds":"00"},"timezone":"UTC-3","timezone_abbr":"UTC-3","cost":"","cost_details":{"currency_symbol":"","currency_code":"","currency_position":"prefix","values":[]},"website":"","show_map":true,"show_map_link":true,"hide_from_listings":false,"sticky":false,"featured":false,"categories":[],"tags":[],"venue":{"id":3628,"author":"1","status":"publish","date":"2019-03-27 12:44:16","date_utc":"2019-03-27 15:44:16","modified":"2019-03-27 12:44:16","modified_utc":"2019-03-27 15:44:16","url":"https:\/\/www.arte.unicen.edu.ar\/entodas\/?tribe_venue=teatro-la-fabrica","venue":"Teatro La F\u00e1brica","slug":"teatro-la-fabrica","address":"Gral. Pinto 359","city":"Tandil","country":"Argentina","province":"Provincia de Buenos Aires","zip":"7000","stateprovince":"Provincia de Buenos Aires","json_ld":{"@type":"Place","name":"Teatro La F\u00e1brica","description":"","url":"","address":{"@type":"PostalAddress","streetAddress":"Gral. Pinto 359","addressLocality":"Tandil","addressRegion":"Provincia de Buenos Aires","postalCode":"7000","addressCountry":"Argentina"},"telephone":"","sameAs":""},"show_map":true,"show_map_link":true,"global_id":"www.arte.unicen.edu.ar\/entodas?id=3628","global_id_lineage":["www.arte.unicen.edu.ar\/entodas?id=3628"]},"organizer":[],"json_ld":{"@context":"http:\/\/schema.org","@type":"Event","name":"ETIQUETAS -Teatro y danza","description":"&lt;p&gt;Compa\u00f1\u00eda VER.SUS presenta: *ETIQUETAS* Una obra que busca visibilizar y nos invita a reflexionar sobre Bullying y las etiquetas sociales, a trav\u00e9s del Arte en Movimiento. Mucha Danza y teatro en escena, para entretener, comunicar, conmover y reflexionar. \ud83d\udc49 Funciones: - S\u00e1bado 21\/6 - 21hs - Domingo 22\/6 - 20hs \ud83d\udc49Teatro La F\u00e1brica @teatrofabricala (Pinto 359 - Tandil) \ud83c\udfad \ud83d\udc49 Entradas anticipadas con descuento por mensaje a @ver.sus_arte.en.movimiento o a miembros del elenco \ud83c\udf9f\ufe0f\ud83c\udfab Los esperamos en el ESTRENO! Celebramos la danza, el arte, como forma de comunicar! \ud83d\ude4c \ud83d\udc83Int\u00e9rpretes: @agurodriguez22 @martinez.alfon @antto_barillaro @braji_marquesz @camilaniguez @carolinafrogley @julibulnes1 @luugomba @nadi.falagan \ud83d\udc83Idea, coreograf\u00edas textos y direcci\u00f3n: @natalia.landa.arte \u2764\ufe0f \u2728Con el apoyo de: - @enelaire.estudio \ud83d\udc9c alojando desinteresadamente nuestros extensos ensayos \ud83d\ude4c - @carpinteria_moderna_tandil en realizaci\u00f3n y donaci\u00f3n de utiler\u00eda \ud83d\ude4c - Sal\u00f3n Multicultural de la subsecretar\u00eda de Cultura y Educaci\u00f3n de Tandil para ensayos. Vestuarios a cargo de Alfon Mart\u00ednez&lt;\/p&gt;\\n","image":"https:\/\/www.arte.unicen.edu.ar\/entodas\/wp-content\/uploads\/2025\/06\/WhatsApp-Image-2025-06-19-at-13.22.38.jpeg","url":"https:\/\/www.arte.unicen.edu.ar\/entodas\/?tribe_events=etiquetas-teatro-y-danza","eventAttendanceMode":"https:\/\/schema.org\/OfflineEventAttendanceMode","eventStatus":"https:\/\/schema.org\/EventScheduled","startDate":"2025-06-21T21:00:00-03:00","endDate":"2025-06-22T20:00:00-03:00","location":{"@type":"Place","name":"Teatro La F\u00e1brica","description":"","url":"","address":{"@type":"PostalAddress","streetAddress":"Gral. Pinto 359","addressLocality":"Tandil","addressRegion":"Provincia de Buenos Aires","postalCode":"7000","addressCountry":"Argentina"},"telephone":"","sameAs":""},"performer":"Organization"}}