{"id":11481,"global_id":"www.arte.unicen.edu.ar\/entodas?id=11481","global_id_lineage":["www.arte.unicen.edu.ar\/entodas?id=11481"],"author":"5","status":"publish","date":"2025-06-19 13:45:52","date_utc":"2025-06-19 16:45:52","modified":"2025-06-19 13:45:52","modified_utc":"2025-06-19 16:45:52","url":"https:\/\/www.arte.unicen.edu.ar\/entodas\/?tribe_events=el-silencio-de-los-hombres-cine-debate","rest_url":"https:\/\/www.arte.unicen.edu.ar\/entodas\/index.php?rest_route=\/tribe\/events\/v1\/events\/11481","title":"EL SILENCIO DE LOS HOMBRES &#8211; Cine debate","description":"<p><img loading=\"lazy\" decoding=\"async\" class=\"size-medium wp-image-11462 aligncenter\" src=\"https:\/\/www.arte.unicen.edu.ar\/entodas\/wp-content\/uploads\/2025\/06\/WhatsApp-Image-2025-06-19-at-11.38.07-293x300.jpeg\" alt=\"\" width=\"293\" height=\"300\" srcset=\"https:\/\/www.arte.unicen.edu.ar\/entodas\/wp-content\/uploads\/2025\/06\/WhatsApp-Image-2025-06-19-at-11.38.07-293x300.jpeg 293w, https:\/\/www.arte.unicen.edu.ar\/entodas\/wp-content\/uploads\/2025\/06\/WhatsApp-Image-2025-06-19-at-11.38.07-783x800.jpeg 783w, https:\/\/www.arte.unicen.edu.ar\/entodas\/wp-content\/uploads\/2025\/06\/WhatsApp-Image-2025-06-19-at-11.38.07-768x785.jpeg 768w, https:\/\/www.arte.unicen.edu.ar\/entodas\/wp-content\/uploads\/2025\/06\/WhatsApp-Image-2025-06-19-at-11.38.07.jpeg 948w\" sizes=\"(max-width: 293px) 100vw, 293px\" \/><\/p>\n<p>&nbsp;<\/p>\n<p>Este s\u00e1bado en Tandil: cine y charla<br \/>\nSe proyecta El silencio de los hombres, de Luc\u00eda Lubarsky, con la presencia de la directora.<br \/>\nUna pel\u00edcula profunda y necesaria sobre masculinidades, mandatos, silencios y emociones.<\/p>\n<p>\ud83d\uddd3\ufe0f S\u00e1bado 21 de junio \u2013 18:00 h<br \/>\n\ud83d\udccd Centro Cultural La Compa\u00f1\u00eda (Alsina 1242)<br \/>\n\ud83d\ude4c Invitan: Biblioteca Popular de las Mujeres y La Compa\u00f1\u00eda<br \/>\n\ud83e\udec2 Colabora: Direcci\u00f3n de Pol\u00edticas de G\u00e9nero del Municipio de Tandil<br \/>\nApta +13<\/p>","excerpt":"","slug":"el-silencio-de-los-hombres-cine-debate","image":{"url":"https:\/\/www.arte.unicen.edu.ar\/entodas\/wp-content\/uploads\/2025\/06\/WhatsApp-Image-2025-06-19-at-11.38.07.jpeg","id":11462,"extension":"jpeg","width":948,"height":969,"filesize":71450,"sizes":{"medium":{"width":293,"height":300,"mime-type":"image\/jpeg","filesize":17510,"url":"https:\/\/www.arte.unicen.edu.ar\/entodas\/wp-content\/uploads\/2025\/06\/WhatsApp-Image-2025-06-19-at-11.38.07-293x300.jpeg"},"large":{"width":783,"height":800,"mime-type":"image\/jpeg","filesize":65164,"url":"https:\/\/www.arte.unicen.edu.ar\/entodas\/wp-content\/uploads\/2025\/06\/WhatsApp-Image-2025-06-19-at-11.38.07-783x800.jpeg"},"thumbnail":{"width":390,"height":218,"mime-type":"image\/jpeg","filesize":15118,"url":"https:\/\/www.arte.unicen.edu.ar\/entodas\/wp-content\/uploads\/2025\/06\/WhatsApp-Image-2025-06-19-at-11.38.07-390x218.jpeg"},"medium_large":{"width":768,"height":785,"mime-type":"image\/jpeg","filesize":63077,"url":"https:\/\/www.arte.unicen.edu.ar\/entodas\/wp-content\/uploads\/2025\/06\/WhatsApp-Image-2025-06-19-at-11.38.07-768x785.jpeg"}}},"all_day":false,"start_date":"2025-06-21 18:00:00","start_date_details":{"year":"2025","month":"06","day":"21","hour":"18","minutes":"00","seconds":"00"},"end_date":"2025-06-21 18:00:00","end_date_details":{"year":"2025","month":"06","day":"21","hour":"18","minutes":"00","seconds":"00"},"utc_start_date":"2025-06-21 21:00:00","utc_start_date_details":{"year":"2025","month":"06","day":"21","hour":"21","minutes":"00","seconds":"00"},"utc_end_date":"2025-06-21 21:00:00","utc_end_date_details":{"year":"2025","month":"06","day":"21","hour":"21","minutes":"00","seconds":"00"},"timezone":"UTC-3","timezone_abbr":"UTC-3","cost":"","cost_details":{"currency_symbol":"","currency_code":"","currency_position":"prefix","values":[]},"website":"","show_map":true,"show_map_link":true,"hide_from_listings":false,"sticky":false,"featured":false,"categories":[],"tags":[],"venue":{"id":3715,"author":"1","status":"publish","date":"2019-04-09 09:17:16","date_utc":"2019-04-09 12:17:16","modified":"2019-05-07 09:46:43","modified_utc":"2019-05-07 12:46:43","url":"https:\/\/www.arte.unicen.edu.ar\/entodas\/?tribe_venue=la-compania","venue":"Centro Cultural La Compa\u00f1\u00eda","slug":"la-compania","address":"Alsina 1242","city":"Tandil","country":"Argentina","province":"Provincia de Buenos Aires","zip":"7000","phone":"0249 4220884","stateprovince":"Provincia de Buenos Aires","json_ld":{"@type":"Place","name":"Centro Cultural La Compa\u00f1\u00eda","description":"","url":"","address":{"@type":"PostalAddress","streetAddress":"Alsina 1242","addressLocality":"Tandil","addressRegion":"Provincia de Buenos Aires","postalCode":"7000","addressCountry":"Argentina"},"telephone":"0249 4220884","sameAs":""},"show_map":true,"show_map_link":true,"global_id":"www.arte.unicen.edu.ar\/entodas?id=3715","global_id_lineage":["www.arte.unicen.edu.ar\/entodas?id=3715"]},"organizer":[],"json_ld":{"@context":"http:\/\/schema.org","@type":"Event","name":"EL SILENCIO DE LOS HOMBRES &#8211; Cine debate","description":"&lt;p&gt;&nbsp; Este s\u00e1bado en Tandil: cine y charla Se proyecta El silencio de los hombres, de Luc\u00eda Lubarsky, con la presencia de la directora. Una pel\u00edcula profunda y necesaria sobre masculinidades, mandatos, silencios y emociones. \ud83d\uddd3\ufe0f S\u00e1bado 21 de junio \u2013 18:00 h \ud83d\udccd Centro Cultural La Compa\u00f1\u00eda (Alsina 1242) \ud83d\ude4c Invitan: Biblioteca Popular de las Mujeres y La Compa\u00f1\u00eda \ud83e\udec2 Colabora: Direcci\u00f3n de Pol\u00edticas de G\u00e9nero del Municipio de Tandil Apta +13&lt;\/p&gt;\\n","image":"https:\/\/www.arte.unicen.edu.ar\/entodas\/wp-content\/uploads\/2025\/06\/WhatsApp-Image-2025-06-19-at-11.38.07.jpeg","url":"https:\/\/www.arte.unicen.edu.ar\/entodas\/?tribe_events=el-silencio-de-los-hombres-cine-debate","eventAttendanceMode":"https:\/\/schema.org\/OfflineEventAttendanceMode","eventStatus":"https:\/\/schema.org\/EventScheduled","startDate":"2025-06-21T18:00:00-03:00","endDate":"2025-06-21T18:00:00-03:00","location":{"@type":"Place","name":"Centro Cultural La Compa\u00f1\u00eda","description":"","url":"","address":{"@type":"PostalAddress","streetAddress":"Alsina 1242","addressLocality":"Tandil","addressRegion":"Provincia de Buenos Aires","postalCode":"7000","addressCountry":"Argentina"},"telephone":"0249 4220884","sameAs":""},"performer":"Organization"}}