{"id":11477,"global_id":"www.arte.unicen.edu.ar\/entodas?id=11477","global_id_lineage":["www.arte.unicen.edu.ar\/entodas?id=11477"],"author":"5","status":"publish","date":"2025-06-19 13:34:53","date_utc":"2025-06-19 16:34:53","modified":"2025-06-19 13:34:53","modified_utc":"2025-06-19 16:34:53","url":"https:\/\/www.arte.unicen.edu.ar\/entodas\/?tribe_events=el-sonido-de-antes-cine","rest_url":"https:\/\/www.arte.unicen.edu.ar\/entodas\/index.php?rest_route=\/tribe\/events\/v1\/events\/11477","title":"EL SONIDO DE ANTES &#8211; Cine","description":"<p><img loading=\"lazy\" decoding=\"async\" class=\"size-medium wp-image-11460 aligncenter\" src=\"https:\/\/www.arte.unicen.edu.ar\/entodas\/wp-content\/uploads\/2025\/06\/WhatsApp-Image-2025-06-19-at-11.26.29-1-148x300.jpeg\" alt=\"\" width=\"148\" height=\"300\" srcset=\"https:\/\/www.arte.unicen.edu.ar\/entodas\/wp-content\/uploads\/2025\/06\/WhatsApp-Image-2025-06-19-at-11.26.29-1-148x300.jpeg 148w, https:\/\/www.arte.unicen.edu.ar\/entodas\/wp-content\/uploads\/2025\/06\/WhatsApp-Image-2025-06-19-at-11.26.29-1-393x800.jpeg 393w, https:\/\/www.arte.unicen.edu.ar\/entodas\/wp-content\/uploads\/2025\/06\/WhatsApp-Image-2025-06-19-at-11.26.29-1.jpeg 531w\" sizes=\"(max-width: 148px) 100vw, 148px\" \/><\/p>\n<p>&nbsp;<\/p>\n<div dir=\"auto\">El sonido<\/div>\n<div dir=\"auto\">de antes<\/div>\n<div dir=\"auto\">Dir. Yael Szmulewicz<\/div>\n<div dir=\"auto\">Documental &#8211; ATP &#8211; 76min<\/div>\n<div dir=\"auto\">Lunes 23 junio 20h<\/div>\n<div dir=\"auto\">Martes 24 junio 20h<\/div>\n<div dir=\"auto\">Entrada Gral: $2000 &#8211; Est., jub: $1000<\/div>\n<div dir=\"auto\">Funci\u00f3n Espacios INCAA<\/div>\n<div dir=\"auto\">**En la funci\u00f3n de lunes 23\/6 contaremos con la presencia de la directora Yael Szmulewicz y el protagonista Patricio Crom.<\/div>\n<div dir=\"auto\">Sinopsis: Patricio Crom, un coleccionista de guitarras se encuentra con una guitarra boca de estrella -como la que usaba Gardel- y de la mano de guitarristas, especialistas en sistemas de grabaci\u00f3n ac\u00fastica y luther\u00eda, se propone recuperar su sonido original.<\/div>\n<div dir=\"auto\">\n<div class=\"x14z9mp xat24cr x1lziwak x1vvkbs xtlvy1s x126k92a\">\n<div dir=\"auto\">Las entradas pueden adquirirse en la boleter\u00eda de la sala a partir del pr\u00f3ximo s\u00e1bado en los horarios de boleter\u00eda. S\u00e1bado 21, domingo 22, lunes 23 y martes 24 de junio de 17 a 20hSe acepta pago con d\u00e9bito o Qr.<\/div>\n<div dir=\"auto\">El Espacio INCAA UNICEN depende del \u00c1rea de Cultura de la UNCPBA y funciona en el Auditorium del Centro Cultural Universitario (Yrigoyen 662\/Tandil).<\/div>\n<\/div>\n<div class=\"x14z9mp xat24cr x1lziwak x1vvkbs xtlvy1s x126k92a\">\n<div dir=\"auto\">\u00a1El Cine de la Universidad!<\/div>\n<\/div>\n<\/div>","excerpt":"","slug":"el-sonido-de-antes-cine","image":{"url":"https:\/\/www.arte.unicen.edu.ar\/entodas\/wp-content\/uploads\/2025\/06\/WhatsApp-Image-2025-06-19-at-11.26.29-1.jpeg","id":11460,"extension":"jpeg","width":531,"height":1080,"filesize":117992,"sizes":{"medium":{"width":148,"height":300,"mime-type":"image\/jpeg","filesize":15402,"url":"https:\/\/www.arte.unicen.edu.ar\/entodas\/wp-content\/uploads\/2025\/06\/WhatsApp-Image-2025-06-19-at-11.26.29-1-148x300.jpeg"},"large":{"width":393,"height":800,"mime-type":"image\/jpeg","filesize":81633,"url":"https:\/\/www.arte.unicen.edu.ar\/entodas\/wp-content\/uploads\/2025\/06\/WhatsApp-Image-2025-06-19-at-11.26.29-1-393x800.jpeg"},"thumbnail":{"width":390,"height":218,"mime-type":"image\/jpeg","filesize":19226,"url":"https:\/\/www.arte.unicen.edu.ar\/entodas\/wp-content\/uploads\/2025\/06\/WhatsApp-Image-2025-06-19-at-11.26.29-1-390x218.jpeg"}}},"all_day":false,"start_date":"2025-06-23 20:00:00","start_date_details":{"year":"2025","month":"06","day":"23","hour":"20","minutes":"00","seconds":"00"},"end_date":"2025-06-24 20:00:00","end_date_details":{"year":"2025","month":"06","day":"24","hour":"20","minutes":"00","seconds":"00"},"utc_start_date":"2025-06-23 23:00:00","utc_start_date_details":{"year":"2025","month":"06","day":"23","hour":"23","minutes":"00","seconds":"00"},"utc_end_date":"2025-06-24 23:00:00","utc_end_date_details":{"year":"2025","month":"06","day":"24","hour":"23","minutes":"00","seconds":"00"},"timezone":"UTC-3","timezone_abbr":"UTC-3","cost":"","cost_details":{"currency_symbol":"","currency_code":"","currency_position":"prefix","values":[]},"website":"","show_map":true,"show_map_link":true,"hide_from_listings":false,"sticky":false,"featured":false,"categories":[],"tags":[],"venue":[],"organizer":[],"json_ld":{"@context":"http:\/\/schema.org","@type":"Event","name":"EL SONIDO DE ANTES &#8211; Cine","description":"&lt;p&gt;&nbsp; El sonido de antes Dir. Yael Szmulewicz Documental - ATP - 76min Lunes 23 junio 20h Martes 24 junio 20h Entrada Gral: $2000 - Est., jub: $1000 Funci\u00f3n Espacios INCAA **En la funci\u00f3n de lunes 23\/6 contaremos con la presencia de la directora Yael Szmulewicz y el protagonista Patricio Crom. Sinopsis: Patricio Crom, un coleccionista de guitarras se encuentra con una guitarra boca de estrella -como la que usaba Gardel- y de la mano de guitarristas, especialistas en sistemas de grabaci\u00f3n ac\u00fastica y luther\u00eda, se propone recuperar su sonido original. Las entradas pueden adquirirse en la boleter\u00eda de la sala a partir del pr\u00f3ximo s\u00e1bado en los horarios de boleter\u00eda. S\u00e1bado 21, domingo 22, lunes 23 y martes 24 de junio de 17 a 20hSe acepta pago con d\u00e9bito o Qr. El Espacio INCAA UNICEN depende del \u00c1rea de Cultura de la UNCPBA y funciona en el Auditorium del&hellip;&lt;\/p&gt;\\n&lt;p&gt; &lt;a class=&quot;more-link&quot; href=&quot;https:\/\/www.arte.unicen.edu.ar\/entodas\/?tribe_events=el-sonido-de-antes-cine&quot;&gt;Read more&lt;\/a&gt;&lt;\/p&gt;\\n","image":"https:\/\/www.arte.unicen.edu.ar\/entodas\/wp-content\/uploads\/2025\/06\/WhatsApp-Image-2025-06-19-at-11.26.29-1.jpeg","url":"https:\/\/www.arte.unicen.edu.ar\/entodas\/?tribe_events=el-sonido-de-antes-cine","eventAttendanceMode":"https:\/\/schema.org\/OfflineEventAttendanceMode","eventStatus":"https:\/\/schema.org\/EventScheduled","startDate":"2025-06-23T20:00:00-03:00","endDate":"2025-06-24T20:00:00-03:00","performer":"Organization"}}