{"id":9987,"date":"2019-12-11T11:25:26","date_gmt":"2019-12-11T14:25:26","guid":{"rendered":"http:\/\/www.arte.unicen.edu.ar\/cdab\/?p=9987"},"modified":"2021-03-21T16:01:35","modified_gmt":"2021-03-21T19:01:35","slug":"sumamos-nuevos-libros-gracias-a-una-adquisicion-realizada-por-la-secretaria-de-investigacion-y-posgrado","status":"publish","type":"post","link":"https:\/\/www.arte.unicen.edu.ar\/cdab\/sumamos-nuevos-libros-gracias-a-una-adquisicion-realizada-por-la-secretaria-de-investigacion-y-posgrado\/","title":{"rendered":"Sumamos nuevos libros gracias a una adquisici\u00f3n realizada por la Secretar\u00eda de Investigaci\u00f3n y Posgrado de la Facultad de Arte"},"content":{"rendered":"\n<p>El <strong>Centro de Documentaci\u00f3n Audiovisual y Biblioteca (CDAB)<\/strong> informa a toda la comunidad acad\u00e9mica de la <a rel=\"noreferrer noopener\" href=\"http:\/\/www.arte.unicen.edu.ar\/\" target=\"_blank\">Facultad de Arte<\/a> que la <strong>Secretar\u00eda de Investigaci\u00f3n y Posgrado<\/strong> realiz\u00f3 una adquisici\u00f3n de material bibliogr\u00e1fico sobre teor\u00eda del cine, audiovisual, nuevas pantallas y nuevas narrativas que pr\u00f3ximamente se integrar\u00e1 a nuestra \u00e1rea de biblioteca. Esta iniciativa fortalece el compromiso del <strong>CDAB<\/strong> en pos de garantizar el acceso a bibliograf\u00eda actualizada para las carreras de <a rel=\"noreferrer noopener\" aria-label=\"Realizaci\u00f3n Integral en Artes Audiovisuales (abre en una nueva pesta\u00f1a)\" href=\"http:\/\/www.arte.unicen.edu.ar\/carreras\/grado\/riaa\/perfil-del-egresado_\/\" target=\"_blank\">Realizaci\u00f3n Integral en Artes Audiovisuales<\/a> y la <a rel=\"noreferrer noopener\" aria-label=\"Diplomatura Universitaria en Arte y Tecnolog\u00eda (DATe) (abre en una nueva pesta\u00f1a)\" href=\"http:\/\/www.arte.unicen.edu.ar\/diplomatura-en-narrativas-transmedia-y-tecnologias-de-la-interactividad\" target=\"_blank\">Diplomatura Universitaria en Arte y Tecnolog\u00eda (DATe)<\/a> que se dictan en nuestra Unidad Acad\u00e9mica. Al mismo tiempo, este procedimiento promueve el pensamiento cr\u00edtico y la investigaci\u00f3n art\u00edstica.<\/p>\n\n\n\n<p>Los nuevos t\u00edtulos que se incorporan son:<\/p>\n\n\n\n<ul class=\"wp-block-list\"><li><a rel=\"noreferrer noopener\" aria-label=\"Pre-cine y post-cine: en di\u00e1logo con los nuevos medios digitales (abre en una nueva pesta\u00f1a)\" href=\"http:\/\/www.arte.unicen.edu.ar\/cdab\/libros\/pre-cine-y-post-cine-en-dialogo-con-los-nuevos-medios-digitales\/\" target=\"_blank\">Pre-cine y post-cine: en di\u00e1logo con los nuevos medios digitales<\/a> de <a rel=\"noreferrer noopener\" aria-label=\"Arlindo Machado (abre en una nueva pesta\u00f1a)\" href=\"http:\/\/www.arte.unicen.edu.ar\/cdab\/autor\/arlindo-machado\/\" target=\"_blank\">Arlindo Machado<\/a>.<\/li><li><a rel=\"noreferrer noopener\" aria-label=\"La sociedad del espect\u00e1culo (abre en una nueva pesta\u00f1a)\" href=\"http:\/\/www.arte.unicen.edu.ar\/cdab\/libros\/la-sociedad-del-espectaculo\/\" target=\"_blank\">La sociedad del espect\u00e1culo<\/a> de <a rel=\"noreferrer noopener\" aria-label=\"Guy Debord (abre en una nueva pesta\u00f1a)\" href=\"http:\/\/www.arte.unicen.edu.ar\/cdab\/autor\/guy-debord\/\" target=\"_blank\">Guy Debord<\/a>.<\/li><li><a rel=\"noreferrer noopener\" aria-label=\"Gui\u00f3n de documentales: de la preproducci\u00f3n a la posproducci\u00f3n (abre en una nueva pesta\u00f1a)\" href=\"http:\/\/www.arte.unicen.edu.ar\/cdab\/libros\/guion-de-documentales-de-la-preproduccion-a-la-posproduccion\/\" target=\"_blank\">Gui\u00f3n de documentales: de la preproducci\u00f3n a la posproducci\u00f3n<\/a> de <a rel=\"noreferrer noopener\" aria-label=\"S\u00e9rgio Puccini (abre en una nueva pesta\u00f1a)\" href=\"http:\/\/www.arte.unicen.edu.ar\/cdab\/autor\/sergio-puccini\/\" target=\"_blank\">S\u00e9rgio Puccini<\/a>.<\/li><li><a rel=\"noreferrer noopener\" aria-label=\"Ecolog\u00eda de los medios. Entornos, evoluciones e interpretaciones (abre en una nueva pesta\u00f1a)\" href=\"http:\/\/www.arte.unicen.edu.ar\/cdab\/libros\/ecologia-de-los-medios-entornos-evoluciones-e-interpretaciones\/\" target=\"_blank\">Ecolog\u00eda de los medios. Entornos, evoluciones e interpretaciones<\/a> editado por <a rel=\"noreferrer noopener\" aria-label=\"Carlos A. Scolari (abre en una nueva pesta\u00f1a)\" href=\"http:\/\/www.arte.unicen.edu.ar\/cdab\/autor\/carlos-a-scolari\/\" target=\"_blank\">Carlos A. Scolari<\/a>.<\/li><li><a rel=\"noreferrer noopener\" aria-label=\"La aldea global. Transformaciones en la vida y los medios de comunicaci\u00f3n mundiales en el siglo XXI. La globalizaci\u00f3n del entorno (abre en una nueva pesta\u00f1a)\" href=\"http:\/\/www.arte.unicen.edu.ar\/cdab\/libros\/la-aldea-global-transformaciones-en-la-vida-y-los-medios-de-comunicacion-mundiales-en-el-siglo-xxi-la-globalizacion-del-entorno\/\" target=\"_blank\">La aldea global. Transformaciones en la vida y los medios de comunicaci\u00f3n mundiales en el siglo XXI. La globalizaci\u00f3n del entorno<\/a> de <a rel=\"noreferrer noopener\" aria-label=\"Marshall McLuhan (abre en una nueva pesta\u00f1a)\" href=\"http:\/\/www.arte.unicen.edu.ar\/cdab\/autor\/marshall-mcluhan\/\" target=\"_blank\">Marshall McLuhan<\/a>, <a rel=\"noreferrer noopener\" aria-label=\"Bruce R. Powers (abre en una nueva pesta\u00f1a)\" href=\"http:\/\/www.arte.unicen.edu.ar\/cdab\/autor\/bruce-r-powers\/\" target=\"_blank\">Bruce R. Powers<\/a>.<\/li><li><a rel=\"noreferrer noopener\" aria-label=\"Dise\u00f1o de producci\u00f3n para pantalla. Storytelling visual en el cine y la televisi\u00f3n (abre en una nueva pesta\u00f1a)\" href=\"http:\/\/www.arte.unicen.edu.ar\/cdab\/libros\/diseno-de-produccion-para-pantalla-storytelling-visual-en-el-cine-y-la-television\/\" target=\"_blank\">Dise\u00f1o de producci\u00f3n para pantalla. Storytelling visual en el cine y la televisi\u00f3n<\/a> de <a rel=\"noreferrer noopener\" aria-label=\"Jane Barnwell (abre en una nueva pesta\u00f1a)\" href=\"http:\/\/www.arte.unicen.edu.ar\/cdab\/autor\/jane-barnwell\/\" target=\"_blank\">Jane Barnwell<\/a>.<\/li><li><a rel=\"noreferrer noopener\" aria-label=\"El audiovisual en la era digital. Pol\u00edticas y estrategias para la diversidad (abre en una nueva pesta\u00f1a)\" href=\"http:\/\/www.arte.unicen.edu.ar\/cdab\/libros\/el-audiovisual-en-la-era-digital-politicas-y-estrategias-para-la-diversidad\/\" target=\"_blank\">El audiovisual en la era digital. Pol\u00edticas y estrategias para la diversidad<\/a> editado por <a rel=\"noreferrer noopener\" aria-label=\"Luis A. Albornoz (abre en una nueva pesta\u00f1a)\" href=\"http:\/\/www.arte.unicen.edu.ar\/cdab\/autor\/luis-a-albornoz\/\" target=\"_blank\">Luis A. Albornoz<\/a>, <a rel=\"noreferrer noopener\" aria-label=\"Mar\u00eda Trinidad Garc\u00eda Leiva (abre en una nueva pesta\u00f1a)\" href=\"http:\/\/www.arte.unicen.edu.ar\/cdab\/autor\/maria-trinidad-garcia-leiva\/\" target=\"_blank\">Mar\u00eda Trinidad Garc\u00eda Leiva<\/a>.<\/li><li><a rel=\"noreferrer noopener\" aria-label=\"Tr\u00e1nsitos de la mirada. Mujeres que hacen cine (abre en una nueva pesta\u00f1a)\" href=\"http:\/\/www.arte.unicen.edu.ar\/cdab\/libros\/transitos-de-la-mirada-mujeres-que-hacen-cine\/\" target=\"_blank\">Tr\u00e1nsitos de la mirada. Mujeres que hacen cine<\/a> editado por <a rel=\"noreferrer noopener\" aria-label=\"Paulina Bettendorff (abre en una nueva pesta\u00f1a)\" href=\"http:\/\/www.arte.unicen.edu.ar\/cdab\/autor\/paulina-bettendorff\/\" target=\"_blank\">Paulina Bettendorff<\/a>, <a rel=\"noreferrer noopener\" aria-label=\"Agustina P\u00e9rez Rial (abre en una nueva pesta\u00f1a)\" href=\"http:\/\/www.arte.unicen.edu.ar\/cdab\/autor\/agustina-perez-rial\/\" target=\"_blank\">Agustina P\u00e9rez Rial<\/a>.<\/li><li><a rel=\"noreferrer noopener\" aria-label=\"La vanguardia en el cine (abre en una nueva pesta\u00f1a)\" href=\"http:\/\/www.arte.unicen.edu.ar\/cdab\/libros\/la-vanguardia-en-el-cine\/\" target=\"_blank\">La vanguardia en el cine<\/a> de <a rel=\"noreferrer noopener\" aria-label=\"Fran\u00e7ois Albera (abre en una nueva pesta\u00f1a)\" href=\"http:\/\/www.arte.unicen.edu.ar\/cdab\/autor\/francois-albera\/\" target=\"_blank\">Fran\u00e7ois Albera<\/a>.<\/li><li><a rel=\"noreferrer noopener\" aria-label=\"Cuerpo y cuadro. Cine, \u00e9tica y pol\u00edtica: la m\u00e1quina-cine y la obstrucci\u00f3n de lo visible (abre en una nueva pesta\u00f1a)\" href=\"http:\/\/www.arte.unicen.edu.ar\/cdab\/libros\/cuerpo-y-cuadro-cine-etica-y-politica-la-maquina-cine-y-la-obstruccion-de-lo-visible\/\" target=\"_blank\">Cuerpo y cuadro. Cine, \u00e9tica y pol\u00edtica: la m\u00e1quina-cine y la obstrucci\u00f3n de lo visible<\/a> de <a rel=\"noreferrer noopener\" aria-label=\"Jean-Louis Comolli (abre en una nueva pesta\u00f1a)\" href=\"http:\/\/www.arte.unicen.edu.ar\/cdab\/autor\/jean-louis-comolli\/\" target=\"_blank\">Jean-Louis Comolli<\/a>.<\/li><li><a rel=\"noreferrer noopener\" aria-label=\"El arte de contar historias: adaptaciones en el cine argentino reciente (abre en una nueva pesta\u00f1a)\" href=\"http:\/\/www.arte.unicen.edu.ar\/cdab\/libros\/el-arte-de-contar-historias-adaptaciones-en-el-cine-argentino-reciente\/\" target=\"_blank\">El arte de contar historias: adaptaciones en el cine argentino reciente<\/a> de <a rel=\"noreferrer noopener\" aria-label=\"Alfredo Dillon (abre en una nueva pesta\u00f1a)\" href=\"http:\/\/www.arte.unicen.edu.ar\/cdab\/autor\/alfredo-dillon\/\" target=\"_blank\">Alfredo Dillon<\/a>, <a rel=\"noreferrer noopener\" aria-label=\"Teresa T\u00e9ramo (abre en una nueva pesta\u00f1a)\" href=\"http:\/\/www.arte.unicen.edu.ar\/cdab\/autor\/teresa-teramo\/\" target=\"_blank\">Teresa T\u00e9ramo<\/a>.<\/li><\/ul>\n\n\n\n<p><table style=\"margin: 15px auto 20px; text-align: center; border-collapse: collapse; border-spacing: 0;\">\n<tbody>\n<tr>\n<td style=\"padding: 0px 20px 5px 20px;\"><a href=\"http:\/\/www.arte.unicen.edu.ar\/cdab\/wp-content\/uploads\/2019\/12\/adq-sip-01.png\" data-fancybox=\"gallery\" data-caption=\"Sumamos nuevos libros gracias a una adquisici\u00f3n realizada por la Secretar\u00eda de Investigaci\u00f3n y Posgrado de la Facultad de Arte\"><img loading=\"lazy\" decoding=\"async\" class=\"aligncenter size-medium wp-image-5627\" src=\"http:\/\/www.arte.unicen.edu.ar\/cdab\/wp-content\/uploads\/2019\/12\/adq-sip-01-600x397.png\" alt=\"\" width=\"400\" height=\"265\"\/><\/a><\/td>\n<td style=\"padding: 0px 20px 5px 20px;\"><a href=\"http:\/\/www.arte.unicen.edu.ar\/cdab\/wp-content\/uploads\/2019\/12\/adq-sip-02.png\" data-fancybox=\"gallery\" data-caption=\"Sumamos nuevos libros gracias a una adquisici\u00f3n realizada por la Secretar\u00eda de Investigaci\u00f3n y Posgrado de la Facultad de Arte\"><img loading=\"lazy\" decoding=\"async\" class=\"aligncenter size-medium wp-image-5628\" src=\"http:\/\/www.arte.unicen.edu.ar\/cdab\/wp-content\/uploads\/2019\/12\/adq-sip-02-600x397.png\" alt=\"\" width=\"400\" height=\"265\"\/><\/a><\/td>\n<\/tr>\n<tr>\n<td style=\"padding: 0px 20px 5px 20px;\"><a href=\"http:\/\/www.arte.unicen.edu.ar\/cdab\/wp-content\/uploads\/2019\/12\/adq-sip-03.png\" data-fancybox=\"gallery\" data-caption=\"Sumamos nuevos libros gracias a una adquisici\u00f3n realizada por la Secretar\u00eda de Investigaci\u00f3n y Posgrado de la Facultad de Arte\"><img loading=\"lazy\" decoding=\"async\" class=\"aligncenter size-medium wp-image-5633\" src=\"http:\/\/www.arte.unicen.edu.ar\/cdab\/wp-content\/uploads\/2019\/12\/adq-sip-03-600x397.png\" alt=\"\" width=\"400\" height=\"265\"\/><\/a><\/td>\n<td style=\"padding: 0px 20px 5px 20px;\"><a href=\"http:\/\/www.arte.unicen.edu.ar\/cdab\/wp-content\/uploads\/2019\/12\/adq-sip-04.png\" data-fancybox=\"gallery\" data-caption=\"Sumamos nuevos libros gracias a una adquisici\u00f3n realizada por la Secretar\u00eda de Investigaci\u00f3n y Posgrado de la Facultad de Arte\"><img loading=\"lazy\" decoding=\"async\" class=\"aligncenter size-medium wp-image-5633\" src=\"http:\/\/www.arte.unicen.edu.ar\/cdab\/wp-content\/uploads\/2019\/12\/adq-sip-04-600x397.png\" alt=\"\" width=\"400\" height=\"265\"\/><\/a><\/td>\n<td style=\"padding: 0px 20px 5px 20px;\"><\/td>\n<\/tr>\n<\/tbody>\n<\/table><\/p>\n\n\n\n<p>Invitamos a todxs lxs interesadxs a acercarse a nuestro espacio ubicado en la planta baja de la <a rel=\"noreferrer noopener\" aria-label=\"Facultad de Arte (abre en una nueva pesta\u00f1a)\" href=\"http:\/\/www.arte.unicen.edu.ar\" target=\"_blank\">Facultad de Arte<\/a> (9 de Julio 430) de <strong>lunes a viernes<\/strong> en el horario de <strong>9 a 15 hs.<\/strong><\/p>\n","protected":false},"excerpt":{"rendered":"<p>El Centro de Documentaci\u00f3n Audiovisual y Biblioteca (CDAB) informa a toda la comunidad acad\u00e9mica de la Facultad de Arte que la Secretar\u00eda de Investigaci\u00f3n y Posgrado realiz\u00f3 una adquisici\u00f3n de material bibliogr\u00e1fico sobre teor\u00eda del cine, audiovisual, nuevas pantallas y nuevas narrativas que pr\u00f3ximamente se integrar\u00e1 a nuestra \u00e1rea de biblioteca. Esta iniciativa fortalece el compromiso del CDAB en pos [&hellip;]<\/p>\n","protected":false},"author":1,"featured_media":10362,"comment_status":"open","ping_status":"open","sticky":false,"template":"","format":"standard","meta":{"_acf_changed":false,"footnotes":""},"categories":[1],"tags":[2280,214,215,288],"class_list":["post-9987","post","type-post","status-publish","format-standard","has-post-thumbnail","hentry","category-novedades","tag-adquisicion","tag-cdab","tag-facultad-de-arte","tag-secretaria-de-investigacion-y-posgrado"],"acf":[],"_links":{"self":[{"href":"https:\/\/www.arte.unicen.edu.ar\/cdab\/wp-json\/wp\/v2\/posts\/9987","targetHints":{"allow":["GET"]}}],"collection":[{"href":"https:\/\/www.arte.unicen.edu.ar\/cdab\/wp-json\/wp\/v2\/posts"}],"about":[{"href":"https:\/\/www.arte.unicen.edu.ar\/cdab\/wp-json\/wp\/v2\/types\/post"}],"author":[{"embeddable":true,"href":"https:\/\/www.arte.unicen.edu.ar\/cdab\/wp-json\/wp\/v2\/users\/1"}],"replies":[{"embeddable":true,"href":"https:\/\/www.arte.unicen.edu.ar\/cdab\/wp-json\/wp\/v2\/comments?post=9987"}],"version-history":[{"count":2,"href":"https:\/\/www.arte.unicen.edu.ar\/cdab\/wp-json\/wp\/v2\/posts\/9987\/revisions"}],"predecessor-version":[{"id":18196,"href":"https:\/\/www.arte.unicen.edu.ar\/cdab\/wp-json\/wp\/v2\/posts\/9987\/revisions\/18196"}],"wp:featuredmedia":[{"embeddable":true,"href":"https:\/\/www.arte.unicen.edu.ar\/cdab\/wp-json\/wp\/v2\/media\/10362"}],"wp:attachment":[{"href":"https:\/\/www.arte.unicen.edu.ar\/cdab\/wp-json\/wp\/v2\/media?parent=9987"}],"wp:term":[{"taxonomy":"category","embeddable":true,"href":"https:\/\/www.arte.unicen.edu.ar\/cdab\/wp-json\/wp\/v2\/categories?post=9987"},{"taxonomy":"post_tag","embeddable":true,"href":"https:\/\/www.arte.unicen.edu.ar\/cdab\/wp-json\/wp\/v2\/tags?post=9987"}],"curies":[{"name":"wp","href":"https:\/\/api.w.org\/{rel}","templated":true}]}}