{"id":9954,"date":"2019-11-27T09:53:18","date_gmt":"2019-11-27T12:53:18","guid":{"rendered":"http:\/\/www.arte.unicen.edu.ar\/cdab\/?p=9954"},"modified":"2021-02-09T10:04:08","modified_gmt":"2021-02-09T13:04:08","slug":"los-asistentes-al-taller-de-cine-sin-camara-donaron-al-cdab-su-trabajo-en-material-filmico","status":"publish","type":"post","link":"https:\/\/www.arte.unicen.edu.ar\/cdab\/los-asistentes-al-taller-de-cine-sin-camara-donaron-al-cdab-su-trabajo-en-material-filmico\/","title":{"rendered":"Los asistentes al &#8220;Taller de cine sin c\u00e1mara&#8221; donaron al CDAB su trabajo en material f\u00edlmico"},"content":{"rendered":"\n<p>Los d\u00edas jueves 7 y viernes 8 de noviembre en el marco del <strong>III Simposio Internacional sobre Cine y Audiovisual (SCA)<\/strong> se llev\u00f3 a cabo el <em><strong>Taller de cine sin c\u00e1mara<\/strong><\/em> a cargo de Paulo P\u00e9cora. Este encuentro ofreci\u00f3 una introducci\u00f3n te\u00f3rico-pr\u00e1ctica al cine hecho sin c\u00e1mara y sobre todo a sus posibilidades est\u00e9ticas y creativas. Se trata de una antigua t\u00e9cnica de animaci\u00f3n e intervenci\u00f3n directa del material f\u00edlmico, a partir de diversos procedimientos artesanales de animaci\u00f3n mediante decoloraci\u00f3n, pintura o rayado.<\/p>\n\n\n\n<p>A trav\u00e9s de la lectura de textos y el visionado de pel\u00edculas esenciales, el curso recorri\u00f3 la historia de esta t\u00e9cnica cinematogr\u00e1fica que prescinde de la c\u00e1mara y el registro de im\u00e1genes reales. Para ello, se repas\u00f3 la obra de algunos de sus exponentes m\u00e1s importantes y se revisaron diferentes procedimientos de adici\u00f3n y sustracci\u00f3n qu\u00edmicos, pict\u00f3ricos y f\u00edsicos en el celuloide. Como producci\u00f3n final del taller se propuso la creaci\u00f3n de una obra colectiva, brindando acceso a moviolas, empalmadoras y proyectores.<\/p>\n\n\n\n<p>En cada encuentro los asistentes intervinieron l\u00fadica y experimentalmente trozos de celuloide que luego fueron unidos en una \u00fanica pel\u00edcula al estilo de un &#8220;cad\u00e1ver exquisito&#8221;. Agradecemos a quienes participaron de esta actividad &#8211;<em>Emiliano Silva, Trinidad Silva, Eliana Jarque, Agostina Romeo, Carola Gomez, Florencia Pugliese, Gala Vicente, Nicol\u00e1s Jacob, Yanina Jensen<\/em> y <em>Manuela Ceriani<\/em>&#8211; por la donaci\u00f3n del material final al <strong>Centro de Documentaci\u00f3n Audiovisual y Biblioteca (CDAB)<\/strong> de la <a rel=\"noreferrer noopener\" aria-label=\"Facultad de Arte (abre en una nueva pesta\u00f1a)\" href=\"http:\/\/www.arte.unicen.edu.ar\" target=\"_blank\">Facultad de Arte<\/a>.<\/p>\n\n\n\n<h3 class=\"wp-block-heading\">Acerca de Paulo P\u00e9cora<\/h3>\n\n\n\n<p><img loading=\"lazy\" decoding=\"async\" width=\"200\" height=\"200\" class=\"alignleft size-full wp-image-4077\" style=\"border: 0px; border-radius: 200px; margin-bottom: 35px;\" src=\"http:\/\/www.arte.unicen.edu.ar\/cdab\/wp-content\/uploads\/2019\/11\/paulo-pecora.png\" alt=\"\"\/><strong>Paulo P\u00e9cora<\/strong> es periodista y cineasta. Naci\u00f3 en Buenos Aires, Argentina, donde curs\u00f3 las licenciaturas en Periodismo (<a rel=\"noreferrer noopener\" aria-label=\"Universidad del Salvador (abre en una nueva pesta\u00f1a)\" href=\"http:\/\/www.usal.edu.ar\" target=\"_blank\">Universidad del Salvador<\/a>) y Direcci\u00f3n Cinematogr\u00e1fica (<a rel=\"noreferrer noopener\" aria-label=\"Universidad del Cine (abre en una nueva pesta\u00f1a)\" href=\"https:\/\/www.ucine.edu.ar\" target=\"_blank\">Universidad del Cine<\/a>). Trabaj\u00f3 como redactor especializado en cine en la <a href=\"http:\/\/www.telam.com.ar\" target=\"_blank\" rel=\"noreferrer noopener\" aria-label=\"Agencia Nacional de Noticias T\u00e9lam (abre en una nueva pesta\u00f1a)\">Agencia Nacional de Noticias T\u00e9lam<\/a> y colabora con diversos art\u00edculos y entrevistas para diarios, revistas y libros del pa\u00eds y el exterior. Tambi\u00e9n se dedica de manera amateur a la fotograf\u00eda y a las artes pl\u00e1sticas. Escribi\u00f3, dirigi\u00f3 y produjo los largometrajes de ficci\u00f3n <em>El sue\u00f1o del perro<\/em>, <em>Marea Baja<\/em> y <em>Lo que tenemos<\/em>, el documental <em>Amasekenalo<\/em> y el mediometraje de terror <em>Las Amigas<\/em>, adem\u00e1s de numerosos cortometrajes de corte experimental.<\/p>\n\n\n\n<p><u><strong>Sitio web:<\/strong><\/u> <a href=\"http:\/\/paulopecora.blogspot.com\/\">www.paulopecora.blogspot.com<\/a><\/p>\n","protected":false},"excerpt":{"rendered":"<p>Los d\u00edas jueves 7 y viernes 8 de noviembre en el marco del III Simposio Internacional sobre Cine y Audiovisual (SCA) se llev\u00f3 a cabo el Taller de cine sin c\u00e1mara a cargo de Paulo P\u00e9cora. Este encuentro ofreci\u00f3 una introducci\u00f3n te\u00f3rico-pr\u00e1ctica al cine hecho sin c\u00e1mara y sobre todo a sus posibilidades est\u00e9ticas y creativas. Se trata de una [&hellip;]<\/p>\n","protected":false},"author":1,"featured_media":10087,"comment_status":"open","ping_status":"open","sticky":false,"template":"","format":"standard","meta":{"_acf_changed":false,"footnotes":""},"categories":[1],"tags":[214,290,215],"class_list":["post-9954","post","type-post","status-publish","format-standard","has-post-thumbnail","hentry","category-novedades","tag-cdab","tag-donacion","tag-facultad-de-arte"],"acf":[],"_links":{"self":[{"href":"https:\/\/www.arte.unicen.edu.ar\/cdab\/wp-json\/wp\/v2\/posts\/9954","targetHints":{"allow":["GET"]}}],"collection":[{"href":"https:\/\/www.arte.unicen.edu.ar\/cdab\/wp-json\/wp\/v2\/posts"}],"about":[{"href":"https:\/\/www.arte.unicen.edu.ar\/cdab\/wp-json\/wp\/v2\/types\/post"}],"author":[{"embeddable":true,"href":"https:\/\/www.arte.unicen.edu.ar\/cdab\/wp-json\/wp\/v2\/users\/1"}],"replies":[{"embeddable":true,"href":"https:\/\/www.arte.unicen.edu.ar\/cdab\/wp-json\/wp\/v2\/comments?post=9954"}],"version-history":[{"count":2,"href":"https:\/\/www.arte.unicen.edu.ar\/cdab\/wp-json\/wp\/v2\/posts\/9954\/revisions"}],"predecessor-version":[{"id":17008,"href":"https:\/\/www.arte.unicen.edu.ar\/cdab\/wp-json\/wp\/v2\/posts\/9954\/revisions\/17008"}],"wp:featuredmedia":[{"embeddable":true,"href":"https:\/\/www.arte.unicen.edu.ar\/cdab\/wp-json\/wp\/v2\/media\/10087"}],"wp:attachment":[{"href":"https:\/\/www.arte.unicen.edu.ar\/cdab\/wp-json\/wp\/v2\/media?parent=9954"}],"wp:term":[{"taxonomy":"category","embeddable":true,"href":"https:\/\/www.arte.unicen.edu.ar\/cdab\/wp-json\/wp\/v2\/categories?post=9954"},{"taxonomy":"post_tag","embeddable":true,"href":"https:\/\/www.arte.unicen.edu.ar\/cdab\/wp-json\/wp\/v2\/tags?post=9954"}],"curies":[{"name":"wp","href":"https:\/\/api.w.org\/{rel}","templated":true}]}}