{"id":9873,"date":"2019-10-31T13:33:42","date_gmt":"2019-10-31T16:33:42","guid":{"rendered":"http:\/\/www.arte.unicen.edu.ar\/cdab\/?p=9873"},"modified":"2021-03-10T00:31:06","modified_gmt":"2021-03-10T03:31:06","slug":"ya-se-encuentra-online-el-vigesimoctavo-numero-de-la-escalera-el-anuario-de-la-facultad-de-arte","status":"publish","type":"post","link":"https:\/\/www.arte.unicen.edu.ar\/cdab\/ya-se-encuentra-online-el-vigesimoctavo-numero-de-la-escalera-el-anuario-de-la-facultad-de-arte\/","title":{"rendered":"Ya se encuentra online &#8220;La Escalera #28&#8221;, el anuario de la Facultad de Arte"},"content":{"rendered":"\n<p>Con el objetivo de fomentar el intercambio y la investigaci\u00f3n acerca de la producci\u00f3n y el consumo cultural en el campo art\u00edstico, ya se encuentra online el <strong>vigesimo octavo n\u00famero<\/strong> del Anuario de la <a rel=\"noreferrer noopener\" aria-label=\"Facultad de Arte (abre en una nueva pesta\u00f1a)\" href=\"http:\/\/www.arte.unicen.edu.ar\" target=\"_blank\">Facultad de Arte<\/a>: <a rel=\"noreferrer noopener\" aria-label=\"La Escalera (abre en una nueva pesta\u00f1a)\" href=\"http:\/\/www.ojs.arte.unicen.edu.ar\/index.php\/laescalera\" target=\"_blank\">La Escalera<\/a>. Esta revista acad\u00e9mica, disponible en formato papel y digital, se encuentra indexada en <a rel=\"noreferrer noopener\" aria-label=\" (abre en una nueva pesta\u00f1a)\" href=\"https:\/\/www.latindex.org\/latindex\/ficha?folio=15908\" target=\"_blank\">Latindex<\/a> (ISSN: 1515-8349) y cada a\u00f1o recupera la memoria institucional de la <a rel=\"noreferrer noopener\" aria-label=\"Facultad de Arte (abre en una nueva pesta\u00f1a)\" href=\"http:\/\/www.arte.unicen.edu.ar\" target=\"_blank\">Facultad de Arte<\/a> considerando las pr\u00e1cticas acad\u00e9micas, art\u00edsticas e investigativas de un colectivo cada vez m\u00e1s transdisciplinar.<\/p>\n\n\n\n<p>En consecuencia, confluyen estudios afines al teatro, la historia de la cultura, el audiovisual y la vinculaci\u00f3n de los artistas con su entorno y\/o territorio.<\/p>\n\n\n\n<h3 class=\"wp-block-heading\">En este n\u00famero\u2026<\/h3>\n\n\n\n<p><strong>Teresita Mar\u00eda Victoria Fuentes<\/strong> -Directora del <a rel=\"noreferrer noopener\" aria-label=\"Centro de Estudios de Teatro, Educaci\u00f3n y Consumos Culturales (TECC) (abre en una nueva pesta\u00f1a)\" href=\"http:\/\/www.arte.unicen.edu.ar\/tecc\" target=\"_blank\">Centro de Estudios de Teatro, Educaci\u00f3n y Consumos Culturales (TECC)<\/a>&#8211; y <strong>Javier Campo<\/strong> &#8211;<em>Secretario de Investigaci\u00f3n y Posgrado<\/em> de la <a rel=\"noreferrer noopener\" aria-label=\"Facultad de Arte (abre en una nueva pesta\u00f1a)\" href=\"http:\/\/www.arte.unicen.edu.ar\" target=\"_blank\">Facultad de Arte<\/a>&#8211; dan la bienvenida con una editorial que repasa los eventos realizados durante 2018 en el marco de la celebraci\u00f3n por los <strong>30 a\u00f1os de creaci\u00f3n de nuestra Unidad Acad\u00e9mica<\/strong>.<\/p>\n\n\n\n<p>En este sentido destacan la apertura de la <a rel=\"noreferrer noopener\" aria-label=\"Maestr\u00eda en Arte y Sociedad en Latinoam\u00e9rica (abre en una nueva pesta\u00f1a)\" href=\"http:\/\/www.arte.unicen.edu.ar\/carreras\/posgrado\/maestria-en-arte-y-sociedad\/\" target=\"_blank\">Maestr\u00eda en Arte y Sociedad en Latinoam\u00e9rica<\/a> con una conferencia abierta brindada por la <strong>Dra. Leonor Arfuch<\/strong> y la entrega del t\u00edtulo de Doctor Honoris Causa a <strong>N\u00e9stor Garc\u00eda Canclini<\/strong>; la concreci\u00f3n del programa <a rel=\"noreferrer noopener\" aria-label=\"Arte dice NO (abre en una nueva pesta\u00f1a)\" href=\"http:\/\/www.arte.unicen.edu.ar\/arte-dice-no\/\" target=\"_blank\">Arte dice NO<\/a>; la colaci\u00f3n de la primera cohorte de la <a rel=\"noreferrer noopener\" aria-label=\"Diplomatura Universitaria en Narrativas Transmedia y Tecnolog\u00edas de la Interactividad (abre en una nueva pesta\u00f1a)\" href=\"http:\/\/www.arte.unicen.edu.ar\/diplomatura-en-narrativas-transmedia-y-tecnologias-de-la-interactividad\/\" target=\"_blank\">Diplomatura Universitaria en Narrativas Transmedia y Tecnolog\u00edas de la Interactividad<\/a>; la culminaci\u00f3n del programa <em>Escena P\u00fablica<\/em>; la consolidaci\u00f3n de <em>El Hall se Muestra<\/em> como un espacio de exhibici\u00f3n destinado a artistas locales; la mudanza del <strong>Centro de Documentaci\u00f3n Audiovisual y Biblioteca (CDAB)<\/strong> a la sede principal de la Facultad y la constante ampliaci\u00f3n del cat\u00e1logo de <a rel=\"noreferrer noopener\" aria-label=\"Arte Publicaciones (abre en una nueva pesta\u00f1a)\" href=\"http:\/\/www.arte.unicen.edu.ar\/artepublicaciones\" target=\"_blank\">Arte Publicaciones<\/a> con la incorporaci\u00f3n de los libros <em>Instituciones, Identidades y Po\u00e9ticas. Pr\u00e1cticas y trayectorias art\u00edsticas en el sur de la provincia de Buenos Aires<\/em>, <em>La &#8220;forma escolar&#8221; del arte. Provincia de Buenos Aires (1940-1960)<\/em> e <em>Im\u00e1genes y p\u00fablicos del cine argentino cl\u00e1sico<\/em>. Adem\u00e1s&#8230;<\/p>\n\n\n\n<ul class=\"wp-block-list\"><li><strong>Jorge Dubatti<\/strong> presenta un art\u00edculo que es una invitaci\u00f3n a repensar la teatralidad, el teatro y la transteatralizaci\u00f3n, redefiniendo las acciones de actuaci\u00f3n y expectaci\u00f3n.<\/li><li><strong>Agustina Bertone<\/strong> indaga acerca del quehacer teatral del dramaturgo alem\u00e1n Bertolt Brecht a partir de los estudios de Jacques Ranci\u00e8re, Herbert Read y Herbert Marcuse.<\/li><li><strong>Daniel Giacomelli<\/strong> estudia las primeras instancias de tem\u00e1ticas <em>noir<\/em> mediante el an\u00e1lisis de tres pel\u00edculas de mediados de la d\u00e9cada del &#8217;40 en Argentina: <em>Ven, mi coraz\u00f3n te llama, El muerto falta a la cita<\/em> y <em>Se abre el abismo<\/em>.<\/li><li><strong>Mirta Amati<\/strong> y <strong>Adriana Galizio<\/strong> aportan una mirada acerca de los festejos por el Bicentenario 2016 en Tucum\u00e1n, donde se organiz\u00f3 una performance denominada <em>Los globos negros del Bicentenario<\/em> realizada por artistas y actores sociales.<\/li><li><strong>Mar\u00eda Bel\u00e9n Errendasoro, Josefina Villama\u00f1e, Roc\u00edo Ferreyro<\/strong> y <strong>Valeria Guasone<\/strong> reflexionan en torno a <em>Vivencias del tiempo y el ritmo. Apertura singular de una investigaci\u00f3n que aborda la problem\u00e1tica del ritmo en el actor<\/em>.<\/li><li><strong>Guillermo Dillon<\/strong> y <strong>Yanina Lopez<\/strong> desarrollan conceptualizaciones y fundamentos del dispositivo de extensi\u00f3n universitaria <em>Arte en Pa\u00f1ales. Primera Escena<\/em>.<\/li><li><strong>Marcela Juarez<\/strong> refiere a la teatralidad y la dimensi\u00f3n sensorial mediante un fragmento de su tesis titulada <em>Po\u00e9tica de la Sensaci\u00f3n. Una aproximaci\u00f3n a los procedimientos del teatro a oscuras en el proceso creativo de la trilog\u00eda &#8220;Nada que ver (teatro oscuro)&#8221; en la ciudad de Tandil (2018)<\/em>.<\/li><li><strong>Claudia C. Speranza<\/strong> y <strong>An\u00edbal Minnucci<\/strong> analizan lo experimental, lo po\u00e9tico y las construcciones de la memoria colectiva sobre el sur de Sudam\u00e9rica a trav\u00e9s de <em>El bot\u00f3n de n\u00e1car<\/em> (2015) del documentalista chileno Patricio Guzm\u00e1n y <em>La extensi\u00f3n<\/em> (2014) de Christian Delgado y Nicol\u00e1s Testoni.<\/li><\/ul>\n\n\n\n<p>Para acceder al nuevo n\u00famero de <a rel=\"noreferrer noopener\" aria-label=\"La Escalera (abre en una nueva pesta\u00f1a)\" href=\"http:\/\/www.ojs.arte.unicen.edu.ar\/index.php\/laescalera\/issue\/view\/71\" target=\"_blank\">La Escalera<\/a> visite el sitio web oficial de la publicaci\u00f3n: <a rel=\"noreferrer noopener\" aria-label=\"www.ojs.arte.unicen.edu.ar\/index.php\/laescalera\/issue\/view\/71 (abre en una nueva pesta\u00f1a)\" href=\"http:\/\/www.ojs.arte.unicen.edu.ar\/index.php\/laescalera\/issue\/view\/71\" target=\"_blank\">www.ojs.arte.unicen.edu.ar\/index.php\/laescalera\/issue\/view\/71<\/a><\/p>\n","protected":false},"excerpt":{"rendered":"<p>Con el objetivo de fomentar el intercambio y la investigaci\u00f3n acerca de la producci\u00f3n y el consumo cultural en el campo art\u00edstico, ya se encuentra online el vigesimo octavo n\u00famero del Anuario de la Facultad de Arte: La Escalera. Esta revista acad\u00e9mica, disponible en formato papel y digital, se encuentra indexada en Latindex (ISSN: 1515-8349) y cada a\u00f1o recupera la [&hellip;]<\/p>\n","protected":false},"author":1,"featured_media":9894,"comment_status":"open","ping_status":"open","sticky":false,"template":"","format":"standard","meta":{"_acf_changed":false,"footnotes":""},"categories":[1],"tags":[292,214,215,296],"class_list":["post-9873","post","type-post","status-publish","format-standard","has-post-thumbnail","hentry","category-novedades","tag-arte-publicaciones","tag-cdab","tag-facultad-de-arte","tag-la-escalera"],"acf":[],"_links":{"self":[{"href":"https:\/\/www.arte.unicen.edu.ar\/cdab\/wp-json\/wp\/v2\/posts\/9873","targetHints":{"allow":["GET"]}}],"collection":[{"href":"https:\/\/www.arte.unicen.edu.ar\/cdab\/wp-json\/wp\/v2\/posts"}],"about":[{"href":"https:\/\/www.arte.unicen.edu.ar\/cdab\/wp-json\/wp\/v2\/types\/post"}],"author":[{"embeddable":true,"href":"https:\/\/www.arte.unicen.edu.ar\/cdab\/wp-json\/wp\/v2\/users\/1"}],"replies":[{"embeddable":true,"href":"https:\/\/www.arte.unicen.edu.ar\/cdab\/wp-json\/wp\/v2\/comments?post=9873"}],"version-history":[{"count":2,"href":"https:\/\/www.arte.unicen.edu.ar\/cdab\/wp-json\/wp\/v2\/posts\/9873\/revisions"}],"predecessor-version":[{"id":17985,"href":"https:\/\/www.arte.unicen.edu.ar\/cdab\/wp-json\/wp\/v2\/posts\/9873\/revisions\/17985"}],"wp:featuredmedia":[{"embeddable":true,"href":"https:\/\/www.arte.unicen.edu.ar\/cdab\/wp-json\/wp\/v2\/media\/9894"}],"wp:attachment":[{"href":"https:\/\/www.arte.unicen.edu.ar\/cdab\/wp-json\/wp\/v2\/media?parent=9873"}],"wp:term":[{"taxonomy":"category","embeddable":true,"href":"https:\/\/www.arte.unicen.edu.ar\/cdab\/wp-json\/wp\/v2\/categories?post=9873"},{"taxonomy":"post_tag","embeddable":true,"href":"https:\/\/www.arte.unicen.edu.ar\/cdab\/wp-json\/wp\/v2\/tags?post=9873"}],"curies":[{"name":"wp","href":"https:\/\/api.w.org\/{rel}","templated":true}]}}