{"id":9721,"date":"2019-11-20T14:35:01","date_gmt":"2019-11-20T17:35:01","guid":{"rendered":"http:\/\/www.arte.unicen.edu.ar\/cdab\/?p=9721"},"modified":"2021-02-09T10:02:16","modified_gmt":"2021-02-09T13:02:16","slug":"el-proximo-miercoles-27-de-noviembre-se-realizara-el-tercer-encuentro-de-en-que-andas","status":"publish","type":"post","link":"https:\/\/www.arte.unicen.edu.ar\/cdab\/el-proximo-miercoles-27-de-noviembre-se-realizara-el-tercer-encuentro-de-en-que-andas\/","title":{"rendered":"El pr\u00f3ximo mi\u00e9rcoles 27 de noviembre se realizar\u00e1 el tercer encuentro de &#8220;\u00bfEn qu\u00e9 and\u00e1s?&#8221;"},"content":{"rendered":"\n<p>El pr\u00f3ximo <strong>mi\u00e9rcoles 27 de noviembre<\/strong> a las <strong>19 hs.<\/strong> en el Aula del Consejo Acad\u00e9mico de la <a rel=\"noreferrer noopener\" aria-label=\"Facultad de Arte (abre en una nueva pesta\u00f1a)\" href=\"http:\/\/www.arte.unicen.edu.ar\" target=\"_blank\">Facultad de Arte<\/a> (9 de julio 430, 1\u00b0 piso), la <strong>Secretar\u00eda de Investigaci\u00f3n y Posgrado<\/strong> presentar\u00e1 la tercera edici\u00f3n de <strong>\u00bfEn qu\u00e9 and\u00e1s?<\/strong>. Este espacio de di\u00e1logo acerca de las experiencias y l\u00edneas de investigaci\u00f3n de docentes e investigadorxs contar\u00e1 con la presencia de <strong>Lucrecia Etchecoin, Teresita Mar\u00eda Victoria Fuentes, Judit Go\u00f1i<\/strong> y <strong>Virginia Morazzo<\/strong>. La actividad ser\u00e1 registrada audiovisualmente y quedar\u00e1 a disposici\u00f3n en el <a rel=\"noreferrer noopener\" aria-label=\"repositorio multimedia (abre en una nueva pesta\u00f1a)\" href=\"http:\/\/www.arte.unicen.edu.ar\/cdab\/servicios\/repositorio\/\" target=\"_blank\">repositorio multimedia<\/a> del <strong>Centro de Documentaci\u00f3n Audiovisual y Biblioteca (CDAB)<\/strong> para consulta de todxs lxs interesadxs.<\/p>\n\n\n\n<p>Compartimos algunos registros fotogr\u00e1ficos del segundo encuentro:<\/p>\n<p><table style=\"margin: 15px auto 25px; text-align: center; border-collapse: collapse; border-spacing: 0;\">\n<tbody>\n<tr>\n<td style=\"padding: 0px 20px 10px 20px;\"><a href=\"http:\/\/www.arte.unicen.edu.ar\/cdab\/wp-content\/uploads\/2019\/11\/enqueandas-02-01.png\" data-fancybox=\"gallery\" data-caption=\"El pr\u00f3ximo mi\u00e9rcoles 27 de noviembre se realizar\u00e1 el tercer encuentro de &#8220;\u00bfEn qu\u00e9 and\u00e1s?&#8221;\"><img loading=\"lazy\" decoding=\"async\" class=\"aligncenter size-medium wp-image-5627\" src=\"http:\/\/www.arte.unicen.edu.ar\/cdab\/wp-content\/uploads\/2019\/11\/enqueandas-02-01-300x160.png\" alt=\"\" width=\"320\" height=\"180\"\/><\/a><\/td>\n<td style=\"padding: 0px 20px 10px 20px;\"><a href=\"http:\/\/www.arte.unicen.edu.ar\/cdab\/wp-content\/uploads\/2019\/11\/enqueandas-02-02.png\" data-fancybox=\"gallery\" data-caption=\"El pr\u00f3ximo mi\u00e9rcoles 27 de noviembre se realizar\u00e1 el tercer encuentro de &#8220;\u00bfEn qu\u00e9 and\u00e1s?&#8221;\"><img loading=\"lazy\" decoding=\"async\" class=\"aligncenter size-medium wp-image-5628\" src=\"http:\/\/www.arte.unicen.edu.ar\/cdab\/wp-content\/uploads\/2019\/11\/enqueandas-02-02-300x160.png\" alt=\"\" width=\"320\" height=\"180\"\/><\/a><\/td>\n<\/tr>\n<tr>\n<td style=\"padding: 0px 20px 10px 20px;\"><a href=\"http:\/\/www.arte.unicen.edu.ar\/cdab\/wp-content\/uploads\/2019\/11\/enqueandas-02-03.png\" data-fancybox=\"gallery\" data-caption=\"El pr\u00f3ximo mi\u00e9rcoles 27 de noviembre se realizar\u00e1 el tercer encuentro de &#8220;\u00bfEn qu\u00e9 and\u00e1s?&#8221;\"><img loading=\"lazy\" decoding=\"async\" class=\"aligncenter size-medium wp-image-5633\" src=\"http:\/\/www.arte.unicen.edu.ar\/cdab\/wp-content\/uploads\/2019\/11\/enqueandas-02-03-300x160.png\" alt=\"\" width=\"320\" height=\"180\"\/><\/a><\/td>\n<td style=\"padding: 0px 20px 10px 20px;\"><a href=\"http:\/\/www.arte.unicen.edu.ar\/cdab\/wp-content\/uploads\/2019\/11\/enqueandas-02-04.png\" data-fancybox=\"gallery\" data-caption=\"El pr\u00f3ximo mi\u00e9rcoles 27 de noviembre se realizar\u00e1 el tercer encuentro de &#8220;\u00bfEn qu\u00e9 and\u00e1s?&#8221;\"><img loading=\"lazy\" decoding=\"async\" class=\"aligncenter size-medium wp-image-5633\" src=\"http:\/\/www.arte.unicen.edu.ar\/cdab\/wp-content\/uploads\/2019\/11\/enqueandas-02-04-300x160.png\" alt=\"\" width=\"320\" height=\"180\"\/><\/a><\/td>\n<\/tr>\n<\/tbody>\n<\/table><\/p>\n\n\n\n<p>Desde el\u00a0<strong>CDAB<\/strong>\u00a0hacemos extensiva la invitaci\u00f3n a toda la comunidad para participar de esta propuesta con entrada libre y gratuita. Para m\u00e1s informaci\u00f3n visite el sitio web oficial de la\u00a0<a rel=\"noreferrer noopener\" href=\"http:\/\/www.arte.unicen.edu.ar\/\" target=\"_blank\">Facultad de Arte<\/a>:\u00a0<a rel=\"noreferrer noopener\" href=\"http:\/\/www.arte.unicen.edu.ar\/\" target=\"_blank\">www.arte.unicen.edu.ar<\/a><\/p>\n\n\n\n<table style=\"margin: 10px auto 25px; text-align: center; border-collapse: collapse; border-spacing: 0;\"><tbody><tr><td><a href=\"http:\/\/www.arte.unicen.edu.ar\/cdab\/wp-content\/uploads\/2019\/11\/en-que-andas-tercer-encuentro.jpg\" data-fancybox=\"gallery\" data-caption=\"El pr\u00f3ximo mi\u00e9rcoles 27 de noviembre se realizar\u00e1 el tercer encuentro de &#8220;\u00bfEn qu\u00e9 and\u00e1s?&#8221;\"><img loading=\"lazy\" decoding=\"async\" class=\"aligncenter size-medium wp-image-2866\" src=\"http:\/\/www.arte.unicen.edu.ar\/cdab\/wp-content\/uploads\/2019\/11\/en-que-andas-tercer-encuentro-424x600.jpg\" alt=\"\" width=\"424\" height=\"600\"\/><\/a><\/td><\/tr><\/tbody><\/table>\n","protected":false},"excerpt":{"rendered":"<p>El pr\u00f3ximo mi\u00e9rcoles 27 de noviembre a las 19 hs. en el Aula del Consejo Acad\u00e9mico de la Facultad de Arte (9 de julio 430, 1\u00b0 piso), la Secretar\u00eda de Investigaci\u00f3n y Posgrado presentar\u00e1 la tercera edici\u00f3n de \u00bfEn qu\u00e9 and\u00e1s?. Este espacio de di\u00e1logo acerca de las experiencias y l\u00edneas de investigaci\u00f3n de docentes e investigadorxs contar\u00e1 con la [&hellip;]<\/p>\n","protected":false},"author":1,"featured_media":8925,"comment_status":"open","ping_status":"open","sticky":false,"template":"","format":"standard","meta":{"_acf_changed":false,"footnotes":""},"categories":[1],"tags":[214,1884,215,288],"class_list":["post-9721","post","type-post","status-publish","format-standard","has-post-thumbnail","hentry","category-novedades","tag-cdab","tag-en-que-andas","tag-facultad-de-arte","tag-secretaria-de-investigacion-y-posgrado"],"acf":[],"_links":{"self":[{"href":"https:\/\/www.arte.unicen.edu.ar\/cdab\/wp-json\/wp\/v2\/posts\/9721","targetHints":{"allow":["GET"]}}],"collection":[{"href":"https:\/\/www.arte.unicen.edu.ar\/cdab\/wp-json\/wp\/v2\/posts"}],"about":[{"href":"https:\/\/www.arte.unicen.edu.ar\/cdab\/wp-json\/wp\/v2\/types\/post"}],"author":[{"embeddable":true,"href":"https:\/\/www.arte.unicen.edu.ar\/cdab\/wp-json\/wp\/v2\/users\/1"}],"replies":[{"embeddable":true,"href":"https:\/\/www.arte.unicen.edu.ar\/cdab\/wp-json\/wp\/v2\/comments?post=9721"}],"version-history":[{"count":2,"href":"https:\/\/www.arte.unicen.edu.ar\/cdab\/wp-json\/wp\/v2\/posts\/9721\/revisions"}],"predecessor-version":[{"id":17007,"href":"https:\/\/www.arte.unicen.edu.ar\/cdab\/wp-json\/wp\/v2\/posts\/9721\/revisions\/17007"}],"wp:featuredmedia":[{"embeddable":true,"href":"https:\/\/www.arte.unicen.edu.ar\/cdab\/wp-json\/wp\/v2\/media\/8925"}],"wp:attachment":[{"href":"https:\/\/www.arte.unicen.edu.ar\/cdab\/wp-json\/wp\/v2\/media?parent=9721"}],"wp:term":[{"taxonomy":"category","embeddable":true,"href":"https:\/\/www.arte.unicen.edu.ar\/cdab\/wp-json\/wp\/v2\/categories?post=9721"},{"taxonomy":"post_tag","embeddable":true,"href":"https:\/\/www.arte.unicen.edu.ar\/cdab\/wp-json\/wp\/v2\/tags?post=9721"}],"curies":[{"name":"wp","href":"https:\/\/api.w.org\/{rel}","templated":true}]}}