{"id":9374,"date":"2019-10-14T10:53:43","date_gmt":"2019-10-14T13:53:43","guid":{"rendered":"http:\/\/www.arte.unicen.edu.ar\/cdab\/?p=9374"},"modified":"2021-02-09T09:28:32","modified_gmt":"2021-02-09T12:28:32","slug":"este-lunes-21-de-octubre-llega-la-segunda-edicion-de-en-que-andas-el-ciclo-de-dialogos-sobre-investigacion-y-posgrado","status":"publish","type":"post","link":"https:\/\/www.arte.unicen.edu.ar\/cdab\/este-lunes-21-de-octubre-llega-la-segunda-edicion-de-en-que-andas-el-ciclo-de-dialogos-sobre-investigacion-y-posgrado\/","title":{"rendered":"El lunes 21 de octubre llega la segunda edici\u00f3n de &#8220;\u00bfEn qu\u00e9 and\u00e1s?&#8221;, el ciclo de di\u00e1logos sobre investigaci\u00f3n y posgrado"},"content":{"rendered":"\n<p>Tras un enriquecedor primer encuentro, el pr\u00f3ximo <strong>lunes 21 de octubre<\/strong> a las <strong>19 hs.<\/strong> en el Aula del Consejo Acad\u00e9mico (9 de julio 430, 1\u00b0 piso), la <strong>Secretar\u00eda de Investigaci\u00f3n y Posgrado<\/strong> de la <a rel=\"noreferrer noopener\" href=\"http:\/\/www.arte.unicen.edu.ar\/\" target=\"_blank\">Facultad de Arte<\/a> presenta la segunda edici\u00f3n de <strong>\u00bfEn qu\u00e9 and\u00e1s?<\/strong>. Este nuevo espacio de di\u00e1logo acerca de las experiencias y l\u00edneas de investigaci\u00f3n de docentes e investigadorxs contar\u00e1 con la presencia de <strong>Gabriela Gonz\u00e1lez, Mar\u00eda Guadalupe Suasn\u00e1bar, Alexis Trigo<\/strong> y <strong>Araceli de Vanna<\/strong>. La actividad ser\u00e1 registrada audiovisualmente y quedar\u00e1 a disposici\u00f3n en el <a rel=\"noreferrer noopener\" href=\"http:\/\/www.arte.unicen.edu.ar\/cdab\/servicios\/repositorio\" target=\"_blank\">repositorio multimedia<\/a> del <strong>Centro de Documentaci\u00f3n Audiovisual y Biblioteca (CDAB)<\/strong> para consulta de todxs lxs interesados.<\/p>\n\n\n\n<p>Compartimos algunos registros fotogr\u00e1ficos del primer encuentro:<\/p>\n<p><table style=\"margin: 15px auto 25px; text-align: center; border-collapse: collapse; border-spacing: 0;\">\n<tbody>\n<tr>\n<td style=\"padding: 0px 20px 10px 20px;\"><a href=\"http:\/\/www.arte.unicen.edu.ar\/cdab\/wp-content\/uploads\/2019\/10\/enqueandas-1.png\" data-fancybox=\"gallery\" data-caption=\"El lunes 21 de octubre llega la segunda edici\u00f3n de &#8220;\u00bfEn qu\u00e9 and\u00e1s?&#8221;, el ciclo de di\u00e1logos sobre investigaci\u00f3n y posgrado\"><img loading=\"lazy\" decoding=\"async\" class=\"aligncenter size-medium wp-image-5627\" src=\"http:\/\/www.arte.unicen.edu.ar\/cdab\/wp-content\/uploads\/2019\/10\/enqueandas-1-300x160.png\" alt=\"\" width=\"320\" height=\"180\"\/><\/a><\/td>\n<td style=\"padding: 0px 20px 10px 20px;\"><a href=\"http:\/\/www.arte.unicen.edu.ar\/cdab\/wp-content\/uploads\/2019\/10\/enqueandas-2.png\" data-fancybox=\"gallery\" data-caption=\"El lunes 21 de octubre llega la segunda edici\u00f3n de &#8220;\u00bfEn qu\u00e9 and\u00e1s?&#8221;, el ciclo de di\u00e1logos sobre investigaci\u00f3n y posgrado\"><img loading=\"lazy\" decoding=\"async\" class=\"aligncenter size-medium wp-image-5628\" src=\"http:\/\/www.arte.unicen.edu.ar\/cdab\/wp-content\/uploads\/2019\/10\/enqueandas-2-300x160.png\" alt=\"\" width=\"320\" height=\"180\"\/><\/a><\/td>\n<\/tr>\n<tr>\n<td style=\"padding: 0px 20px 10px 20px;\"><a href=\"http:\/\/www.arte.unicen.edu.ar\/cdab\/wp-content\/uploads\/2019\/10\/enqueandas-3.png\" data-fancybox=\"gallery\" data-caption=\"El lunes 21 de octubre llega la segunda edici\u00f3n de &#8220;\u00bfEn qu\u00e9 and\u00e1s?&#8221;, el ciclo de di\u00e1logos sobre investigaci\u00f3n y posgrado\"><img loading=\"lazy\" decoding=\"async\" class=\"aligncenter size-medium wp-image-5633\" src=\"http:\/\/www.arte.unicen.edu.ar\/cdab\/wp-content\/uploads\/2019\/10\/enqueandas-3-300x160.png\" alt=\"\" width=\"320\" height=\"180\"\/><\/a><\/td>\n<td style=\"padding: 0px 20px 10px 20px;\"><a href=\"http:\/\/www.arte.unicen.edu.ar\/cdab\/wp-content\/uploads\/2019\/10\/enqueandas-4.png\" data-fancybox=\"gallery\" data-caption=\"El lunes 21 de octubre llega la segunda edici\u00f3n de &#8220;\u00bfEn qu\u00e9 and\u00e1s?&#8221;, el ciclo de di\u00e1logos sobre investigaci\u00f3n y posgrado\"><img loading=\"lazy\" decoding=\"async\" class=\"aligncenter size-medium wp-image-5633\" src=\"http:\/\/www.arte.unicen.edu.ar\/cdab\/wp-content\/uploads\/2019\/10\/enqueandas-4-300x160.png\" alt=\"\" width=\"320\" height=\"180\"\/><\/a><\/td>\n<\/tr>\n<tr>\n<td style=\"padding: 0px 0px 0px 0px; margin: 0; font-size: 12px;\" colspan=\"2\"><em><u>Fotograf\u00edas:<\/u> Mart\u00edn Krieger (\u00c1rea de Comunicaci\u00f3n, Facultad de Arte, UNICEN).<\/em><\/td>\n<\/tr>\n<\/tbody>\n<\/table><\/p>\n\n\n\n<p>Desde el <strong>CDAB<\/strong> hacemos extensiva la invitaci\u00f3n a la comunidad acad\u00e9mica para participar de esta propuesta con entrada libre y gratuita. Para m\u00e1s informaci\u00f3n visite el sitio web oficial de la <a rel=\"noreferrer noopener\" href=\"http:\/\/www.arte.unicen.edu.ar\/\" target=\"_blank\">Facultad de Arte<\/a>: <a rel=\"noreferrer noopener\" href=\"http:\/\/www.arte.unicen.edu.ar\/\" target=\"_blank\">www.arte.unicen.edu.ar<\/a><\/p>\n\n\n\n<table style=\"margin: 10px auto 25px; text-align: center; border-collapse: collapse; border-spacing: 0;\"><tbody><tr><td><a href=\"http:\/\/www.arte.unicen.edu.ar\/cdab\/wp-content\/uploads\/2019\/10\/en-que-andas-octubre.jpg\" data-fancybox=\"gallery\" data-caption=\"El lunes 21 de octubre llega la segunda edici\u00f3n de &#8220;\u00bfEn qu\u00e9 and\u00e1s?&#8221;, el ciclo de di\u00e1logos sobre investigaci\u00f3n y posgrado\"><img loading=\"lazy\" decoding=\"async\" class=\"aligncenter size-medium wp-image-2866\" src=\"http:\/\/www.arte.unicen.edu.ar\/cdab\/wp-content\/uploads\/2019\/10\/en-que-andas-octubre-425x600.jpg\" alt=\"\" width=\"425\" height=\"600\"\/><\/a><\/td><\/tr><\/tbody><\/table>\n","protected":false},"excerpt":{"rendered":"<p>Tras un enriquecedor primer encuentro, el pr\u00f3ximo lunes 21 de octubre a las 19 hs. en el Aula del Consejo Acad\u00e9mico (9 de julio 430, 1\u00b0 piso), la Secretar\u00eda de Investigaci\u00f3n y Posgrado de la Facultad de Arte presenta la segunda edici\u00f3n de \u00bfEn qu\u00e9 and\u00e1s?. Este nuevo espacio de di\u00e1logo acerca de las experiencias y l\u00edneas de investigaci\u00f3n de [&hellip;]<\/p>\n","protected":false},"author":1,"featured_media":8925,"comment_status":"open","ping_status":"open","sticky":false,"template":"","format":"standard","meta":{"_acf_changed":false,"footnotes":""},"categories":[1],"tags":[214,1884,215,288],"class_list":["post-9374","post","type-post","status-publish","format-standard","has-post-thumbnail","hentry","category-novedades","tag-cdab","tag-en-que-andas","tag-facultad-de-arte","tag-secretaria-de-investigacion-y-posgrado"],"acf":[],"_links":{"self":[{"href":"https:\/\/www.arte.unicen.edu.ar\/cdab\/wp-json\/wp\/v2\/posts\/9374","targetHints":{"allow":["GET"]}}],"collection":[{"href":"https:\/\/www.arte.unicen.edu.ar\/cdab\/wp-json\/wp\/v2\/posts"}],"about":[{"href":"https:\/\/www.arte.unicen.edu.ar\/cdab\/wp-json\/wp\/v2\/types\/post"}],"author":[{"embeddable":true,"href":"https:\/\/www.arte.unicen.edu.ar\/cdab\/wp-json\/wp\/v2\/users\/1"}],"replies":[{"embeddable":true,"href":"https:\/\/www.arte.unicen.edu.ar\/cdab\/wp-json\/wp\/v2\/comments?post=9374"}],"version-history":[{"count":1,"href":"https:\/\/www.arte.unicen.edu.ar\/cdab\/wp-json\/wp\/v2\/posts\/9374\/revisions"}],"predecessor-version":[{"id":16990,"href":"https:\/\/www.arte.unicen.edu.ar\/cdab\/wp-json\/wp\/v2\/posts\/9374\/revisions\/16990"}],"wp:featuredmedia":[{"embeddable":true,"href":"https:\/\/www.arte.unicen.edu.ar\/cdab\/wp-json\/wp\/v2\/media\/8925"}],"wp:attachment":[{"href":"https:\/\/www.arte.unicen.edu.ar\/cdab\/wp-json\/wp\/v2\/media?parent=9374"}],"wp:term":[{"taxonomy":"category","embeddable":true,"href":"https:\/\/www.arte.unicen.edu.ar\/cdab\/wp-json\/wp\/v2\/categories?post=9374"},{"taxonomy":"post_tag","embeddable":true,"href":"https:\/\/www.arte.unicen.edu.ar\/cdab\/wp-json\/wp\/v2\/tags?post=9374"}],"curies":[{"name":"wp","href":"https:\/\/api.w.org\/{rel}","templated":true}]}}