{"id":9372,"date":"2019-10-10T13:45:10","date_gmt":"2019-10-10T16:45:10","guid":{"rendered":"http:\/\/www.arte.unicen.edu.ar\/cdab\/?p=9372"},"modified":"2021-03-01T12:28:23","modified_gmt":"2021-03-01T15:28:23","slug":"estudiantes-met-maysl-participaron-v-jornada-tesistas-posgrado","status":"publish","type":"post","link":"https:\/\/www.arte.unicen.edu.ar\/cdab\/estudiantes-met-maysl-participaron-v-jornada-tesistas-posgrado\/","title":{"rendered":"Estudiantes avanzados de la Maestr\u00eda en Teatro y la Maestr\u00eda en Arte y Sociedad en Latinoam\u00e9rica participaron de la V Jornada de Tesistas de Posgrado"},"content":{"rendered":"\n<p>Este jueves 10 de octubre a las 9 hs., en el Aula del Consejo Acad\u00e9mico de la <a rel=\"noreferrer noopener\" aria-label=\"Facultad de Arte (abre en una nueva pesta\u00f1a)\" href=\"http:\/\/www.arte.unicen.edu.ar\" target=\"_blank\">Facultad de Arte<\/a>, se llev\u00f3 a cabo la <strong>V Jornada de Tesistas de Posgrado<\/strong> destinada a estudiantes avanzados de la <a rel=\"noreferrer noopener\" aria-label=\"Maestr\u00eda en Teatro (abre en una nueva pesta\u00f1a)\" href=\"http:\/\/www.arte.unicen.edu.ar\/carreras\/posgrado\/maestria-en-teatro\/\" target=\"_blank\">Maestr\u00eda en Teatro<\/a> y la <a rel=\"noreferrer noopener\" aria-label=\"Maestr\u00eda en Arte y Sociedad en Latinoam\u00e9rica (abre en una nueva pesta\u00f1a)\" href=\"http:\/\/www.arte.unicen.edu.ar\/carreras\/posgrado\/maestria-en-arte-y-sociedad\/\" target=\"_blank\">Maestr\u00eda en Arte y Sociedad en Latinoam\u00e9rica<\/a>. El encuentro estuvo organizado por la <strong>Secretar\u00eda de Investigaci\u00f3n y Posgrado<\/strong> y, como en cada edici\u00f3n, tiene como objetivo promover el intercambio entre quienes est\u00e1n realizando sus trabajos finales de posgrado. Se trata de un espacio propicio para compartir experiencias, materiales de investigaci\u00f3n y capacitarse junto a lxs docentes en relaci\u00f3n a las tesis de finalizaci\u00f3n de Maestr\u00eda. Hasta el momento han participado de las jornadas m\u00e1s de 25 tesistas de la <a rel=\"noreferrer noopener\" aria-label=\"Maestr\u00eda en Teatro (abre en una nueva pesta\u00f1a)\" href=\"http:\/\/www.arte.unicen.edu.ar\/carreras\/posgrado\/maestria-en-teatro\/\" target=\"_blank\">Maestr\u00eda en Teatro<\/a>, junto a docentes-investigadorxs, y este a\u00f1o por primera vez se presentaron alumnxs avanzados de la <a rel=\"noreferrer noopener\" aria-label=\"Maestr\u00eda en Arte y Sociedad en Latinoam\u00e9rica (abre en una nueva pesta\u00f1a)\" href=\"http:\/\/www.arte.unicen.edu.ar\/carreras\/posgrado\/maestria-en-arte-y-sociedad\/\" target=\"_blank\">Maestr\u00eda en Arte y Sociedad en Latinoam\u00e9rica<\/a>.<\/p>\n\n\n\n<p>En representaci\u00f3n de la Facultad estuvieron presentes el <em>Secretario de Investigaci\u00f3n y Posgrado<\/em>, <strong>Dr. Javier Campo<\/strong>, e integrantes de la <em>Comisi\u00f3n Acad\u00e9mica de Posgrado<\/em> de cada Maestr\u00eda; &#8211;<strong>Mg. Guillermo Dillon, Mg. Gabriela P\u00e9rez Cubas, Dra. Ana Silva, Mg. Jorge Tripiana<\/strong> y <strong>Dr. Luciano Barandiar\u00e1n<\/strong>-.<\/p>\n\n\n\n<p>Durante la jornada presentaron sus proyectos de tesis&#8230;<\/p>\n\n\n\n<ul class=\"wp-block-list\"><li><strong>Luz Hojsgaard<\/strong>, quien brind\u00f3 un panorama acerca de <em>El convivio en el teatro argentino contempor\u00e1neo: Distancia. Un espect\u00e1culo virtual de Mat\u00edas Umpierrez<\/em> (<a rel=\"noreferrer noopener\" href=\"http:\/\/www.arte.unicen.edu.ar\/carreras\/posgrado\/maestria-en-teatro\/\" target=\"_blank\">Maestr\u00eda en Teatro<\/a> &#8211; Menci\u00f3n Dise\u00f1o Esc\u00e9nico);<\/li><\/ul>\n\n\n\n<ul class=\"wp-block-list\"><li><strong>Agust\u00edn Rodr\u00edguez<\/strong>, en videoconferencia, bajo el t\u00edtulo <em>Isla invisible. Exploraci\u00f3n mediante procedimientos art\u00edsticos para visibilizar la complejidad que caracteriza al ambiente costero de Bah\u00eda Blanca<\/em> (<a rel=\"noreferrer noopener\" href=\"http:\/\/www.arte.unicen.edu.ar\/carreras\/posgrado\/maestria-en-arte-y-sociedad\/\" target=\"_blank\">Maestr\u00eda en Arte y Sociedad en Latinoam\u00e9rica<\/a>);<\/li><\/ul>\n\n\n\n<ul class=\"wp-block-list\"><li><strong>Anabella Galvano<\/strong> disert\u00f3 acerca de su proyecto titulado <em>Interfaces est\u00e9ticas del lado inc\u00f3modo del mundo. Reflexiones en torno a la articulaci\u00f3n de dimensiones est\u00e9ticas y pol\u00edticas en el arte latinoamericano entre los a\u00f1os 2008 y 2018<\/em> (<a rel=\"noreferrer noopener\" href=\"http:\/\/www.arte.unicen.edu.ar\/carreras\/posgrado\/maestria-en-arte-y-sociedad\/\" target=\"_blank\">Maestr\u00eda en Arte y Sociedad en Latinoam\u00e9rica<\/a>);<\/li><\/ul>\n\n\n\n<ul class=\"wp-block-list\"><li><strong>Mart\u00edn Palacios<\/strong> introdujo su trabajo sobre <em>La teatralidad liminal del payador: aportes para una dramaturgia de la improvisaci\u00f3n<\/em> (<a rel=\"noreferrer noopener\" href=\"http:\/\/www.arte.unicen.edu.ar\/carreras\/posgrado\/maestria-en-teatro\/\" target=\"_blank\">Maestr\u00eda en Teatro<\/a> &#8211; Menci\u00f3n Direcci\u00f3n Esc\u00e9nica);<\/li><\/ul>\n\n\n\n<ul class=\"wp-block-list\"><li><strong>Agustina Bertone<\/strong> refiri\u00f3 a los avances en su plan de tesis denominado <em>Narrar la memoria de la tierra: el cuerpo y el silencio en la representaci\u00f3n cinematogr\u00e1fica de los pueblos ind\u00edgenas del norte argentino (1999-2019)<\/em> (<a rel=\"noreferrer noopener\" href=\"http:\/\/www.arte.unicen.edu.ar\/carreras\/posgrado\/maestria-en-arte-y-sociedad\/\" target=\"_blank\">Maestr\u00eda en Arte y Sociedad en Latinoam\u00e9rica<\/a>);<\/li><\/ul>\n\n\n\n<ul class=\"wp-block-list\"><li><strong>B\u00e1rbara Sosa<\/strong> se explay\u00f3 acerca de <em>\u00bfSincretismo o reivindicaci\u00f3n en el arte? Un an\u00e1lisis de los procesos constructivos y simb\u00f3licos del parque escult\u00f3rico V\u00eda Christi de Jun\u00edn de los Andes, Argentina<\/em> (<a rel=\"noreferrer noopener\" href=\"http:\/\/www.arte.unicen.edu.ar\/carreras\/posgrado\/maestria-en-arte-y-sociedad\/\" target=\"_blank\">Maestr\u00eda en Arte y Sociedad en Latinoam\u00e9rica<\/a>).<\/li><\/ul>\n\n\n\n<table style=\"margin: 20px auto 20px; text-align: center; border-collapse: collapse; border-spacing: 0;\">\n<tbody>\n<tr>\n<td style=\"padding: 0px 10px 0px 10px; height: 210px;\"><a href=\"http:\/\/www.arte.unicen.edu.ar\/cdab\/wp-content\/uploads\/2019\/10\/v-jtp-01.jpg\" data-fancybox=\"gallery\" data-caption=\"Estudiantes avanzados de la Maestr\u00eda en Teatro y la Maestr\u00eda en Arte y Sociedad en Latinoam\u00e9rica participaron de la V Jornada de Tesistas de Posgrado\"><img decoding=\"async\" class=\"aligncenter size-medium\" title=\"\" src=\"http:\/\/www.arte.unicen.edu.ar\/cdab\/wp-content\/uploads\/2019\/10\/v-jtp-01-300x200.jpg\" alt=\"\"\/><\/a><\/td>\n<td style=\"padding: 0px 10px 0px 10px; height: 210px;\"><a href=\"http:\/\/www.arte.unicen.edu.ar\/cdab\/wp-content\/uploads\/2019\/10\/v-jtp-02.jpg\" data-fancybox=\"gallery\" data-caption=\"Estudiantes avanzados de la Maestr\u00eda en Teatro y la Maestr\u00eda en Arte y Sociedad en Latinoam\u00e9rica participaron de la V Jornada de Tesistas de Posgrado\"><img decoding=\"async\" class=\"aligncenter size-medium\" title=\"\" src=\"http:\/\/www.arte.unicen.edu.ar\/cdab\/wp-content\/uploads\/2019\/10\/v-jtp-02-300x200.jpg\" alt=\"\"\/><\/a><\/td>\n<td style=\"padding: 0px 10px 0px 10px; height: 210px;\"><a href=\"http:\/\/www.arte.unicen.edu.ar\/cdab\/wp-content\/uploads\/2019\/10\/v-jtp-03.jpg\" data-fancybox=\"gallery\" data-caption=\"Estudiantes avanzados de la Maestr\u00eda en Teatro y la Maestr\u00eda en Arte y Sociedad en Latinoam\u00e9rica participaron de la V Jornada de Tesistas de Posgrado\"><img decoding=\"async\" class=\"aligncenter size-medium\" title=\"\" src=\"http:\/\/www.arte.unicen.edu.ar\/cdab\/wp-content\/uploads\/2019\/10\/v-jtp-03-300x200.jpg\" alt=\"\"\/><\/a><\/td>\n<\/tr>\n<tr>\n<td style=\"font-size: 12px; font-style: italic;\" colspan=\"5\"><em><u>Fotograf\u00edas:<\/u> \u00c1rea de Comunicaci\u00f3n (Facultad de Arte, UNICEN).<\/em><\/td>\n<\/tr>\n<\/tbody>\n<\/table>\n\n\n\n<p>El encuentro fue registrado audiovisualmente por el <strong>CDAB<\/strong> y se encuentra a disposici\u00f3n para consulta en sala y en el <a href=\"http:\/\/www.arte.unicen.edu.ar\/cdab\/servicios\/repositorio\/\">repositorio multimedia<\/a>. Para m\u00e1s informaci\u00f3n comun\u00edquese a <a href=\"mailto:cdab @ arte.unicen.edu.ar\">cdab@arte.unicen.edu.ar<\/a>, telef\u00f3nicamente al <strong>+54 (0249) 444 0631 \u2013 Int. 301<\/strong> o vis\u00edtenos en <strong>9 de Julio 430, planta baja<\/strong> de <strong>lunes a viernes<\/strong> en el horario de <strong>9 a 15 hs.<\/strong><\/p>\n","protected":false},"excerpt":{"rendered":"<p>Este jueves 10 de octubre a las 9 hs., en el Aula del Consejo Acad\u00e9mico de la Facultad de Arte, se llev\u00f3 a cabo la V Jornada de Tesistas de Posgrado destinada a estudiantes avanzados de la Maestr\u00eda en Teatro y la Maestr\u00eda en Arte y Sociedad en Latinoam\u00e9rica. El encuentro estuvo organizado por la Secretar\u00eda de Investigaci\u00f3n y Posgrado [&hellip;]<\/p>\n","protected":false},"author":1,"featured_media":9476,"comment_status":"open","ping_status":"open","sticky":false,"template":"","format":"standard","meta":{"_acf_changed":false,"footnotes":""},"categories":[1],"tags":[215,219,297,288],"class_list":["post-9372","post","type-post","status-publish","format-standard","has-post-thumbnail","hentry","category-novedades","tag-facultad-de-arte","tag-maestria-en-arte-y-sociedad-en-latinoamerica","tag-maestria-en-teatro","tag-secretaria-de-investigacion-y-posgrado"],"acf":[],"_links":{"self":[{"href":"https:\/\/www.arte.unicen.edu.ar\/cdab\/wp-json\/wp\/v2\/posts\/9372","targetHints":{"allow":["GET"]}}],"collection":[{"href":"https:\/\/www.arte.unicen.edu.ar\/cdab\/wp-json\/wp\/v2\/posts"}],"about":[{"href":"https:\/\/www.arte.unicen.edu.ar\/cdab\/wp-json\/wp\/v2\/types\/post"}],"author":[{"embeddable":true,"href":"https:\/\/www.arte.unicen.edu.ar\/cdab\/wp-json\/wp\/v2\/users\/1"}],"replies":[{"embeddable":true,"href":"https:\/\/www.arte.unicen.edu.ar\/cdab\/wp-json\/wp\/v2\/comments?post=9372"}],"version-history":[{"count":2,"href":"https:\/\/www.arte.unicen.edu.ar\/cdab\/wp-json\/wp\/v2\/posts\/9372\/revisions"}],"predecessor-version":[{"id":17617,"href":"https:\/\/www.arte.unicen.edu.ar\/cdab\/wp-json\/wp\/v2\/posts\/9372\/revisions\/17617"}],"wp:featuredmedia":[{"embeddable":true,"href":"https:\/\/www.arte.unicen.edu.ar\/cdab\/wp-json\/wp\/v2\/media\/9476"}],"wp:attachment":[{"href":"https:\/\/www.arte.unicen.edu.ar\/cdab\/wp-json\/wp\/v2\/media?parent=9372"}],"wp:term":[{"taxonomy":"category","embeddable":true,"href":"https:\/\/www.arte.unicen.edu.ar\/cdab\/wp-json\/wp\/v2\/categories?post=9372"},{"taxonomy":"post_tag","embeddable":true,"href":"https:\/\/www.arte.unicen.edu.ar\/cdab\/wp-json\/wp\/v2\/tags?post=9372"}],"curies":[{"name":"wp","href":"https:\/\/api.w.org\/{rel}","templated":true}]}}