{"id":8962,"date":"2019-09-13T11:51:54","date_gmt":"2019-09-13T14:51:54","guid":{"rendered":"http:\/\/www.arte.unicen.edu.ar\/cdab\/?p=8962"},"modified":"2019-11-07T22:30:39","modified_gmt":"2019-11-08T01:30:39","slug":"film-quarterly-reseno-a-trail-of-fire-for-political-cinema-docentes-investigadores-facultad-arte","status":"publish","type":"post","link":"https:\/\/www.arte.unicen.edu.ar\/cdab\/film-quarterly-reseno-a-trail-of-fire-for-political-cinema-docentes-investigadores-facultad-arte\/","title":{"rendered":"Film Quarterly rese\u00f1\u00f3 el libro &#8220;A trail of fire for political cinema&#8230;&#8221; en el que participaron docentes-investigadores de la Facultad de Arte"},"content":{"rendered":"\n<p>La reconocida revista acad\u00e9mica <a rel=\"noreferrer noopener\" aria-label=\"Film Quarterly (abre en una nueva pesta\u00f1a)\" href=\"https:\/\/www.filmquarterly.org\" target=\"_blank\">Film Quarterly<\/a>, una de las m\u00e1s relevantes e hist\u00f3ricas dedicada al estudio del cine y los medios audiovisuales, public\u00f3 en su <a rel=\"noreferrer noopener\" aria-label=\"\u00faltimo n\u00famero (abre en una nueva pesta\u00f1a)\" href=\"https:\/\/www.filmquarterly.org\/2019\/09\/10\/fall-2019-volume-73-number-1\/ \" target=\"_blank\">\u00faltimo n\u00famero<\/a> una rese\u00f1a del libro <strong><em>A trail of fire for political cinema. The hour of the furnaces fifty years later<\/em><\/strong> en el que particip\u00f3 un grupo de docentes-investigadores de la <a rel=\"noreferrer noopener\" href=\"http:\/\/www.arte.unicen.edu.ar\/\" target=\"_blank\">Facultad de Arte<\/a>. Rielle Navitski, profesora de estudios teatrales y cinematogr\u00e1ficos en la <a rel=\"noreferrer noopener\" aria-label=\"Universidad de Georgia (abre en una nueva pesta\u00f1a)\" href=\"https:\/\/www.uga.edu\" target=\"_blank\">Universidad de Georgia<\/a> y autora de <em>Public Spectacles of Violence: Sensational Cinema and Journalism in Early Twentieth-Century Mexico and Brazil<\/em> (2017), firma la rese\u00f1a acerca del libro editado por Javier Campo y Humberto P\u00e9rez-Blanco en el que se analiza el film <em>La hora de los hornos<\/em> (1968) de Octavio Getino y Fernando &#8220;Pino&#8221; Solanas desde m\u00faltiples perspectivas.<\/p>\n\n\n\n<p> <em>A trail of fire for political cinema\u2026<\/em>&nbsp;destaca el legado del film, su relevancia contempor\u00e1nea, traza relaciones con el panorama sociopol\u00edtico de la Argentina de los a\u00f1os 60 y profundiza en la producci\u00f3n documental de Fernando Solanas en el siglo XXI. Asimismo, repasa los documentales pol\u00edticos realizados entre 1968 y 1976 -incluso aquellos que marcaron el \u00faltimo golpe de Estado en Argentina- enfatizando c\u00f3mo las tendencias tem\u00e1ticas y formales se relacionan con el contexto social. El texto cuenta con los aportes del <strong>Dr. Javier Campo<\/strong>, la <strong>Mg. Teresita Mar\u00eda Victoria Fuentes<\/strong>, la <strong>Prof. Mar\u00eda Amelia Garc\u00eda<\/strong> y las <em>Realizadoras Integrales en Artes Audiovisuales<\/em> <strong>Magal\u00ed Mariano<\/strong> y <strong>Mar\u00eda Emilia Zarini Libarona<\/strong>.<\/p>\n\n\n\n<p>Desde el <strong>Centro de Documentaci\u00f3n Audiovisual y Biblioteca (CDAB)<\/strong> recordamos a toda la comunidad acad\u00e9mica de la <a rel=\"noreferrer noopener\" href=\"http:\/\/www.arte.unicen.edu.ar\/\" target=\"_blank\">Facultad de Arte<\/a> que este material bibliogr\u00e1fico se encuentra disponible para consulta en nuestra sala de lectura gracias a la <a rel=\"noreferrer noopener\" href=\"http:\/\/www.arte.unicen.edu.ar\/cdab\/docentes-investigadores-de-la-facultad-de-arte-participaron-en-la-publicacion-a-trail-of-fire-for-political-cinema-the-hour-of-the-furnaces-fifty-years-later\/\" target=\"_blank\">donaci\u00f3n efectuada por sus editores<\/a>. Invitamos a todos los interesados a visitarnos de <strong>lunes a viernes<\/strong> en el horario de <strong>9 a 15 hs.<\/strong><\/p>\n\n\n\n<p><table style=\"margin: 15px auto 35px; text-align: center; border-collapse: collapse; border-spacing: 0;\">\n<tbody>\n<tr>\n<td style=\"padding: 0px 20px 10px 20px;\"><a href=\"http:\/\/www.arte.unicen.edu.ar\/cdab\/wp-content\/uploads\/2019\/09\/film-quarterly-1.jpg\" data-fancybox=\"gallery\" data-caption=\"Film Quarterly rese\u00f1\u00f3 el libro &#8220;A trail of fire for political cinema&#8230;&#8221; en el que participaron docentes-investigadores de la Facultad de Arte\"><img loading=\"lazy\" decoding=\"async\" class=\"aligncenter size-medium wp-image-5627\" src=\"http:\/\/www.arte.unicen.edu.ar\/cdab\/wp-content\/uploads\/2019\/09\/film-quarterly-1-232x300.jpg\" alt=\"\" width=\"232\" height=\"300\"\/><\/a><\/td>\n<td style=\"padding: 0px 20px 10px 20px;\"><a href=\"http:\/\/www.arte.unicen.edu.ar\/cdab\/wp-content\/uploads\/2019\/09\/film-quarterly-2.jpg\" data-fancybox=\"gallery\" data-caption=\"Film Quarterly rese\u00f1\u00f3 el libro &#8220;A trail of fire for political cinema&#8230;&#8221; en el que participaron docentes-investigadores de la Facultad de Arte\"><img loading=\"lazy\" decoding=\"async\" class=\"aligncenter size-medium wp-image-5628\" src=\"http:\/\/www.arte.unicen.edu.ar\/cdab\/wp-content\/uploads\/2019\/09\/film-quarterly-2-232x300.jpg\" alt=\"\" width=\"232\" height=\"300\"\/><\/a><\/td>\n<td style=\"padding: 0px 20px 10px 20px;\"><a href=\"http:\/\/www.arte.unicen.edu.ar\/cdab\/wp-content\/uploads\/2019\/09\/film-quarterly-3.jpg\" data-fancybox=\"gallery\" data-caption=\"Film Quarterly rese\u00f1\u00f3 el libro &#8220;A trail of fire for political cinema&#8230;&#8221; en el que participaron docentes-investigadores de la Facultad de Arte\"><img loading=\"lazy\" decoding=\"async\" class=\"aligncenter size-medium wp-image-5633\" src=\"http:\/\/www.arte.unicen.edu.ar\/cdab\/wp-content\/uploads\/2019\/09\/film-quarterly-3-232x300.jpg\" alt=\"\" width=\"232\" height=\"300\"\/><\/a><\/td>\n<\/tr>\n<tr>\n<td style=\"padding: 0px 0px 0px 0px; margin: 0; font-size: 12px;\" colspan=\"3\"><em>Rese\u00f1a de &#8220;A trail of fire for political cinema&#8230;&#8221; publicada en la revista Film Quarterly.<\/em><br \/><a href=\"https:\/\/www.filmquarterly.org\/2019\/09\/10\/fall-2019-volume-73-number-1\" target=\"_blank\" rel=\"nofollow noopener noreferrer\">[ M\u00e1s informaci\u00f3n ]<\/a><\/td>\n<\/tr>\n<\/tbody>\n<\/table><\/p>\n\n\n\n<a href=\"http:\/\/www.arte.unicen.edu.ar\/cdab\/wp-content\/uploads\/2019\/02\/a-trail-of-fire-for-political-cinema-tapa.jpg\" data-fancybox=\"gallery\" data-caption=\"Film Quarterly rese\u00f1\u00f3 el libro &#8220;A trail of fire for political cinema&#8230;&#8221; en el que participaron docentes-investigadores de la Facultad de Arte\"><img loading=\"lazy\" decoding=\"async\" class=\"alignleft size-medium wp-image-6136\" title=\"A trail of fire for political cinema. The hour of the furnaces fifty years later\" src=\"http:\/\/www.arte.unicen.edu.ar\/cdab\/wp-content\/uploads\/2019\/02\/a-trail-of-fire-for-political-cinema-tapa-222x300.jpg\" alt=\"A trail of fire for political cinema. The hour of the furnaces fifty years later\" width=\"222\" height=\"300\" srcset=\"https:\/\/www.arte.unicen.edu.ar\/cdab\/wp-content\/uploads\/2019\/02\/a-trail-of-fire-for-political-cinema-tapa-222x300.jpg 222w, https:\/\/www.arte.unicen.edu.ar\/cdab\/wp-content\/uploads\/2019\/02\/a-trail-of-fire-for-political-cinema-tapa-443x600.jpg 443w, https:\/\/www.arte.unicen.edu.ar\/cdab\/wp-content\/uploads\/2019\/02\/a-trail-of-fire-for-political-cinema-tapa-768x1039.jpg 768w, https:\/\/www.arte.unicen.edu.ar\/cdab\/wp-content\/uploads\/2019\/02\/a-trail-of-fire-for-political-cinema-tapa-757x1024.jpg 757w, https:\/\/www.arte.unicen.edu.ar\/cdab\/wp-content\/uploads\/2019\/02\/a-trail-of-fire-for-political-cinema-tapa.jpg 946w\" sizes=\"auto, (max-width: 222px) 100vw, 222px\" \/><\/a><h3>&#8220;A trail of fire for political cinema. The hour of the furnaces fifty years later&#8221;<\/h3>\n<p><strong>Javier Campo, Humberto P\u00e9rez-Blanco (editores). 2019, Intellect.<\/strong><\/p>\n<p>Revoluci\u00f3n cubana, guerra de Vietnam, descolonizaci\u00f3n africana, mayo de 1968, dictaduras latinoamericanas. En los mares agitados de la crisis, las movilizaciones, los debates y la sangre se film\u00f3 <em>La Hora de los Hornos<\/em> (Octavio Getino y Fernando Solanas, 1968). Una pel\u00edcula que se present\u00f3 a s\u00ed misma como un ensayo pol\u00edtico e intervino en los debates que tuvieron lugar en ese momento como ninguna otra pel\u00edcula hab\u00eda hecho en la historia de Argentina, Am\u00e9rica Latina y, a juzgar por las palabras de varios cr\u00edticos y acad\u00e9micos, del mundo. No hay espect\u00e1culo en absoluto. Otro cine. Un cine de investigaci\u00f3n, bien documentado y, a la vez, de intervenci\u00f3n pol\u00edtica. Nuestra intenci\u00f3n es mostrar que las estrategias formales de la pel\u00edcula, la postura pol\u00edtica, las controversias y debates que surgen de ella, no son solo algo del pasado. Para nosotros son importantes, lo son, y la pel\u00edcula con ellos, viva y relevante en la actualidad. Tal vez, m\u00e1s que nunca.<\/p>\n<p>M\u00e1s informaci\u00f3n en: <a href=\"https:\/\/www.press.uchicago.edu\/ucp\/books\/book\/distributed\/T\/bo31274573.html\" target=\"_blank\" rel=\"nofollow noopener noreferrer\">The University of Chicago Press Books<\/a>.<\/p>\n<hr \/>\n<h3>Acerca de Film Quarterly<\/h3>\n<p><img loading=\"lazy\" decoding=\"async\" class=\"alignleft size-full wp-image-4077\" style=\"border: 0px; border-radius: 200px; margin-bottom: 20px;\" src=\"http:\/\/www.arte.unicen.edu.ar\/cdab\/wp-content\/uploads\/2019\/09\/film-quarterly-logo.png\" alt=\"\" width=\"200\" height=\"200\"\/><strong>Film Quarterly<\/strong> es una revista acad\u00e9mica dedicada al estudio del cine, la televisi\u00f3n y los medios audiovisuales. Publicada por primera vez en 1945 como <em>Hollywood Quarterly<\/em> y desde 1959 bajo su denominaci\u00f3n actual, presenta art\u00edculos, rese\u00f1as y entrevistas que analizan el cine independiente y Hollywoodense, los medios digitales, las tecnolog\u00edas emergentes, publicaciones acad\u00e9micas relacionadas y los festivales de cine internacionales. <strong>Film Quarterly<\/strong> est\u00e1 comprometida con la exploraci\u00f3n de nuevas perspectivas sobre temas de diversidad, raza, g\u00e9nero, sexualidad y transnacionalismo.<br \/>La edici\u00f3n de la revista est\u00e1 a cargo de <a href=\"https:\/\/www.ucpress.edu\" target=\"_blank\" rel=\"nofollow noopener noreferrer\">University of California Press<\/a>, editorial asociada a la <a href=\"https:\/\/www.universityofcalifornia.edu target=\" _blank\"=\"\" rel=\"nofollow noopener noreferrer\">Universidad de California<\/a>, y su staff est\u00e1 compuesto por: B. Ruby Rich (editora), Rebecca Prime (editora asociada), Marc Francis (editor asistente), Carla Marcantonio y Girish Shambu.<\/p>\n<p style=\"margin-bottom: 35px;\"><span style=\"text-decoration: underline;\"><strong>Sitio web oficial:<\/strong><\/span>&nbsp;<a href=\"https:\/\/www.filmquarterly.org\" target=\"_blank\" rel=\"nofollow noopener noreferrer\">www.filmquarterly.org<\/a><\/p>\n<h3>Acerca de Javier Campo<\/h3>\n<p><img loading=\"lazy\" decoding=\"async\" class=\"alignleft size-full wp-image-4077\" style=\"border: 0px; border-radius: 200px; margin-bottom: 35px;\" src=\"http:\/\/www.arte.unicen.edu.ar\/cdab\/wp-content\/uploads\/2019\/02\/javier-campo.jpg\" alt=\"\" width=\"200\" height=\"200\"\/><strong>Javier Campo<\/strong> es Licenciado en Ciencias de la Comunicaci\u00f3n y Doctor en Ciencias Sociales por la <a href=\"http:\/\/www.uba.ar\" target=\"_blank\" rel=\"nofollow noopener noreferrer\">Universidad de Buenos Aires<\/a>. Se desempe\u00f1a como <em>Secretario de Investigaci\u00f3n y Posgrado<\/em> de la <a href=\"http:\/\/www.arte.unicen.edu.ar\" target=\"_blank\" rel=\"nofollow noopener noreferrer\">Facultad de Arte<\/a> (<a href=\"http:\/\/www.unicen.edu.ar\" target=\"_blank\" rel=\"nofollow noopener noreferrer\">UNICEN<\/a>) y es investigador <strong>CONICET<\/strong> especializado en cine documental. Entre sus libros se encuentran <em>Revoluci\u00f3n y Democracia. El cine documental argentino del exilio<\/em> (2017), <em>Cine documental argentino. Entre el arte, la cultura y la pol\u00edtica<\/em> (2012), entre otros. Asimismo es el editor de <em>Historia(s) del cine y el audiovisual en Tandil<\/em> (2019), <em>A trail of fire for Political Cinema. The Hour of the Furnaces fifty years later<\/em> (2018) y compilador de <em>Cine documental, memoria y derechos humanos<\/em> (2007). Es director de la revista <a href=\"http:\/\/www.cinedocumental.com.ar\" target=\"_blank\" rel=\"nofollow noopener noreferrer\">Cine Documental<\/a>. Dicta cursos de posgrado y es profesor de <em>Est\u00e9tica cinematogr\u00e1fica<\/em> en la carrera de <a href=\"http:\/\/www.arte.unicen.edu.ar\" target=\"_blank\" rel=\"nofollow noopener noreferrer\">Realizaci\u00f3n Integral en Artes Audiovisuales<\/a> (<a href=\"http:\/\/www.arte.unicen.edu.ar\" target=\"_blank\" rel=\"nofollow noopener noreferrer\">Facultad de Arte<\/a>, <a href=\"http:\/\/www.unicen.edu.ar\" target=\"_blank\" rel=\"nofollow noopener noreferrer\">UNICEN<\/a>). Trabaja en el <a href=\"https:\/\/dhtarte.wordpress.com\" target=\"_blank\" rel=\"nofollow noopener noreferrer\">Departamento de Historia y Teor\u00eda del Arte<\/a> de la misma Facultad y es miembro de la <a href=\"http:\/\/www.asaeca.org\/\" target=\"_blank\" rel=\"nofollow noopener noreferrer\">Asociaci\u00f3n Argentina de Estudios de Cine y Audiovisual (AsAECA)<\/a> y del <a href=\"http:\/\/www.ciyne.com.ar\" target=\"_blank\" rel=\"nofollow noopener noreferrer\">Centro de Investigaci\u00f3n y Nuevos Estudios sobre Cine<\/a> (<a href=\"http:\/\/www.filo.uba.ar\" target=\"_blank\" rel=\"nofollow noopener noreferrer\">FFyL-UBA<\/a>).<\/p>\n<p><span style=\"text-decoration: underline;\"><strong>Sitio web:<\/strong><\/span>&nbsp;<a href=\"http:\/\/javiercampo.cinedocumental.com.ar\" target=\"_blank\" rel=\"nofollow noopener noreferrer\">www.javiercampo.cinedocumental.com.ar<\/a><\/p>\n","protected":false},"excerpt":{"rendered":"<p>La reconocida revista acad\u00e9mica Film Quarterly, una de las m\u00e1s relevantes e hist\u00f3ricas dedicada al estudio del cine y los medios audiovisuales, public\u00f3 en su \u00faltimo n\u00famero una rese\u00f1a del libro A trail of fire for political cinema. The hour of the furnaces fifty years later en el que particip\u00f3 un grupo de docentes-investigadores de la Facultad de Arte. Rielle [&hellip;]<\/p>\n","protected":false},"author":1,"featured_media":8964,"comment_status":"open","ping_status":"open","sticky":false,"template":"","format":"standard","meta":{"_acf_changed":false,"footnotes":""},"categories":[1],"tags":[214,215,294],"class_list":["post-8962","post","type-post","status-publish","format-standard","has-post-thumbnail","hentry","category-novedades","tag-cdab","tag-facultad-de-arte","tag-unicen"],"acf":[],"_links":{"self":[{"href":"https:\/\/www.arte.unicen.edu.ar\/cdab\/wp-json\/wp\/v2\/posts\/8962","targetHints":{"allow":["GET"]}}],"collection":[{"href":"https:\/\/www.arte.unicen.edu.ar\/cdab\/wp-json\/wp\/v2\/posts"}],"about":[{"href":"https:\/\/www.arte.unicen.edu.ar\/cdab\/wp-json\/wp\/v2\/types\/post"}],"author":[{"embeddable":true,"href":"https:\/\/www.arte.unicen.edu.ar\/cdab\/wp-json\/wp\/v2\/users\/1"}],"replies":[{"embeddable":true,"href":"https:\/\/www.arte.unicen.edu.ar\/cdab\/wp-json\/wp\/v2\/comments?post=8962"}],"version-history":[{"count":2,"href":"https:\/\/www.arte.unicen.edu.ar\/cdab\/wp-json\/wp\/v2\/posts\/8962\/revisions"}],"predecessor-version":[{"id":9782,"href":"https:\/\/www.arte.unicen.edu.ar\/cdab\/wp-json\/wp\/v2\/posts\/8962\/revisions\/9782"}],"wp:featuredmedia":[{"embeddable":true,"href":"https:\/\/www.arte.unicen.edu.ar\/cdab\/wp-json\/wp\/v2\/media\/8964"}],"wp:attachment":[{"href":"https:\/\/www.arte.unicen.edu.ar\/cdab\/wp-json\/wp\/v2\/media?parent=8962"}],"wp:term":[{"taxonomy":"category","embeddable":true,"href":"https:\/\/www.arte.unicen.edu.ar\/cdab\/wp-json\/wp\/v2\/categories?post=8962"},{"taxonomy":"post_tag","embeddable":true,"href":"https:\/\/www.arte.unicen.edu.ar\/cdab\/wp-json\/wp\/v2\/tags?post=8962"}],"curies":[{"name":"wp","href":"https:\/\/api.w.org\/{rel}","templated":true}]}}