{"id":8903,"date":"2019-09-16T10:26:10","date_gmt":"2019-09-16T13:26:10","guid":{"rendered":"http:\/\/www.arte.unicen.edu.ar\/cdab\/?p=8903"},"modified":"2020-09-23T10:26:21","modified_gmt":"2020-09-23T13:26:21","slug":"asi-fue-cdab-en-movimiento-semana-promocion-institucional-vinculacion-academica","status":"publish","type":"post","link":"https:\/\/www.arte.unicen.edu.ar\/cdab\/asi-fue-cdab-en-movimiento-semana-promocion-institucional-vinculacion-academica\/","title":{"rendered":"As\u00ed fue &#8220;CDAB en movimiento&#8221;, una auspiciosa semana de promoci\u00f3n institucional y vinculaci\u00f3n acad\u00e9mica"},"content":{"rendered":"\n<p>El pasado <strong>lunes 9 de septiembre<\/strong> a las <strong>11 hs.<\/strong> en el hall de la <a rel=\"noreferrer noopener\" aria-label=\"Facultad de Arte (abre en una nueva pesta\u00f1a)\" href=\"http:\/\/www.arte.unicen.edu.ar\" target=\"_blank\">Facultad de Arte<\/a>, el <strong>Centro de Documentaci\u00f3n Audiovisual y Biblioteca<\/strong> y la <strong>Secretar\u00eda de Investigaci\u00f3n y Posgrado<\/strong> dieron inicio a la semana de actividades especiales <font color=\"#855691\"><strong>CDAB en movimiento<\/strong><\/font>. Con un espacio especialmente pensado y dise\u00f1ado para la lectura y el visionado de las producciones audiovisuales disponibles en el <a rel=\"noreferrer noopener\" aria-label=\"repositorio multimedia del CDAB (abre en una nueva pesta\u00f1a)\" href=\"http:\/\/www.arte.unicen.edu.ar\/cdab\/servicios\/repositorio\" target=\"_blank\">repositorio multimedia CDAB<\/a>, quienes se acercaron pudieron conocer la diversidad de materiales que componen nuestro acervo documental. Adem\u00e1s, se pusieron a disposici\u00f3n del p\u00fablico ejemplares de todos los libros y revistas acad\u00e9micas editadas bajo el sello <a rel=\"noreferrer noopener\" aria-label=\"Arte Publicaciones (abre en una nueva pesta\u00f1a)\" href=\"http:\/\/www.arte.unicen.edu.ar\/artepublicaciones\" target=\"_blank\">Arte Publicaciones<\/a>.<\/p>\n\n\n\n<h3 class=\"wp-block-heading\">Lunes 9.09: Adri\u00e1n Muoyo llega al CDAB<\/h3>\n\n\n\n<p>Durante la tarde del lunes recibimos al <strong>Sr. Adri\u00e1n Muoyo<\/strong>, ensayista, escritor, periodista, director de la Biblioteca y Centro de Documentaci\u00f3n y Archivo de la <a rel=\"noreferrer noopener\" aria-label=\"Escuela Nacional de Experimentaci\u00f3n y Realizaci\u00f3n Cinematogr\u00e1fica (ENERC) (abre en una nueva pesta\u00f1a)\" href=\"http:\/\/www.enerc.gov.ar\" target=\"_blank\">Escuela Nacional de Experimentaci\u00f3n y Realizaci\u00f3n Cinematogr\u00e1fica (ENERC)<\/a> del <a rel=\"noreferrer noopener\" aria-label=\"Instituto Nacional de Cine y Artes Audiovisuales (INCAA) (abre en una nueva pesta\u00f1a)\" href=\"http:\/\/www.incaa.gov.ar\" target=\"_blank\">Instituto Nacional de Cine y Artes Audiovisuales (INCAA)<\/a> e integrante del <a rel=\"noreferrer noopener\" aria-label=\"Foro de Unidades de Informaci\u00f3n Documental de la Administraci\u00f3n P\u00fablica Nacional (abre en una nueva pesta\u00f1a)\" href=\"https:\/\/www.argentina.gob.ar\/modernizacion\/inap\/cediap\/foro\" target=\"_blank\">Foro de Unidades de Informaci\u00f3n Documental de la Administraci\u00f3n P\u00fablica Nacional<\/a> y de la <a rel=\"noreferrer noopener\" aria-label=\"Red de Bibliotecas Iberoamericanas de Cine (BiblioCi) (abre en una nueva pesta\u00f1a)\" href=\"http:\/\/www.biblioci.org\" target=\"_blank\">Red de Bibliotecas Iberoamericanas de Cine (BiblioCi)<\/a>. Luego de recorrer las instalaciones de la Facultad y tras mantener un breve di\u00e1logo acerca de los or\u00edgenes y la misi\u00f3n del <strong>CDAB<\/strong>, <strong>Muoyo<\/strong> comparti\u00f3 la charla abierta <em>Las adquisiciones en una biblioteca especializada: Compra, canje y donaci\u00f3n<\/em>.<\/p>\n\n\n\n<p><img loading=\"lazy\" decoding=\"async\" class=\"alignleft size-full wp-image-4077\" style=\"border: 0px; border-radius: 150px; margin-bottom: 20px;\" src=\"http:\/\/www.arte.unicen.edu.ar\/cdab\/wp-content\/uploads\/2019\/09\/adrian-muoyo.jpg\" alt=\"\" width=\"150\" height=\"150\"\/>Este primer encuentro propici\u00f3 el intercambio y la reflexi\u00f3n en torno a las diferentes normativas y pol\u00edticas de incorporaci\u00f3n, tratamiento y preservaci\u00f3n de materiales bibliogr\u00e1ficos en pos de conformar una biblioteca que funcione como n\u00facleo y servicio de referencia, objetivo que supone una construcci\u00f3n colectiva <em>con<\/em> y <em>para<\/em> el usuario. En este sentido, la conversaci\u00f3n aludi\u00f3 al mapeo continuo del acervo bibliotecol\u00f3gico, la proyecci\u00f3n en base a un &#8220;usuario X&#8221; como construcci\u00f3n imaginaria para potenciales b\u00fasquedas o adquisiciones de materiales y las buenas pr\u00e1cticas en torno a la preservaci\u00f3n. Hacia el final de la charla, <strong>Muoyo<\/strong> destac\u00f3 la invaluable tarea que poseen los Centros de Documentaci\u00f3n en relaci\u00f3n a la recuperaci\u00f3n y el resguardo de la memoria local y regional.<\/p>\n\n\n\n<p>Sin dudas, el primer d\u00eda de <font color=\"#855691\"><strong>CDAB en movimiento<\/strong><\/font> se convirti\u00f3 en un catalizador de inquietudes y experiencias, como as\u00ed tambi\u00e9n en la oportunidad para consolidar un v\u00ednculo estrat\u00e9gico que permitir\u00e1 vehiculizar futuros canjes y donaciones entre la Biblioteca y Centro de Documentaci\u00f3n y Archivo de la <a rel=\"noreferrer noopener\" href=\"http:\/\/www.enerc.gov.ar\/\" target=\"_blank\">ENERC<\/a> y el <strong>Centro de Documentaci\u00f3n Audiovisual y Biblioteca<\/strong> de la <a rel=\"noreferrer noopener\" aria-label=\"Facultad de Arte (abre en una nueva pesta\u00f1a)\" href=\"http:\/\/www.arte.unicen.edu.ar\" target=\"_blank\">Facultad de Arte<\/a>.<\/p>\n\n\n\n<h3 class=\"wp-block-heading\">Martes 10.09: Visita a Biblioteca Central UNICEN y charla abierta de Adri\u00e1n Muoyo<\/h3>\n\n\n\n<p>La segunda jornada comenz\u00f3 con una visita programada a <a rel=\"noreferrer noopener\" href=\"http:\/\/biblio.unicen.edu.ar\/\" target=\"_blank\">Biblioteca Central UNICEN<\/a>, en donde la directora <strong>Lic. Luc\u00eda Leiboff<\/strong> y la vicedirectora <strong>Bibl. Liliana Varela<\/strong> dieron la bienvenida a <strong>Adri\u00e1n Muoyo<\/strong> y al equipo de trabajo del <strong>CDAB<\/strong>. Luego de ello, la Jefa de Procesos T\u00e9cnicos y encargada del \u00c1rea de Bibliotecas Departamentales, <strong>Bibl. Teresita Ferro<\/strong>, condujo una visita guiada por los distintos sectores del edificio emplazado en el Campus Universitario. El recorrido abarc\u00f3 la sala de acceso abierto y de lectura silenciosa, el rinc\u00f3n de lectura infantil, el audit\u00f3rium, los boxes para reuniones entre docentes e investigadores, el data-center, la sala de videoconferencia y el sal\u00f3n de usos m\u00faltiples. En el trayecto, <strong>Ferro<\/strong> mencion\u00f3 diversos datos de inter\u00e9s en relaci\u00f3n a los procesos t\u00e9cnicos que se llevan adelante para la recuperaci\u00f3n y\/o catalogaci\u00f3n de los materiales bibliogr\u00e1ficos, la cantidad de vol\u00famenes disponibles para consulta -que ascienden a m\u00e1s de 60.500- y las tareas imprescindibles en la proyecci\u00f3n futura del espacio.<\/p>\n\n\n\n<p>Durante la tarde, continu\u00f3 la atenci\u00f3n al p\u00fablico en el hall de la <a rel=\"noreferrer noopener\" href=\"http:\/\/www.arte.unicen.edu.ar\/\" target=\"_blank\">Facultad de Arte<\/a> y a las <strong>19 hs.<\/strong> en el Consejo Acad\u00e9mico se llev\u00f3 a cabo la segunda charla abierta a cargo de <strong>Adri\u00e1n Muoyo<\/strong>, titulada <em>La organizaci\u00f3n y funcionamiento de una biblioteca cinematogr\u00e1fica: El caso INCAA-ENERC<\/em>. En este encuentro, el director de la Biblioteca <a rel=\"noreferrer noopener\" aria-label=\"ENERC (abre en una nueva pesta\u00f1a)\" href=\"http:\/\/www.enerc.gov.ar\" target=\"_blank\">ENERC<\/a> profundiz\u00f3 en la especificidad tem\u00e1tica de la bibliograf\u00eda que ingresa al centro de documentaci\u00f3n y archivo. A diferencia de otras ramas art\u00edsticas, el cine cuenta con publicaciones particulares tales como cat\u00e1logos de festivales y cineclubs que requieren otro tipo de clasificaci\u00f3n. Asimismo, destac\u00f3 la importancia de la generaci\u00f3n de publicaciones propias e introdujo el <a rel=\"noreferrer noopener\" aria-label=\"Concurso Nacional y Federal de Estudios sobre Cine Argentino (abre en una nueva pesta\u00f1a)\" href=\"http:\/\/www.enerc.gov.ar\/2019-01-17_news_concurso_libros.html\" target=\"_blank\">Concurso Nacional y Federal de Estudios sobre Cine Argentino<\/a> organizado por la Biblioteca <a rel=\"noreferrer noopener\" aria-label=\"ENERC (abre en una nueva pesta\u00f1a)\" href=\"http:\/\/www.enerc.gov.ar\" target=\"_blank\">ENERC<\/a>&#8211;<a rel=\"noreferrer noopener\" aria-label=\"INCAA (abre en una nueva pesta\u00f1a)\" href=\"http:\/\/www.incaa.gov.ar\" target=\"_blank\">INCAA<\/a> del que surgieron t\u00edtulos como: <em>Modos de salir del hogar paterno: Representaciones familiares y derivas juveniles en el Nuevo Cine Argentino (1996-2005)<\/em> de Eduardo Cartoccio; <em>Noches de sano esparcimiento: Estado, cat\u00f3licos y empresarios en la censura al cine en Argentina (1955-1973)<\/em> de Fernando Ramirez Llorens; <em>Cine y dinero: Imaginarios ficcionales y sociales de la Argentina (1978-2000)<\/em> de Marcela Visconti y <em>Obra y vida de Sarmiento en el cine<\/em> de Nicol\u00e1s Su\u00e1rez.<\/p>\n\n\n\n<p>Hacia el final del coloquio, <strong>Muoyo<\/strong> introdujo la red de unidades de informaci\u00f3n especializadas en cine y medios audiovisuales: <a rel=\"noreferrer noopener\" aria-label=\"BiblioCi (abre en una nueva pesta\u00f1a)\" href=\"http:\/\/www.biblioci.org\" target=\"_blank\">BiblioCi<\/a>. Forman parte de ella diversas entidades como cinematecas, filmotecas, museos y archivos de Am\u00e9rica Latina, el Caribe y Espa\u00f1a. Los integrantes de esta red trabajan colectivamente desde principios de la d\u00e9cada de los noventa en la construcci\u00f3n de instrumentos que permitan normalizar los procesos de catalogaci\u00f3n y clasificaci\u00f3n de los materiales que complementan el patrimonio audiovisual: libros, revistas, recortes de prensa, multimedia, sitios web y dem\u00e1s. Luego de una demostraci\u00f3n de las bondades que posee el sitio web de <a rel=\"noreferrer noopener\" href=\"http:\/\/www.biblioci.org\/\" target=\"_blank\">BiblioCi<\/a>, se dio paso a un intercambio con los asistentes.<\/p>\n\n\n\n<h3 class=\"wp-block-heading\">Jueves 12.09: Videoconferecia con Laura Mogliani<\/h3>\n\n\n\n<p><img loading=\"lazy\" decoding=\"async\" class=\"alignright size-full wp-image-4077\" style=\"border: 0px; border-radius: 150px; margin-bottom: 20px;\" src=\"http:\/\/www.arte.unicen.edu.ar\/cdab\/wp-content\/uploads\/2019\/09\/laura-mogliani.jpg\" alt=\"\" width=\"150\" height=\"150\"\/>El jueves 12 mediante una videoconferencia moderada por la <strong>Mg. Teresita Mar\u00eda Victoria Fuentes<\/strong>, la directora del <a rel=\"noreferrer noopener\" aria-label=\"Instituto Nacional de Estudios de Teatro (INET) (abre en una nueva pesta\u00f1a)\" href=\"https:\/\/inet.cultura.gob.ar\" target=\"_blank\">Instituto Nacional de Estudios de Teatro (INET)<\/a> <strong>Dra. Laura Mogliani<\/strong> brind\u00f3 un panorama acerca de dicha instituci\u00f3n que fue creada en 1936 con la misi\u00f3n de fomentar y estimular estudios e investigaciones de la literatura dram\u00e1tica, del arte esc\u00e9nico y de las t\u00e9cnicas correspondientes a la realizaci\u00f3n del espect\u00e1culo teatral. El <a rel=\"noreferrer noopener\" aria-label=\"INET (abre en una nueva pesta\u00f1a)\" href=\"https:\/\/inet.cultura.gob.ar\" target=\"_blank\">INET<\/a> cuenta con biblioteca, hemeroteca y un archivo documental hist\u00f3rico, especializados en teatro en general y en teatro argentino en particular.<\/p>\n\n\n\n<p>Acto seguido, <strong>Mogliani<\/strong> profundiz\u00f3 en el trabajo de recuperaci\u00f3n y restauraci\u00f3n realizado en la fonoteca y el archivo audiovisual. A modo de ejemplo present\u00f3 dos mon\u00f3logos in\u00e9ditos de <em>Roberto Casaux<\/em> (1885-1929), relevante actor nacional caracterizado por la creaci\u00f3n de personajes extranjeros, el primero correspondiente a la conferencia sobre la &#8220;Teor\u00eda de la Ciencia de la Casualitat&#8221; y el segundo a &#8220;El chiste alem\u00e1n&#8221;.<\/p>\n\n\n\n<p>La ronda de debate incluy\u00f3 preguntas del p\u00fablico en relaci\u00f3n al tratamiento, digitalizaci\u00f3n y conservaci\u00f3n de los materiales como a los fondos bibliogr\u00e1ficos existentes en la instituci\u00f3n para consulta del p\u00fablico en general.<\/p>\n\n\n\n<h3 class=\"wp-block-heading\">Viernes 13.09: Recibimos a Kekena Corval\u00e1n y presentamos &#8220;Basada en hechos reales&#8221; (2017, Dir. Roman Polanski) en Arte Proyecta<\/h3>\n\n\n\n<p><img loading=\"lazy\" decoding=\"async\" class=\"alignleft size-full wp-image-4077\" style=\"border: 0px; border-radius: 150px; margin-bottom: 20px;\" src=\"http:\/\/www.arte.unicen.edu.ar\/cdab\/wp-content\/uploads\/2019\/09\/kekena-corvalan.jpg\" alt=\"\" width=\"150\" height=\"150\"\/>Para el \u00faltimo d\u00eda de la semana se programaron dos actividades en articulaci\u00f3n con la c\u00e1tedra <em>Pensamiento Proyectual<\/em> de la carrera de <a rel=\"noreferrer noopener\" aria-label=\"Realizaci\u00f3n Integral en Artes Audiovisuales (abre en una nueva pesta\u00f1a)\" href=\"http:\/\/www.arte.unicen.edu.ar\/carreras\/grado\/riaa\/perfil-del-egresado_\/\" target=\"_blank\">Realizaci\u00f3n Integral en Artes Audiovisuales<\/a> y la <em>Secretar\u00eda de Extensi\u00f3n<\/em> respectivamente.&nbsp;A las&nbsp;<strong>14 hs.<\/strong> en el Sal\u00f3n Multimedial 1, los docentes&nbsp;<strong>Mariano Schettino<\/strong>&nbsp;y&nbsp;<strong>Claudia C. Speranza<\/strong>&nbsp;presentaron a la investigadora, docente, escritora y curadora feminista&nbsp;<strong>Kekena Corval\u00e1n<\/strong>&nbsp;que refiri\u00f3 a la&nbsp;<em>Autogesti\u00f3n de la historia com\u00fan, pol\u00edtica del deseo y construcci\u00f3n de im\u00e1genes<\/em>. A partir de la expresi\u00f3n &#8220;tomar la c\u00e1mara&#8221;, <strong>Kekena<\/strong> propuso replantear la relaci\u00f3n entre hechos\/ficciones, incluyendo la percepci\u00f3n del pasado y el presente como un desaf\u00edo a la institucionalidad de la memoria. Esta met\u00e1fora se plantea como una performatividad que agencia narrativas y acciones en una tensi\u00f3n enunciaci\u00f3n singular-enunciaci\u00f3n colectiva.<\/p>\n\n\n\n<p>Durante la presentaci\u00f3n se incluy\u00f3 un registro audiovisual de <a data-fancybox=\"\" href=\"https:\/\/www.youtube.com\/watch?v=rv7z0BmnSAU?autoplay=1&amp;rel=0&amp;controls=0&amp;showinfo=0&amp;modestbranding=1&amp;enablejsapi=1\">Comando Evita<\/a>, un colectivo formado por artistas y militantes feministas que realizaron una marcha en el centro porte\u00f1o caracterizadas como Eva Per\u00f3n. Esta performance, llevada a cabo en el marco de los 100 a\u00f1os del nacimiento de la l\u00edder del peronismo, parti\u00f3 desde el Obelisco&nbsp;hacia el Ministerio de Desarrollo Social con una adaptaci\u00f3n de la marcha peronista en clave feminista.<\/p>\n\n\n\n<p><font color=\"#855691\"><strong>CDAB en movimiento<\/strong><\/font> concluy\u00f3 con la proyecci\u00f3n del film <a data-fancybox=\"\" href=\"https:\/\/www.youtube.com\/watch?v=ejutAkpcTyI?autoplay=1&amp;rel=0&amp;controls=0&amp;showinfo=0&amp;modestbranding=1&amp;enablejsapi=1\">Basada en hechos reales<\/a>&nbsp;(<em>D\u2019apr\u00e8s une histoire vraie<\/em>, 2017), del director franco-polaco&nbsp;<strong>Roman Polanski<\/strong>, en el marco del ciclo&nbsp;<strong>Arte Proyecta<\/strong> organizado por la <em>Secretar\u00eda de Extensi\u00f3n<\/em> y el <em>Departamento de Historia y Teor\u00eda del Arte<\/em>.&nbsp;Este thriller, estrenado mundialmente durante el&nbsp;<em>Festival de Cannes 2017<\/em>, est\u00e1 protagonizado por Emmanuelle Seigner y Eva Green quienes encarnan a Delphine -una sensible y atormentada novelista de \u00e9xito- y Elle -una joven admiradora, inteligente e intuitiva-. Elle comprende a Delphine mejor que nadie y pronto se convierte en su confidente. Delphine conf\u00eda en Elle y le abre las puertas de su vida. Pero&#8230; \u00bfqui\u00e9n es Elle en realidad? \u00bfLleg\u00f3 para darle un nuevo impulso a la vida de Delphine o para arrebat\u00e1rsela?. Luego de la proyecci\u00f3n se habilit\u00f3 un espacio de debate entre el p\u00fablico asistente para profundizar en cuestiones argumentales y\/o t\u00e9cnicas del film.<\/p>\n\n\n\n<p>Una vez m\u00e1s <strong>agradecemos a quienes participaron de las diversas actividades<\/strong> programadas durante <font color=\"#855691\"><strong>CDAB en movimiento<\/strong><\/font> y los invitamos a visitarnos en la planta baja de la <a rel=\"noreferrer noopener\" aria-label=\"Facultad de Arte\" href=\"http:\/\/www.arte.unicen.edu.ar\" target=\"_blank\">Facultad de Arte<\/a> (9 de Julio 430) de <strong>lunes a viernes<\/strong> en el horario de <strong>9 a 15 hs.<\/strong> Para m\u00e1s informaci\u00f3n, cont\u00e1ctenos telef\u00f3nicamente a <strong>(0249) 444 0631 int. 301<\/strong> o por correo electr\u00f3nico a <a href=\"mailto:cdab @ arte.unicen.edu.ar\">cdab@arte.unicen.edu.ar<\/a><\/p>\n\n\n\n<p>Compartimos algunos registros fotogr\u00e1ficos de <font color=\"#855691\"><strong>CDAB en movimiento<\/strong><\/font>:<\/p>\n\n\n\n<p><table style=\"margin: 15px auto 25px; text-align: center; border-collapse: collapse; border-spacing: 0;\">\n<tbody>\n<tr>\n<td style=\"padding: 0px 20px 10px 20px;\"><a href=\"http:\/\/www.arte.unicen.edu.ar\/cdab\/wp-content\/uploads\/2019\/09\/cdab-en-movimiento-foto1.png\" data-fancybox=\"gallery\" data-caption=\"As\u00ed fue &#8220;CDAB en movimiento&#8221;, una auspiciosa semana de promoci\u00f3n institucional y vinculaci\u00f3n acad\u00e9mica\"><img loading=\"lazy\" decoding=\"async\" class=\"aligncenter size-medium wp-image-5627\" src=\"http:\/\/www.arte.unicen.edu.ar\/cdab\/wp-content\/uploads\/2019\/09\/cdab-en-movimiento-foto1-300x160.png\" alt=\"\" width=\"300\" height=\"160\"\/><\/a><\/td>\n<td style=\"padding: 0px 20px 10px 20px;\"><a href=\"http:\/\/www.arte.unicen.edu.ar\/cdab\/wp-content\/uploads\/2019\/09\/cdab-en-movimiento-foto2.png\" data-fancybox=\"gallery\" data-caption=\"As\u00ed fue &#8220;CDAB en movimiento&#8221;, una auspiciosa semana de promoci\u00f3n institucional y vinculaci\u00f3n acad\u00e9mica\"><img loading=\"lazy\" decoding=\"async\" class=\"aligncenter size-medium wp-image-5628\" src=\"http:\/\/www.arte.unicen.edu.ar\/cdab\/wp-content\/uploads\/2019\/09\/cdab-en-movimiento-foto2-300x160.png\" alt=\"\" width=\"300\" height=\"160\"\/><\/a><\/td>\n<td style=\"padding: 0px 20px 10px 20px;\"><a href=\"http:\/\/www.arte.unicen.edu.ar\/cdab\/wp-content\/uploads\/2019\/09\/cdab-en-movimiento-foto3.png\" data-fancybox=\"gallery\" data-caption=\"As\u00ed fue &#8220;CDAB en movimiento&#8221;, una auspiciosa semana de promoci\u00f3n institucional y vinculaci\u00f3n acad\u00e9mica\"><img loading=\"lazy\" decoding=\"async\" class=\"aligncenter size-medium wp-image-5633\" src=\"http:\/\/www.arte.unicen.edu.ar\/cdab\/wp-content\/uploads\/2019\/09\/cdab-en-movimiento-foto3-300x160.png\" alt=\"\" width=\"300\" height=\"160\"\/><\/a><\/td>\n<\/tr>\n<tr>\n<td style=\"padding: 0px 20px 10px 20px;\"><a href=\"http:\/\/www.arte.unicen.edu.ar\/cdab\/wp-content\/uploads\/2019\/09\/cdab-en-movimiento-foto4.png\" data-fancybox=\"gallery\" data-caption=\"As\u00ed fue &#8220;CDAB en movimiento&#8221;, una auspiciosa semana de promoci\u00f3n institucional y vinculaci\u00f3n acad\u00e9mica\"><img loading=\"lazy\" decoding=\"async\" class=\"aligncenter size-medium wp-image-5627\" src=\"http:\/\/www.arte.unicen.edu.ar\/cdab\/wp-content\/uploads\/2019\/09\/cdab-en-movimiento-foto4-300x160.png\" alt=\"\" width=\"300\" height=\"160\"\/><\/a><\/td>\n<td style=\"padding: 0px 20px 10px 20px;\"><a href=\"http:\/\/www.arte.unicen.edu.ar\/cdab\/wp-content\/uploads\/2019\/09\/cdab-en-movimiento-foto5.png\" data-fancybox=\"gallery\" data-caption=\"As\u00ed fue &#8220;CDAB en movimiento&#8221;, una auspiciosa semana de promoci\u00f3n institucional y vinculaci\u00f3n acad\u00e9mica\"><img loading=\"lazy\" decoding=\"async\" class=\"aligncenter size-medium wp-image-5628\" src=\"http:\/\/www.arte.unicen.edu.ar\/cdab\/wp-content\/uploads\/2019\/09\/cdab-en-movimiento-foto5-300x160.png\" alt=\"\" width=\"300\" height=\"160\"\/><\/a><\/td>\n<td style=\"padding: 0px 20px 10px 20px;\"><a href=\"http:\/\/www.arte.unicen.edu.ar\/cdab\/wp-content\/uploads\/2019\/09\/cdab-en-movimiento-foto6.png\" data-fancybox=\"gallery\" data-caption=\"As\u00ed fue &#8220;CDAB en movimiento&#8221;, una auspiciosa semana de promoci\u00f3n institucional y vinculaci\u00f3n acad\u00e9mica\"><img loading=\"lazy\" decoding=\"async\" class=\"aligncenter size-medium wp-image-5633\" src=\"http:\/\/www.arte.unicen.edu.ar\/cdab\/wp-content\/uploads\/2019\/09\/cdab-en-movimiento-foto6-300x160.png\" alt=\"\" width=\"300\" height=\"160\"\/><\/a><\/td>\n<\/tr>\n<tr>\n<td style=\"padding: 0px 20px 10px 20px;\" colspan=\"3\"><a href=\"http:\/\/www.arte.unicen.edu.ar\/cdab\/wp-content\/uploads\/2019\/09\/cdab-en-movimiento-foto7.png\" data-fancybox=\"gallery\" data-caption=\"As\u00ed fue &#8220;CDAB en movimiento&#8221;, una auspiciosa semana de promoci\u00f3n institucional y vinculaci\u00f3n acad\u00e9mica\"><img loading=\"lazy\" decoding=\"async\" class=\"aligncenter size-medium wp-image-5627\" src=\"http:\/\/www.arte.unicen.edu.ar\/cdab\/wp-content\/uploads\/2019\/09\/cdab-en-movimiento-foto7-300x160.png\" alt=\"\" width=\"300\" height=\"160\"\/><\/a><\/td>\n<\/tr>\n<tr>\n<td style=\"padding: 0px 0px 0px 0px; margin: 0; font-size: 12px;\" colspan=\"3\"><em><u>Fotograf\u00edas:<\/u> CDAB, Facultad de Arte.<\/em><\/td>\n<\/tr>\n<\/tbody>\n<\/table><\/p>\n","protected":false},"excerpt":{"rendered":"<p>El pasado lunes 9 de septiembre a las 11 hs. en el hall de la Facultad de Arte, el Centro de Documentaci\u00f3n Audiovisual y Biblioteca y la Secretar\u00eda de Investigaci\u00f3n y Posgrado dieron inicio a la semana de actividades especiales CDAB en movimiento. Con un espacio especialmente pensado y dise\u00f1ado para la lectura y el visionado de las producciones audiovisuales [&hellip;]<\/p>\n","protected":false},"author":1,"featured_media":9023,"comment_status":"open","ping_status":"open","sticky":false,"template":"","format":"standard","meta":{"_acf_changed":false,"footnotes":""},"categories":[1],"tags":[214,1867,215,288],"class_list":["post-8903","post","type-post","status-publish","format-standard","has-post-thumbnail","hentry","category-novedades","tag-cdab","tag-cdab-en-movimiento","tag-facultad-de-arte","tag-secretaria-de-investigacion-y-posgrado"],"acf":[],"_links":{"self":[{"href":"https:\/\/www.arte.unicen.edu.ar\/cdab\/wp-json\/wp\/v2\/posts\/8903","targetHints":{"allow":["GET"]}}],"collection":[{"href":"https:\/\/www.arte.unicen.edu.ar\/cdab\/wp-json\/wp\/v2\/posts"}],"about":[{"href":"https:\/\/www.arte.unicen.edu.ar\/cdab\/wp-json\/wp\/v2\/types\/post"}],"author":[{"embeddable":true,"href":"https:\/\/www.arte.unicen.edu.ar\/cdab\/wp-json\/wp\/v2\/users\/1"}],"replies":[{"embeddable":true,"href":"https:\/\/www.arte.unicen.edu.ar\/cdab\/wp-json\/wp\/v2\/comments?post=8903"}],"version-history":[{"count":2,"href":"https:\/\/www.arte.unicen.edu.ar\/cdab\/wp-json\/wp\/v2\/posts\/8903\/revisions"}],"predecessor-version":[{"id":16099,"href":"https:\/\/www.arte.unicen.edu.ar\/cdab\/wp-json\/wp\/v2\/posts\/8903\/revisions\/16099"}],"wp:featuredmedia":[{"embeddable":true,"href":"https:\/\/www.arte.unicen.edu.ar\/cdab\/wp-json\/wp\/v2\/media\/9023"}],"wp:attachment":[{"href":"https:\/\/www.arte.unicen.edu.ar\/cdab\/wp-json\/wp\/v2\/media?parent=8903"}],"wp:term":[{"taxonomy":"category","embeddable":true,"href":"https:\/\/www.arte.unicen.edu.ar\/cdab\/wp-json\/wp\/v2\/categories?post=8903"},{"taxonomy":"post_tag","embeddable":true,"href":"https:\/\/www.arte.unicen.edu.ar\/cdab\/wp-json\/wp\/v2\/tags?post=8903"}],"curies":[{"name":"wp","href":"https:\/\/api.w.org\/{rel}","templated":true}]}}