{"id":8615,"date":"2019-09-02T10:15:07","date_gmt":"2019-09-02T13:15:07","guid":{"rendered":"http:\/\/www.arte.unicen.edu.ar\/cdab\/?p=8615"},"modified":"2019-09-08T12:57:43","modified_gmt":"2019-09-08T15:57:43","slug":"el-cdab-presenta-la-exposicion-miradas-desde-latinoamerica-durante-el-mes-de-septiembre","status":"publish","type":"post","link":"https:\/\/www.arte.unicen.edu.ar\/cdab\/el-cdab-presenta-la-exposicion-miradas-desde-latinoamerica-durante-el-mes-de-septiembre\/","title":{"rendered":"El CDAB presenta la exposici\u00f3n &#8220;Miradas desde Latinoam\u00e9rica&#8221; durante el mes de septiembre"},"content":{"rendered":"\n<p>Todos los meses, en el Consejo Acad\u00e9mico de la <a rel=\"noreferrer noopener\" aria-label=\"Facultad de Arte (abre en una nueva pesta\u00f1a)\" href=\"http:\/\/www.arte.unicen.edu.ar\" target=\"_blank\">Facultad de Arte<\/a> (9 de Julio 430), el <strong>Centro de Documentaci\u00f3n Audiovisual y Biblioteca (CDAB)<\/strong> presenta una selecci\u00f3n de fotograf\u00edas, afiches o materiales gr\u00e1ficos con valor hist\u00f3rico, art\u00edstico o acad\u00e9mico. Las <strong>exposiciones CDAB<\/strong> surgen como una propuesta art\u00edstica que, a trav\u00e9s de diferentes tem\u00e1ticas, proponen revisitar el archivo y ponerlo en circulaci\u00f3n destacando actividades o eventos que son de inter\u00e9s institucional.<\/p>\n\n\n\n<p>En este sentido, la <strong>Secretar\u00eda de Investigaci\u00f3n y Posgrado<\/strong> y el <strong>CDAB<\/strong> invitan a toda la comunidad educativa a la muestra <strong>\u201cMiradas desde Latinoam\u00e9rica\u201d<\/strong> que ya se encuentra en exhibici\u00f3n, con entrada libre y gratuita. Durante el mes de septiembre, se recuperan los flyers promocionales de los diversos seminarios que se han llevado a cabo en el marco de la <a rel=\"noreferrer noopener\" aria-label=\"Maestr\u00eda en Arte y Sociedad en Latinoam\u00e9rica (abre en una nueva pesta\u00f1a)\" href=\"http:\/\/www.arte.unicen.edu.ar\/carreras\/posgrado\/maestria-en-arte-y-sociedad\/\" target=\"_blank\">Maestr\u00eda en Arte y Sociedad en Latinoam\u00e9rica<\/a>. Las piezas comunicacionales mencionadas est\u00e1n acompa\u00f1adas, adem\u00e1s, por una selecci\u00f3n de fotograf\u00edas de los seminarios y pr\u00e1cticas realizadas por los maestrandos.<\/p>\n\n\n\n<p>N\u00e9stor Garc\u00eda Canclini, Leonor Arfuch, Claudia Kozak, Beatriz Urraca, Juan Ferguson, Ana Laura Lusnich, Clara Kriger, Pablo Piedras, Mar\u00eda Valdez, Gustavo Aprea, Maximiliano De la Puente, Ignacio Del Valle D\u00e1vila y Javier Campo son s\u00f3lo algunas de las personalidades que han enriquecido el debate acad\u00e9mico y la formaci\u00f3n te\u00f3rica de quienes se encuentran cursando la <a rel=\"noreferrer noopener\" aria-label=\"Maestr\u00eda en Arte y Sociedad en Latinoam\u00e9rica (abre en una nueva pesta\u00f1a)\" href=\"http:\/\/www.arte.unicen.edu.ar\/carreras\/posgrado\/maestria-en-arte-y-sociedad\/\" target=\"_blank\">Maestr\u00eda en Arte y Sociedad en Latinoam\u00e9rica<\/a> que aspira a formar profesionales-investigadores d\u00factiles y sensibles, capaces de ver cr\u00edticamente los procesos art\u00edsticos que se dan en la sociedad contempor\u00e1nea y de problematizar y abordar cr\u00edticamente las diversas formas de inscripci\u00f3n social de las pr\u00e1cticas art\u00edsticas.<\/p>\n\n\n\n<table style=\"margin: 20px auto 20px; text-align: center; border-collapse: collapse; border-spacing: 0;\" class=\"mce-item-table\"><tbody><tr><td><img decoding=\"async\" class=\"aligncenter size-medium wp-image-6967\" src=\"http:\/\/www.arte.unicen.edu.ar\/cdab\/wp-content\/uploads\/2019\/09\/septiembre-expocdab.png\" alt=\"\"\/><\/td><\/tr><\/tbody><\/table>\n","protected":false},"excerpt":{"rendered":"<p>Todos los meses, en el Consejo Acad\u00e9mico de la Facultad de Arte (9 de Julio 430), el Centro de Documentaci\u00f3n Audiovisual y Biblioteca (CDAB) presenta una selecci\u00f3n de fotograf\u00edas, afiches o materiales gr\u00e1ficos con valor hist\u00f3rico, art\u00edstico o acad\u00e9mico. Las exposiciones CDAB surgen como una propuesta art\u00edstica que, a trav\u00e9s de diferentes tem\u00e1ticas, proponen revisitar el archivo y ponerlo en [&hellip;]<\/p>\n","protected":false},"author":1,"featured_media":8640,"comment_status":"open","ping_status":"open","sticky":false,"template":"","format":"standard","meta":{"_acf_changed":false,"footnotes":""},"categories":[1],"tags":[214,215,219,288],"class_list":["post-8615","post","type-post","status-publish","format-standard","has-post-thumbnail","hentry","category-novedades","tag-cdab","tag-facultad-de-arte","tag-maestria-en-arte-y-sociedad-en-latinoamerica","tag-secretaria-de-investigacion-y-posgrado"],"acf":[],"_links":{"self":[{"href":"https:\/\/www.arte.unicen.edu.ar\/cdab\/wp-json\/wp\/v2\/posts\/8615","targetHints":{"allow":["GET"]}}],"collection":[{"href":"https:\/\/www.arte.unicen.edu.ar\/cdab\/wp-json\/wp\/v2\/posts"}],"about":[{"href":"https:\/\/www.arte.unicen.edu.ar\/cdab\/wp-json\/wp\/v2\/types\/post"}],"author":[{"embeddable":true,"href":"https:\/\/www.arte.unicen.edu.ar\/cdab\/wp-json\/wp\/v2\/users\/1"}],"replies":[{"embeddable":true,"href":"https:\/\/www.arte.unicen.edu.ar\/cdab\/wp-json\/wp\/v2\/comments?post=8615"}],"version-history":[{"count":2,"href":"https:\/\/www.arte.unicen.edu.ar\/cdab\/wp-json\/wp\/v2\/posts\/8615\/revisions"}],"predecessor-version":[{"id":8892,"href":"https:\/\/www.arte.unicen.edu.ar\/cdab\/wp-json\/wp\/v2\/posts\/8615\/revisions\/8892"}],"wp:featuredmedia":[{"embeddable":true,"href":"https:\/\/www.arte.unicen.edu.ar\/cdab\/wp-json\/wp\/v2\/media\/8640"}],"wp:attachment":[{"href":"https:\/\/www.arte.unicen.edu.ar\/cdab\/wp-json\/wp\/v2\/media?parent=8615"}],"wp:term":[{"taxonomy":"category","embeddable":true,"href":"https:\/\/www.arte.unicen.edu.ar\/cdab\/wp-json\/wp\/v2\/categories?post=8615"},{"taxonomy":"post_tag","embeddable":true,"href":"https:\/\/www.arte.unicen.edu.ar\/cdab\/wp-json\/wp\/v2\/tags?post=8615"}],"curies":[{"name":"wp","href":"https:\/\/api.w.org\/{rel}","templated":true}]}}