{"id":8050,"date":"2019-07-10T11:12:38","date_gmt":"2019-07-10T14:12:38","guid":{"rendered":"http:\/\/www.arte.unicen.edu.ar\/cdab\/?p=8050"},"modified":"2019-12-11T01:27:02","modified_gmt":"2019-12-11T04:27:02","slug":"el-cdab-recibe-donaciones-provenientes-investigadores-instituciones-academicas","status":"publish","type":"post","link":"https:\/\/www.arte.unicen.edu.ar\/cdab\/el-cdab-recibe-donaciones-provenientes-investigadores-instituciones-academicas\/","title":{"rendered":"Durante el mes de junio, el CDAB recibi\u00f3 significativas donaciones provenientes de investigadores e instituciones acad\u00e9micas"},"content":{"rendered":"\n<p>El <strong>Centro de Documentaci\u00f3n Audiovisual y Biblioteca (CDAB)<\/strong> se complace en anunciar que, durante el mes de junio de 2019, ha recibido un importante n\u00famero de donaciones de manos de investigadores e instituciones acad\u00e9micas con las que se sostienen convenios de intercambio de material bibliogr\u00e1fico.<\/p>\n\n\n\n<p>En el marco de la oferta de seminarios de posgrado propuestos por la <a rel=\"noreferrer noopener\" aria-label=\"Maestr\u00eda en Arte y Sociedad en Latinoam\u00e9rica (abre en una nueva pesta\u00f1a)\" href=\"http:\/\/www.arte.unicen.edu.ar\/carreras\/posgrado\/maestria-en-arte-y-sociedad\" target=\"_blank\">Maestr\u00eda en Arte y Sociedad en Latinoam\u00e9rica<\/a>, durante la semana del 10 al 14 de junio la <a rel=\"noreferrer noopener\" aria-label=\"Facultad de Arte (abre en una nueva pesta\u00f1a)\" href=\"http:\/\/www.arte.unicen.edu.ar\" target=\"_blank\">Facultad de Arte<\/a> recibi\u00f3 a la <strong>Dra. Claudia Kozak<\/strong> para abordar las <em>Problem\u00e1ticas Art\u00edsticas y Sociales Contempor\u00e1neas<\/em>. Como antesala a dicho trayecto formativo se llev\u00f3 a cabo la conferencia abierta <em>Tecnopo\u00e9ticas latinoamericanas. Acerca de arte, tecnolog\u00eda y sociedad<\/em>, la cual form\u00f3 parte de los espacios de reflexi\u00f3n enmarcados en el <em>Ciclo de Encuentros sobre Arte y Sociedad<\/em>. Estas actividades acad\u00e9micas posibilitaron que los maestrandos reconozcan las principales dimensiones de los conceptos de arte, cultura y sociedad y comprendan las tensiones que articulan las relaciones entre arte-mercado, arte-pol\u00edtica y arte-tecnolog\u00eda en los siglos XX y XXI. Como corolario de su visita, la <strong>Dra. Kozak<\/strong> cedi\u00f3 dos ejemplares de la publicaci\u00f3n en la que participa como compiladora: <em>Po\u00e9ticas\/pol\u00edticas tecnol\u00f3gicas en Argentina (1910-2010)<\/em>.<\/p>\n\n\n\n<a href=\"http:\/\/www.arte.unicen.edu.ar\/cdab\/wp-content\/uploads\/2019\/06\/poeticas-politicas-tecnologicas-argentina.jpg\" data-fancybox=\"gallery\" data-caption=\"Durante el mes de junio, el CDAB recibi\u00f3 significativas donaciones provenientes de investigadores e instituciones acad\u00e9micas\"><img loading=\"lazy\" decoding=\"async\" class=\"alignleft size-medium wp-image-5332\" src=\"\/cdab\/wp-content\/uploads\/2019\/06\/poeticas-politicas-tecnologicas-argentina-206x300.jpg\" alt=\"\" width=\"206\" height=\"300\"\/><\/a><h3>Po\u00e9ticas\/pol\u00edticas tecnol\u00f3gicas en Argentina (1910-2010)<\/h3>\n\n\n\n<p>Este libro reflexiona en torno de algunas tramas que anudan el arte y la tecnolog\u00eda en la Argentina durante el tiempo que dura un par\u00e9ntesis de fechas emblem\u00e1ticas: (1910-2010). La elecci\u00f3n de estas fechas imprime al conjunto un sesgo particular, una manera de leerlo sostenido por el peso de una naci\u00f3n imaginada, en gran medida, en esa caja de resonancia de proyecciones de mundo que es el hacer t\u00e9cnico. De all\u00ed que resulte lente adecuada para enfocar con detalle algunos nudos de ese tejido considerados en t\u00e9rminos de lo que hemos dado en llamar po\u00e9ticas\/pol\u00edticas tecnol\u00f3gicas. Modos de decir y de hacer que despliegan las pr\u00e1cticas art\u00edsticas para asumir su tiempo t\u00e9cnico, y que no pocas veces han experimentado con visiones ut\u00f3picas o dist\u00f3picas; exaltatorias, transgresoras o resistentes respecto de la construcci\u00f3n social implicada en la tecnolog\u00eda.<\/p>\n\n\n\n<p>Si el mundo t\u00e9cnico contempor\u00e1neo nos conforma a un presente cuyo futuro suele imaginarse -aunque tal vez con algo de maquillaje y afeites- como m\u00e1s de lo mismo, cuando no peor, acercarse a estas po\u00e9ticas\/pol\u00edticas tecnol\u00f3gicas, con sus tensiones, confrontaciones o correspondencias respecto de ese presente, quiz\u00e1 ayude a liberar nuevas imaginaciones t\u00e9cnicas a la altura de otros proyectos para la transformaci\u00f3n de lo dado.<\/p>\n\n\n\n<hr \/><p>Por otra parte, los <strong>Drs. Javier Campo<\/strong> y <strong>Juan Manuel Padr\u00f3n<\/strong>, investigadores y docentes de la carrera de <a rel=\"noreferrer noopener\" aria-label=\"Realizaci\u00f3n Integral en Artes Audiovisuales\" href=\"http:\/\/www.arte.unicen.edu.ar\/carreras\/grado\/riaa\/perfil-del-egresado_\/\" target=\"_blank\">Realizaci\u00f3n Integral en Artes Audiovisuales<\/a>, visitaron las instalaciones del <a rel=\"noreferrer noopener\" aria-label=\"Instituto Superior de Cine y Actuaci\u00f3n (INCINE)\" href=\"https:\/\/www.incine.edu.ec\" target=\"_blank\">Instituto Superior de Cine y Actuaci\u00f3n (INCINE)<\/a> en Quito, Ecuador (<a rel=\"noreferrer noopener\" aria-label=\"Facultad de Arte\" href=\"http:\/\/www.arte.unicen.edu.ar\/movilidad-docente-al-instituto-superior-de-cine-y-actuacion-quito-y-uartes-guayaquil\" target=\"_blank\">ver nota en sitio web FA<\/a>) en el marco del proyecto <em>Ense\u00f1anza, aprendizaje, investigaci\u00f3n y producci\u00f3n en artes audiovisuales: Movilidad movilizante<\/em> (Proyecto MAGA). Al retornar, entregaron al <strong>CDAB<\/strong> las publicaciones que recibieron durante dicho viaje:<\/p>\n\n\n\n<ul class=\"wp-block-list\"><li><strong><em>Trasc\u00e1mara, la imagen pensada por fot\u00f3grafos. Pr\u00e1cticas te\u00f3ricas desde el lugar de la creaci\u00f3n<\/em><\/strong> editado por Alex Schlenker.<\/li><li><em><strong>Primer borrador. Colecci\u00f3n de guiones cinematogr\u00e1ficos ecuatorianos<\/strong><\/em> editado por Pablo Vargas Hidalgo.<\/li><li><strong><em>Cuando me toque a m\u00ed<\/em><\/strong>. Adaptaci\u00f3n y escritura de gui\u00f3n por V\u00edctor Arregui a partir de la novela <em>De que nada sabe<\/em> de Alfredo Noriega publicada en 2002.<\/li><li><strong><em>Transiciones entre la edici\u00f3n y la direcci\u00f3n<\/em><\/strong>. Conversaci\u00f3n entre Carla Valencia D\u00e1vila e Yibr\u00e1n Asuad Mujica en el marco del Festival de Cine la Orqu\u00eddea, en Cuenca, Ecuador, en octubre de 2018.<\/li><li><strong><em>Estudio de caso leyenda films<\/em><\/strong>. Conversaci\u00f3n entre Ramiro Ruiz e Isabela Parra dentro de los encuentros realizados en OrquideaPro en octubre de 2018.<\/li><li><strong><em>\u00d1awi. Arte, dise\u00f1o y comunicaci\u00f3n #2<\/em><\/strong>.<\/li><\/ul>\n\n\n\n<a href=\"http:\/\/www.arte.unicen.edu.ar\/cdab\/wp-content\/uploads\/2019\/07\/donacion-campo-padron.png\" data-fancybox=\"gallery\" data-caption=\"Durante el mes de junio, el CDAB recibi\u00f3 significativas donaciones provenientes de investigadores e instituciones acad\u00e9micas\"><img loading=\"lazy\" decoding=\"async\" src=\"http:\/\/www.arte.unicen.edu.ar\/cdab\/wp-content\/uploads\/2019\/07\/donacion-campo-padron-600x590.png\" alt=\"\" class=\"wp-image-8460 aligncenter size-medium\" width=\"500\" height=\"492\" srcset=\"https:\/\/www.arte.unicen.edu.ar\/cdab\/wp-content\/uploads\/2019\/07\/donacion-campo-padron-600x590.png 600w, https:\/\/www.arte.unicen.edu.ar\/cdab\/wp-content\/uploads\/2019\/07\/donacion-campo-padron-300x295.png 300w, https:\/\/www.arte.unicen.edu.ar\/cdab\/wp-content\/uploads\/2019\/07\/donacion-campo-padron.png 749w\" sizes=\"auto, (max-width: 500px) 100vw, 500px\" \/><\/a>\n\n\n\n<hr \/><p>Hacia fin de mes, el <a rel=\"noreferrer noopener\" aria-label=\"Departamento de Historia y Teor\u00eda del Arte\" href=\"https:\/\/dhtarte.wordpress.com\" target=\"_blank\">Departamento de Historia y Teor\u00eda del Arte<\/a> organiz\u00f3 y coordin\u00f3 la d\u00e9cima edici\u00f3n de las <strong>Jornadas Internacionales\/Nacionales de Historia, Arte y Pol\u00edtica<\/strong>, un evento acad\u00e9mico instalado en la agenda de la <a href=\"http:\/\/www.arte.unicen.edu.ar\" target=\"_blank\" rel=\"noreferrer noopener\" aria-label=\"Facultad de Arte\">Facultad<\/a>. La participaci\u00f3n de estudiantes, graduados, investigadores y docentes del pa\u00eds y del exterior enriqueci\u00f3 los debates y foment\u00f3 constructivos intercambios en una reuni\u00f3n que abarca perspectivas heterog\u00e9neas tales como <em>la construcci\u00f3n de identidades, sujetos e instituciones en el mundo de las artes<\/em>; <em>el arte, las vanguardias y neo-vanguardias<\/em>; <em>los contenidos ideol\u00f3gicos en el campo art\u00edstico y medi\u00e1tico<\/em>; <em>la relaci\u00f3n entre arte y memoria y arte y filosof\u00eda<\/em>; <em>el patrimonio y la gesti\u00f3n cultural<\/em>; <em>debates sobre las pol\u00edticas culturales y sus marcos normativos<\/em>; <em>las nuevas perspectivas de an\u00e1lisis en torno a las artes y la comunicaci\u00f3n<\/em>; <em>la teor\u00eda e historia de las artes<\/em>, entre otros.<\/p>\n\n\n\n<p>En este contexto, la <strong>Mg. Karina Maddonni<\/strong> don\u00f3 un ejemplar de <em>Ausentadas<\/em>, el libro que acompa\u00f1a a la obra art\u00edstica hom\u00f3nima que pugna por visibilizar la violencia de g\u00e9nero a partir del uso de <em>bodies<\/em> y prendas \u00edntimas femeninas. El material bibliogr\u00e1fico, impreso en una cuidada edici\u00f3n de tapa dura, incluye fotograf\u00edas a p\u00e1gina completa de la instalaci\u00f3n art\u00edstica.<\/p>\n\n\n\n<p>En cooncordancia con la l\u00ednea tem\u00e1tica mencionada precedentemente, la docente, investigadora, actriz y directora teatral <strong>Pilar de Le\u00f3n<\/strong> nos facilit\u00f3 un ejemplar de <em>Met\u00e1fora y g\u00e9nero<\/em>, una publicaci\u00f3n de su autor\u00eda en la que propone tomar &#8220;algunos aspectos del lenguaje metaf\u00f3rico propio de los arquetipos culturales que se encuentran en la dramaturgia de la d\u00e9cada del noventa y perviven en la dramaturgia de la primera d\u00e9cada del siglo XXI&#8221;. Particularmente, &#8220;el arquetipo de la orfandad, el arquetipo del renacimiento, el arquetipo de la vida\/muerte\/vida, el arquetipo de la madre, el patriarcado como modelo arquet\u00edpico, el arquetipo del demonio, el arquetipo de la transmutaci\u00f3n y la creatividad como fuente de la vida&#8221;.<\/p>\n\n\n\n<table style=\"margin: 10px auto 25px; text-align: center; border-collapse: collapse; border-spacing: 0;\">\n<tbody>\n<tr>\n<td style=\"padding: 0px 30px 10px 30px;\"><a href=\"http:\/\/www.arte.unicen.edu.ar\/cdab\/wp-content\/uploads\/2019\/07\/ausentadas.jpg\" data-fancybox=\"gallery\" data-caption=\"Durante el mes de junio, el CDAB recibi\u00f3 significativas donaciones provenientes de investigadores e instituciones acad\u00e9micas\"><img loading=\"lazy\" decoding=\"async\" class=\"aligncenter size-medium wp-image-5344\" src=\"\/cdab\/wp-content\/uploads\/2019\/07\/ausentadas-300x248.jpg\" alt=\"\" width=\"300\" height=\"248\" style=\"margin-bottom: 35px;\"\/><\/a><\/td>\n<td style=\"padding: 0px 30px 10px 30px;\"><a href=\"http:\/\/www.arte.unicen.edu.ar\/cdab\/wp-content\/uploads\/2019\/07\/metafora-genero.jpg\" data-fancybox=\"gallery\" data-caption=\"Durante el mes de junio, el CDAB recibi\u00f3 significativas donaciones provenientes de investigadores e instituciones acad\u00e9micas\"><img loading=\"lazy\" decoding=\"async\" class=\"aligncenter size-medium wp-image-5347\" src=\"\/cdab\/wp-content\/uploads\/2019\/07\/metafora-genero-212x300.jpg\" alt=\"\" width=\"212\" height=\"300\"\/><\/a><\/td>\n<\/tr>\n<tr>\n<td style=\"padding: 0px 0px 0px 0px; margin: 0; font-size: 12px;\" colspan=\"4\"><em>Donaciones efectuadas por <strong>Mg. Karina Maddonni<\/strong> y <strong>Pilar de Le\u00f3n<\/strong>.<\/em><\/td>\n<\/tr>\n<\/tbody>\n<\/table>\n\n\n\n<hr \/>\n<p><h3>Acerca de Claudia Kozak<\/h3>\n<\/p><p><img loading=\"lazy\" decoding=\"async\" class=\"alignleft size-full wp-image-4077\" style=\"border: 0px; border-radius: 200px; margin-bottom: 20px;\" src=\"http:\/\/www.arte.unicen.edu.ar\/cdab\/wp-content\/uploads\/2019\/07\/claudia-kozak.jpg\" alt=\"\" width=\"200\" height=\"200\"\/><strong>Claudia Kozak<\/strong> es Doctora en Letras (<a href=\"http:\/\/www.filo.uba.ar\" target=\"_blank\" rel=\"noreferrer noopener\" aria-label=\"Facultad de Filosof\u00eda y Letras, Universidad de Buenos Aires\">FFyL<\/a>, <a href=\"http:\/\/www.uba.ar\" target=\"_blank\" rel=\"noreferrer noopener\" aria-label=\"Universidad de Buenos Aires\">UBA<\/a>), Investigadora Principal <a href=\"https:\/\/www.conicet.gov.ar\" target=\"_blank\" rel=\"noreferrer noopener\" aria-label=\"CONICET\">CONICET<\/a>\/<a href=\"http:\/\/iigg.sociales.uba.ar\" target=\"_blank\" rel=\"noreferrer noopener\" aria-label=\"Instituto Gino Germani\">Instituto Gino Germani<\/a> (<a href=\"http:\/\/www.uba.ar\" target=\"_blank\" rel=\"noreferrer noopener\" aria-label=\"Universidad de Buenos Aires\">UBA<\/a>), con categor\u00eda I en el Programa de Incentivos a Docentes-Investigadores del <a href=\"https:\/\/www.argentina.gob.ar\/educacion\" target=\"_blank\" rel=\"noopener noreferrer\">Ministerio de Educaci\u00f3n<\/a>. Profesora Titular Regular en la Licenciatura en Comunicaci\u00f3n Social y Adjunta Interina en la Licenciatura en Letras de la <a href=\"http:\/\/www.uba.ar\" target=\"_blank\" rel=\"noreferrer noopener\" aria-label=\"Universidad de Buenos Aires\">Universidad de Buenos Aires<\/a>. Forma parte del Consejo Acad\u00e9mico del Doctorado en Teor\u00eda Comparada de las Artes (<a href=\"https:\/\/www.untref.edu.ar\" target=\"_blank\" rel=\"noreferrer noopener\" aria-label=\"Universidad Nacional de Tres de Febrero\">UNTREF<\/a>) y del Erasmus Mundus Masters &#8220;Crossways in Cultural Narratives&#8221;. Dicta cursos de posgrado en distintas universidades. Es integrante del grupo editor de la revista <em>Artefacto. Pensamientos sobre la t\u00e9cnica<\/em>; directora de <a href=\"http:\/\/www.ludion.org\" target=\"_blank\" rel=\"noreferrer noopener\" aria-label=\"Ludi\u00f3n. Exploratorio argentino de po\u00e9ticas\/pol\u00edticas tecnol\u00f3gicas\">Ludi\u00f3n. Exploratorio argentino de po\u00e9ticas\/pol\u00edticas tecnol\u00f3gicas<\/a> y coordinadora de la <a rel=\"noreferrer noopener\" aria-label=\"Red de Literatura Electr\u00f3nica Latinoamericana\" href=\"http:\/\/litelat.net\" target=\"_blank\">Red de Literatura Electr\u00f3nica Latinoamericana<\/a>. Ha publicado los siguientes libros como compiladora y autora: <em>Po\u00e9ticas\/pol\u00edticas tecnol\u00f3gicas en Argentina (1910-2010)<\/em> (La Hendija, 2014); <em>Tecnopo\u00e9ticas argentinas. Archivo blando de arte y tecnolog\u00eda<\/em> (Caja Negra, 2012, segunda ed., 2015); <em>Po\u00e9ticas tecnol\u00f3gicas, transdisciplina y sociedad. Actas del Seminario Internacional Ludi\u00f3n\/Paragraphe<\/em> (Exploratorio Ludi\u00f3n, 2011); <em>Deslindes. Ensayos sobre la literatura y sus l\u00edmites en el siglo XX<\/em> (Beatriz Viterbo Editora, 2006); <em>Las paredes limpias no dicen nada<\/em> (Libros del Quirquincho, 1991). Como autora individual ha publicado <em>Contra la pared. Sobre graffitis, pintadas y otras intervenciones urbanas<\/em> (Libros del Rojas, 2004) y la antolog\u00eda <em>Rock en letras<\/em> (Libros del Quirquincho, 1990). Actualmente dirige el proyecto UBACyT <em>Tecnopo\u00e9ticas latinoamericanas y materialidad. Cuerpos, lenguajes, territorios e intervenciones<\/em>.<\/p>\n<hr \/>\n<p><h3>Acerca de Javier Campo<\/h3>\n<\/p><p><img loading=\"lazy\" decoding=\"async\" class=\"alignleft size-full wp-image-4077\" style=\"border: 0px; border-radius: 200px; margin-bottom: 20px;\" src=\"http:\/\/www.arte.unicen.edu.ar\/cdab\/wp-content\/uploads\/2019\/02\/javier-campo.jpg\" alt=\"\" width=\"200\" height=\"200\"\/><strong>Javier Campo<\/strong> es un investigador argentino especializado en cine documental. Es el director de la revista <a href=\"http:\/\/www.cinedocumental.com.ar\" target=\"_blank\" rel=\"nofollow noopener noreferrer\">Cine Documental<\/a>. Se desempe\u00f1a como investigador del <strong>CONICET<\/strong> y se ha recibido como Licenciado en Ciencias de la Comunicaci\u00f3n y Doctor en Ciencias Sociales por la <a href=\"http:\/\/www.uba.ar\" target=\"_blank\" rel=\"nofollow noopener noreferrer\">Universidad de Buenos Aires<\/a>. Entre sus libros se encuentran <em>Revoluci\u00f3n y Democracia. El cine documental argentino del exilio<\/em> (2017), <em>Cine documental argentino. Entre el arte, la cultura y la pol\u00edtica<\/em> (2012), entre otros. Asimismo es el editor de <em>A trail of fire for Political Cinema. The Hour of the Furnaces fifty years later<\/em> (2018) y compilador de <em>Cine documental, memoria y derechos humanos<\/em> (2007). Es profesor de <em>Est\u00e9tica cinematogr\u00e1fica<\/em> y de cursos de posgrado en la <a href=\"http:\/\/www.arte.unicen.edu.ar\" target=\"_blank\" rel=\"nofollow noopener noreferrer\">Facultad de Arte<\/a> (<a href=\"http:\/\/www.unicen.edu.ar\" target=\"_blank\" rel=\"nofollow noopener noreferrer\">UNICEN<\/a>). Asimismo, trabaja en el <a href=\"https:\/\/dhtarte.wordpress.com\" target=\"_blank\" rel=\"nofollow noopener noreferrer\">Departamento de Historia y Teor\u00eda del Arte<\/a> de la misma Facultad y es miembro de la <a href=\"http:\/\/www.asaeca.org\/\" target=\"_blank\" rel=\"nofollow noopener noreferrer\">Asociaci\u00f3n Argentina de Estudios de Cine y Audiovisual (AsAECA)<\/a> y del <a href=\"http:\/\/www.ciyne.com.ar\" target=\"_blank\" rel=\"nofollow noopener noreferrer\">Centro de Investigaci\u00f3n y Nuevos Estudios sobre Cine<\/a> (<a href=\"http:\/\/www.filo.uba.ar\" target=\"_blank\" rel=\"nofollow noopener noreferrer\">FFyL-UBA<\/a>). En 2019 present\u00f3 <em>Historia(s) del cine y el audiovisual en Tandil<\/em>, un nuevo libro editado junto al Dr. Juan Manuel Padr\u00f3n bajo el sello <a href=\"http:\/\/www.arte.unicen.edu.ar\/artepublicaciones\" target=\"_blank\" rel=\"noopener noreferrer\">Arte Publicaciones<\/a>.<\/p>\n<p><span style=\"text-decoration: underline;\"><strong>Sitio web:<\/strong><\/span>&nbsp;<a href=\"http:\/\/javiercampo.cinedocumental.com.ar\" target=\"_blank\" rel=\"nofollow noopener noreferrer\">www.javiercampo.cinedocumental.com.ar<\/a><\/p>\n<hr \/>\n<h3>Acerca de Juan Manuel Padr\u00f3n<\/h3>\n<p><img loading=\"lazy\" decoding=\"async\" class=\"alignleft size-full wp-image-4077\" style=\"border: 0px; border-radius: 200px; margin-bottom: 20px;\" src=\"http:\/\/www.arte.unicen.edu.ar\/cdab\/wp-content\/uploads\/2019\/06\/juan-manuel-padron.jpg\" alt=\"\" width=\"200\" height=\"200\"\/><strong>Juan Manuel Padr\u00f3n<\/strong> es profesor y licenciado en Historia por la <a href=\"http:\/\/www.unicen.edu.ar\" target=\"_blank\" rel=\"nofollow noopener noreferrer\">Universidad Nacional del Centro de la Provincia de Buenos Aires (UNICEN)<\/a>, donde obtuvo su Doctorado en Historia. Miembro investigador del <a href=\"http:\/\/www.fch.unicen.edu.ar\/ciep\" target=\"_blank\" rel=\"nofollow noopener noreferrer\">Centro Interdisciplinario de Estudios Pol\u00edticos, Sociales y Jur\u00eddicos (CIEP)<\/a> de las <a href=\"http:\/\/www.fch.unicen.edu.ar\" target=\"_blank\" rel=\"nofollow noopener noreferrer\">Facultades de Ciencias Humanas<\/a> y de <a href=\"http:\/\/www.der.unicen.edu.ar\" target=\"_blank\" rel=\"nofollow noopener noreferrer\">Derecho<\/a>, <a href=\"http:\/\/www.unicen.edu.ar\" target=\"_blank\" rel=\"nofollow noopener noreferrer\">UNICEN<\/a>. Es Profesor Adjunto en la <a href=\"http:\/\/www.arte.unicen.edu.ar\" target=\"_blank\" rel=\"nofollow noopener noreferrer\">Facultad de Arte<\/a> (<a href=\"http:\/\/www.unicen.edu.ar\" target=\"_blank\" rel=\"nofollow noopener noreferrer\">UNICEN<\/a>), en las c\u00e1tedras <em>Historias del Cine 2<\/em>, <em>Arte y Pensamiento Contempor\u00e1neo<\/em> y <em>Metodolog\u00eda de la Investigaci\u00f3n<\/em>. Anteriormente public\u00f3 el libro <em>\u00a1Ni yanquis, ni marxistas! Nacionalistas. Nacionalismo, militancia y violencia pol\u00edtica: el caso del Movimiento Nacionalista Tacuara en la Argentina (1955-1966)<\/em>, en el marco de la colecci\u00f3n de e-books <em>Entre los libros de la buena memoria<\/em> que difunde trabajos de investigaci\u00f3n centrados en temas de historia y memoria del pasado reciente producidos en el seno de Universidades nacionales y otros \u00e1mbitos acad\u00e9micos. En 2019 present\u00f3 <em>Historia(s) del cine y el audiovisual en Tandil<\/em>, un nuevo libro editado junto al Dr. Javier Campo bajo el sello <a href=\"http:\/\/www.arte.unicen.edu.ar\/artepublicaciones\" target=\"_blank\" rel=\"noopener noreferrer\">Arte Publicaciones<\/a>.<\/p>\n<hr \/>\n<h3>Acerca de Karina Maddonni<\/h3>\n<p><img loading=\"lazy\" decoding=\"async\" class=\"alignleft size-full wp-image-4077\" style=\"border: 0px; border-radius: 200px; margin-bottom: 20px;\" src=\"http:\/\/www.arte.unicen.edu.ar\/cdab\/wp-content\/uploads\/2019\/07\/karina-maddonni.jpg\" alt=\"\" width=\"200\" height=\"200\"\/><strong>Karina Maddonni<\/strong> es licenciada en Artes Visuales con orientaci\u00f3n en Pintura (<a href=\"https:\/\/www.una.edu.ar\" target=\"_blank\" rel=\"noopener noreferrer\">UNA<\/a>) y Profesora Nacional de Pintura (Escuela Nacional de Bellas Artes P. Pueyrred\u00f3n). Ha realizado muestras tanto individuales como colectivas desde 1993. Fue artista invitada por la <a href=\"https:\/\/www.wta-online.org\" target=\"_blank\" rel=\"noopener noreferrer\">WTA (World Textile Art)<\/a> a la 5ta. y 6ta. ediciones de la Bienal Internacional de Arte Textil &#8211; Buenos Aires y Montevideo respectivamente. Invitada por el <a href=\"https:\/\/www.cultura.gob.ar\" target=\"_blank\" rel=\"noopener noreferrer\">Ministerio de Cultura de la Naci\u00f3n<\/a> a desarrollar el proyecto \u201c\u2026el fuego, siempre\u201d en Ushuaia, Tierra del Fuego, junto al artista Alejandro O\u2019Shea, en el marco de los festejos del segundo Centenario de la Independencia (2016). Ha sido curadora de diversas muestras.<br \/>Es profesora titular y miembro del departamento de Arte (<a href=\"https:\/\/www.uade.edu.ar\/unidades-academicas\/facultad-de-arquitectura-y-diseno\" target=\"_blank\" rel=\"noopener noreferrer\">Facultad de Arquitectura y Dise\u00f1o<\/a>, <a href=\"https:\/\/www.uade.edu.ar\" target=\"_blank\" rel=\"noopener noreferrer\">UADE<\/a>), creadora de la Licenciatura en Gesti\u00f3n de Arte. Actualmente dicta el Curso de Posgrado Bordes (el arte textil en las pr\u00e1cticas art\u00edsticas contempor\u00e1neas) (<a href=\"https:\/\/www.una.edu.ar\" target=\"_blank\" rel=\"noopener noreferrer\">UNA<\/a>, Departamento de Posgrado); profesora invitada a cursos de posgrado en Middlebury College, Vermont, USA (desde 2012). Ha sido docente desde 1992 en <a href=\"http:\/\/www.fadu.uba.ar\" target=\"_blank\" rel=\"noopener noreferrer\">FADU<\/a> (<a href=\"http:\/\/www.uba.ar\" target=\"_blank\" rel=\"noopener noreferrer\">UBA<\/a>), en <a href=\"https:\/\/www.uade.edu.ar\" target=\"_blank\" rel=\"noopener noreferrer\">UADE<\/a>, en la <a href=\"https:\/\/www.unimoron.edu.ar\" target=\"_blank\" rel=\"noopener noreferrer\">Universidad de Mor\u00f3n<\/a> y en <a href=\"https:\/\/www.untref.edu.ar\" target=\"_blank\" rel=\"noopener noreferrer\">UNTREF<\/a> otras instituciones educativas, as\u00ed como tambi\u00e9n en su propio estudio.\nEn investigaci\u00f3n, dirige la ACyT (UADE-INSOD) \u201cEl arte contempor\u00e1neo y sus derivas en la ense\u00f1anza universitaria\u201d, segunda etapa (2017-18), ha formado parte de los equipos de investigaci\u00f3n en Arte y Trabajo (Dir. Alicia Romero, IUNA, 2010\/2011), y de la investigaci\u00f3n en Lenguajes Art\u00edsticos Combinados (Dir. Graciela Marotta, 2009-2010).<\/p>\n<hr \/>\n<h3>Acerca de Pilar de Le\u00f3n<\/h3>\n<p><img loading=\"lazy\" decoding=\"async\" class=\"alignleft size-full wp-image-4077\" style=\"border: 0px; border-radius: 200px; margin-bottom: 20px;\" src=\"http:\/\/www.arte.unicen.edu.ar\/cdab\/wp-content\/uploads\/2019\/07\/pilar-de-leon.jpg\" alt=\"\" width=\"200\" height=\"200\"\/><strong>Pilar de Le\u00f3n<\/strong> es docente, investigadora, actriz y directora teatral. Magister en Ciencias Humanas (Opci\u00f3n Teor\u00eda e Historia del Teatro). Es miembro del Departamento de Teor\u00eda y Metodolog\u00eda Literarias de la Facultad de Humanidades y Ciencias de la Educaci\u00f3n en la <a href=\"http:\/\/www.universidad.edu.uy\" target=\"_blank\" rel=\"noopener noreferrer\">Universidad de la Rep\u00fablica<\/a> y del <a href=\"http:\/\/ihaal.institutos.filo.uba.ar\/getea\" target=\"_blank\" rel=\"noopener noreferrer\">Grupo de Estudios de Teatro (GETEA)<\/a> de la <a href=\"http:\/\/www.filo.uba.ar\" target=\"_blank\" rel=\"noopener noreferrer\">Facultad de Filosof\u00eda y Letras<\/a> de la <a href=\"http:\/\/www.uba.ar\" target=\"_blank\" rel=\"noopener noreferrer\">Universidad de Buenos Aires<\/a>. Fundadora del <a href=\"http:\/\/grupoprometeus.blogspot.com\" target=\"_blank\" rel=\"noopener noreferrer\">Centro de Investigaci\u00f3n Teatral Prometeus<\/a>. Ha trabajado en Formaci\u00f3n Docente en el <a href=\"http:\/\/ipa.cfe.edu.uy\" target=\"_blank\" rel=\"noopener noreferrer\">Instituto de Profesores Artigas (IPA)<\/a> y en los <a href=\"http:\/\/iinn.cfe.edu.uy\" target=\"_blank\" rel=\"noopener noreferrer\">Institutos Normales de Montevideo (IINN)<\/a> desde 1997, donde actualmente se desempe\u00f1a. Fue profesora de Idioma Espa\u00f1ol en Secundaria y profesora de Expresi\u00f3n Oral y Escrita y Teatro en instituciones privadas. Realiz\u00f3 estudios avanzados en Ling\u00fc\u00edstica, conferencias en la Ciudad de M\u00e9xico, ponencias en San Juan, Tandil, La Plata, Rosario, Mendoza, Buenos Aires, Santa Mar\u00eda, Florian\u00f3polis y Montevideo, y ha publicado art\u00edculos sobre g\u00e9nero, teor\u00eda literaria, teatro y educaci\u00f3n en libros y revistas de Montevideo, Buenos Aires, Florian\u00f3polis y Estados Unidos.<\/p>\n","protected":false},"excerpt":{"rendered":"<p>El Centro de Documentaci\u00f3n Audiovisual y Biblioteca (CDAB) se complace en anunciar que, durante el mes de junio de 2019, ha recibido un importante n\u00famero de donaciones de manos de investigadores e instituciones acad\u00e9micas con las que se sostienen convenios de intercambio de material bibliogr\u00e1fico. En el marco de la oferta de seminarios de posgrado propuestos por la Maestr\u00eda en [&hellip;]<\/p>\n","protected":false},"author":1,"featured_media":8469,"comment_status":"open","ping_status":"open","sticky":false,"template":"","format":"standard","meta":{"_acf_changed":false,"footnotes":""},"categories":[1],"tags":[214,290,215,298,219],"class_list":["post-8050","post","type-post","status-publish","format-standard","has-post-thumbnail","hentry","category-novedades","tag-cdab","tag-donacion","tag-facultad-de-arte","tag-jornadas-de-historia-arte-y-politica","tag-maestria-en-arte-y-sociedad-en-latinoamerica"],"acf":[],"_links":{"self":[{"href":"https:\/\/www.arte.unicen.edu.ar\/cdab\/wp-json\/wp\/v2\/posts\/8050","targetHints":{"allow":["GET"]}}],"collection":[{"href":"https:\/\/www.arte.unicen.edu.ar\/cdab\/wp-json\/wp\/v2\/posts"}],"about":[{"href":"https:\/\/www.arte.unicen.edu.ar\/cdab\/wp-json\/wp\/v2\/types\/post"}],"author":[{"embeddable":true,"href":"https:\/\/www.arte.unicen.edu.ar\/cdab\/wp-json\/wp\/v2\/users\/1"}],"replies":[{"embeddable":true,"href":"https:\/\/www.arte.unicen.edu.ar\/cdab\/wp-json\/wp\/v2\/comments?post=8050"}],"version-history":[{"count":2,"href":"https:\/\/www.arte.unicen.edu.ar\/cdab\/wp-json\/wp\/v2\/posts\/8050\/revisions"}],"predecessor-version":[{"id":10257,"href":"https:\/\/www.arte.unicen.edu.ar\/cdab\/wp-json\/wp\/v2\/posts\/8050\/revisions\/10257"}],"wp:featuredmedia":[{"embeddable":true,"href":"https:\/\/www.arte.unicen.edu.ar\/cdab\/wp-json\/wp\/v2\/media\/8469"}],"wp:attachment":[{"href":"https:\/\/www.arte.unicen.edu.ar\/cdab\/wp-json\/wp\/v2\/media?parent=8050"}],"wp:term":[{"taxonomy":"category","embeddable":true,"href":"https:\/\/www.arte.unicen.edu.ar\/cdab\/wp-json\/wp\/v2\/categories?post=8050"},{"taxonomy":"post_tag","embeddable":true,"href":"https:\/\/www.arte.unicen.edu.ar\/cdab\/wp-json\/wp\/v2\/tags?post=8050"}],"curies":[{"name":"wp","href":"https:\/\/api.w.org\/{rel}","templated":true}]}}