{"id":7937,"date":"2019-06-28T19:00:37","date_gmt":"2019-06-28T22:00:37","guid":{"rendered":"http:\/\/www.arte.unicen.edu.ar\/cdab\/?p=7937"},"modified":"2019-07-15T14:55:39","modified_gmt":"2019-07-15T17:55:39","slug":"campo-padron-presentaron-nuevo-libro-arte-publicaciones-historias-del-cine-audiovisual-tandil","status":"publish","type":"post","link":"https:\/\/www.arte.unicen.edu.ar\/cdab\/campo-padron-presentaron-nuevo-libro-arte-publicaciones-historias-del-cine-audiovisual-tandil\/","title":{"rendered":"Javier Campo y Juan Manuel Padr\u00f3n presentaron un nuevo libro de Arte Publicaciones: &#8220;Historia(s) del cine y el audiovisual en Tandil&#8221;"},"content":{"rendered":"\n<p>El pasado viernes 28 de junio a las 18:30 hs., en el marco de las <strong>X Jornadas Internacionales\/Nacionales de Historia, Arte y Pol\u00edtica<\/strong> organizadas por el <a rel=\"noreferrer noopener\" aria-label=\"Departamento de Historia y Teor\u00eda del Arte (abre en una nueva pesta\u00f1a)\" href=\"https:\/\/dhtarte.wordpress.com\" target=\"_blank\">Departamento de Historia y Teor\u00eda del Arte<\/a>, se present\u00f3 un nuevo libro de la colecci\u00f3n <a rel=\"noreferrer noopener\" aria-label=\"Arte Publicaciones (abre en una nueva pesta\u00f1a)\" href=\"http:\/\/www.arte.unicen.edu.ar\/artepublicaciones\" target=\"_blank\">Arte Publicaciones<\/a>: <em><strong>Historia(s) del cine y el audiovisual en Tandil<\/strong><\/em> editado por <strong>Javier Campo<\/strong> y <strong>Juan Manuel Padr\u00f3n<\/strong>. El Sal\u00f3n Multimedial 1 de la <a rel=\"noreferrer noopener\" aria-label=\"Facultad de Arte (abre en una nueva pesta\u00f1a)\" href=\"http:\/\/www.arte.unicen.edu.ar\" target=\"_blank\">Facultad de Arte<\/a> fue sede del evento que cont\u00f3 con la presencia de los autores, autoridades de la instituci\u00f3n y el <a rel=\"noreferrer noopener\" aria-label=\"Departamento de Historia y Teor\u00eda del Arte (abre en una nueva pesta\u00f1a)\" href=\"https:\/\/dhtarte.wordpress.com\" target=\"_blank\">Departamento de Historia y Teor\u00eda del Arte<\/a>, docentes, investigadores, alumnos, p\u00fablico en general y un invitado especial: <strong>Alberto Gauna<\/strong>, director de <em>Cerro de leones<\/em> (1975), primer mediometraje tandilense.<\/p>\n\n\n\n<p>El encuentro dio inicio con las palabras del <strong>Dr. Javier Campo<\/strong>, quien reflexion\u00f3 acerca de la importancia de promover la circulaci\u00f3n de los resultados de la investigaci\u00f3n art\u00edstica y agradeci\u00f3 el apoyo de la <em>Secretaria de Investigaci\u00f3n y Posgrado<\/em>, <strong>Mg. Teresita Mar\u00eda Victoria Fuentes<\/strong>; el <em>Decano<\/em> de la <a rel=\"noreferrer noopener\" aria-label=\"Facultad de Arte (abre en una nueva pesta\u00f1a)\" href=\"http:\/\/www.arte.unicen.edu.ar\" target=\"_blank\">Facultad de Arte<\/a>, <strong>Lic. Mario Valiente<\/strong>; y los <em>coordinadores editoriales<\/em> de <a rel=\"noreferrer noopener\" aria-label=\"Arte Publicaciones (abre en una nueva pesta\u00f1a)\" href=\"http:\/\/www.arte.unicen.edu.ar\/artepublicaciones\" target=\"_blank\">Arte Publicaciones<\/a>, <strong>Claudia C. Speranza<\/strong> y <strong>An\u00edbal Minnucci<\/strong>. Dichos agradecimientos tambi\u00e9n se hicieron extensivos a los investigadores, docentes, graduados y colaboradores que participaron en el contenido del libro:<em> Valeria Azucena Palavecino, Agustina Bertone, Carolina Cesario, Horacio Cappelluti, Luciano Barandiar\u00e1n, Alejo Fern\u00e1ndez Mouj\u00e1n, Mar\u00eda Cecilia Christensen, Daniel Giacomelli, Magal\u00ed Mariano, Nicol\u00e1s Scipione, Mar\u00eda Victoria Basterrica, Mar\u00eda Virginia Morazzo<\/em> y <em>Cecilia Wulff<\/em>.<\/p>\n\n\n\n<p>A continuaci\u00f3n, el <strong>Dr. Juan Manuel Padr\u00f3n<\/strong> introdujo los tres apartados tem\u00e1ticos en los que se divide el libro (<em>Historia(s)<\/em>, <em>Films y directores<\/em> e <em>Instituciones<\/em>) y repas\u00f3 brevemente los diversos aspectos de la producci\u00f3n audiovisual que se abordan en cada art\u00edculo. En <strong><em>Historia(s) del cine y el audiovisual en Tandil<\/em><\/strong> se indaga acerca de los espacios de proyecci\u00f3n cinematogr\u00e1ficos tandilenses en el siglo XX; la relaci\u00f3n entre prensa cat\u00f3lica, moral y cine mediante el caso de <em>La Revista<\/em> (1922-1968); el surgimiento de los primeros cineclubes en la ciudad; los festivales audiovisuales locales; la apertura de la carrera de <a rel=\"noreferrer noopener\" aria-label=\"Realizaci\u00f3n Integral en Artes Audiovisuales (abre en una nueva pesta\u00f1a)\" href=\"http:\/\/www.arte.unicen.edu.ar\/carreras\/grado\/riaa\/perfil-del-egresado_\" target=\"_blank\">Realizaci\u00f3n Integral en Artes Audiovisuales<\/a> y el surgimiento de productoras audiovisuales independientes conformadas por sus graduados; la realizaci\u00f3n del largometraje ficcional <em>Opciones reales<\/em> (2010 &#8211; Dir. Silvio Fischbein) en el marco de la <a rel=\"noreferrer noopener\" href=\"http:\/\/www.arte.unicen.edu.ar\/\" target=\"_blank\">Facultad de Arte<\/a>; la creaci\u00f3n de la Productora de Contenidos Audiovisuales de la <a rel=\"noreferrer noopener\" aria-label=\"UNICEN (abre en una nueva pesta\u00f1a)\" href=\"http:\/\/www.unicen.edu.ar\" target=\"_blank\">UNICEN<\/a>, entre otras tem\u00e1ticas afines.<\/p>\n\n\n\n<p>El cierre estuvo a cargo de <strong>Alberto Gauna<\/strong> que, adem\u00e1s de agradecer la invitaci\u00f3n a las <strong>X Jornadas Internacionales\/Nacionales de Historia, Arte y Pol\u00edtica<\/strong>, destac\u00f3 el valor hist\u00f3rico-acad\u00e9mico de la publicaci\u00f3n en tanto recupera las primeras experiencias f\u00edlmicas llevadas a cabo en la ciudad e intenta trazar un panorama de la situaci\u00f3n actual del audiovisual en Tandil. Acto seguido, Gauna present\u00f3 la proyecci\u00f3n de la copia remasterizada de <em>Cerro de leones<\/em> en el marco del ciclo <strong>Arte Proyecta<\/strong> coordinado por la <em>Secretar\u00eda de Extensi\u00f3n<\/em>.<\/p>\n\n\n\n<p>Compartimos algunos registros fotogr\u00e1ficos de la presentaci\u00f3n:<\/p>\n\n\n\n<p><table style=\"margin: 15px auto 25px; text-align: center; border-collapse: collapse; border-spacing: 0;\">\n<tbody>\n<tr>\n<td style=\"padding: 0px 20px 10px 20px;\"><a href=\"http:\/\/www.arte.unicen.edu.ar\/cdab\/wp-content\/uploads\/2019\/07\/librocampopadron-1.jpg\" data-fancybox=\"gallery\" data-caption=\"Javier Campo y Juan Manuel Padr\u00f3n presentaron un nuevo libro de Arte Publicaciones: &#8220;Historia(s) del cine y el audiovisual en Tandil&#8221;\"><img loading=\"lazy\" decoding=\"async\" class=\"aligncenter size-medium wp-image-5627\" src=\"http:\/\/www.arte.unicen.edu.ar\/cdab\/wp-content\/uploads\/2019\/07\/librocampopadron-1.jpg\" alt=\"\" width=\"350\" height=\"197\"\/><\/a><\/td>\n<td style=\"padding: 0px 20px 10px 20px;\"><a href=\"http:\/\/www.arte.unicen.edu.ar\/cdab\/wp-content\/uploads\/2019\/07\/librocampopadron-2.jpg\" data-fancybox=\"gallery\" data-caption=\"Javier Campo y Juan Manuel Padr\u00f3n presentaron un nuevo libro de Arte Publicaciones: &#8220;Historia(s) del cine y el audiovisual en Tandil&#8221;\"><img loading=\"lazy\" decoding=\"async\" class=\"aligncenter size-medium wp-image-5628\" src=\"http:\/\/www.arte.unicen.edu.ar\/cdab\/wp-content\/uploads\/2019\/07\/librocampopadron-2.jpg\" alt=\"\" width=\"350\" height=\"197\"\/><\/a><\/td>\n<td style=\"padding: 0px 20px 10px 20px;\"><a href=\"http:\/\/www.arte.unicen.edu.ar\/cdab\/wp-content\/uploads\/2019\/07\/librocampopadron-5.jpg\" data-fancybox=\"gallery\" data-caption=\"Javier Campo y Juan Manuel Padr\u00f3n presentaron un nuevo libro de Arte Publicaciones: &#8220;Historia(s) del cine y el audiovisual en Tandil&#8221;\"><img loading=\"lazy\" decoding=\"async\" class=\"aligncenter size-medium wp-image-5633\" src=\"http:\/\/www.arte.unicen.edu.ar\/cdab\/wp-content\/uploads\/2019\/07\/librocampopadron-5.jpg\" alt=\"\" width=\"350\" height=\"197\"\/><\/a><\/td>\n<\/tr>\n<tr>\n<td style=\"padding: 0px 20px 10px 20px;\"><a href=\"http:\/\/www.arte.unicen.edu.ar\/cdab\/wp-content\/uploads\/2019\/07\/librocampopadron-4.jpg\" data-fancybox=\"gallery\" data-caption=\"Javier Campo y Juan Manuel Padr\u00f3n presentaron un nuevo libro de Arte Publicaciones: &#8220;Historia(s) del cine y el audiovisual en Tandil&#8221;\"><img loading=\"lazy\" decoding=\"async\" class=\"aligncenter size-medium wp-image-5636\" src=\"http:\/\/www.arte.unicen.edu.ar\/cdab\/wp-content\/uploads\/2019\/07\/librocampopadron-4.jpg\" alt=\"\" width=\"350\" height=\"233\"\/><\/a><\/td>\n<td style=\"padding: 0px 20px 10px 20px;\"><a href=\"http:\/\/www.arte.unicen.edu.ar\/cdab\/wp-content\/uploads\/2019\/07\/librocampopadron-3.jpg\" data-fancybox=\"gallery\" data-caption=\"Javier Campo y Juan Manuel Padr\u00f3n presentaron un nuevo libro de Arte Publicaciones: &#8220;Historia(s) del cine y el audiovisual en Tandil&#8221;\"><img loading=\"lazy\" decoding=\"async\" class=\"aligncenter size-medium wp-image-5632\" src=\"http:\/\/www.arte.unicen.edu.ar\/cdab\/wp-content\/uploads\/2019\/07\/librocampopadron-3.jpg\" alt=\"\" width=\"350\" height=\"233\"\/><\/a><\/td>\n<td style=\"padding: 0px 20px 10px 20px;\"><a href=\"http:\/\/www.arte.unicen.edu.ar\/cdab\/wp-content\/uploads\/2019\/07\/librocampopadron-6.jpg\" data-fancybox=\"gallery\" data-caption=\"Javier Campo y Juan Manuel Padr\u00f3n presentaron un nuevo libro de Arte Publicaciones: &#8220;Historia(s) del cine y el audiovisual en Tandil&#8221;\"><img loading=\"lazy\" decoding=\"async\" class=\"aligncenter size-medium wp-image-5635\" src=\"http:\/\/www.arte.unicen.edu.ar\/cdab\/wp-content\/uploads\/2019\/07\/librocampopadron-6.jpg\" alt=\"\" width=\"350\" height=\"233\"\/><\/a><\/td>\n<\/tr>\n<tr>\n<td style=\"padding: 0px 0px 0px 0px; margin: 0; font-size: 12px;\" colspan=\"3\"><em><u>Fotograf\u00edas:<\/u> Comunicaci\u00f3n, Facultad de Arte.<\/em><br \/><a href=\"http:\/\/www.arte.unicen.edu.ar\/libro-historias-del-cine-y-el-audiovisual-en-tandil\" target=\"_blank\" rel=\"noopener noreferrer\">[ Ver m\u00e1s en sitio web Facultad de Arte ]<\/a><\/td>\n<\/tr>\n<\/tbody>\n<\/table><\/p>\n\n\n\n<h3 class=\"wp-block-heading\">Historia(s) del cine y el audiovisual en Tandil<\/h3>\n\n\n\n<p>Las historias del cine y el audiovisual argentino suelen focalizarse sobre las producciones promovidas y realizadas desde la ciudad de Buenos Aires. Son las que mayor difusi\u00f3n tuvieron, las que lograron exposici\u00f3n en los, as\u00ed llamados, medios nacionales. Pero en el siglo XXI eso ha cambiado. La aparici\u00f3n de escuelas de cine en distintos lugares del pa\u00eds (emulando los or\u00edgenes de la formaci\u00f3n universitaria en realizaci\u00f3n cinematogr\u00e1fica promovida por los proyectos del Instituto de Cinematograf\u00eda de la Universidad Nacional del Litoral y de la Escuela de Cine de la Universidad Nacional de La Plata de fines de la d\u00e9cada de 1950) y la introducci\u00f3n de la tecnolog\u00eda del video digital con distintos soportes, donde grabar y montar es m\u00e1s barato, han contribuido en ello.<\/p>\n\n\n\n<p><strong><em>Historia(s) del cine y el audiovisual en Tandil<\/em><\/strong> se centra en dicha ciudad y su zona de influencia, investigando su presencia desde las primeras d\u00e9cadas del siglo XX hasta la actualidad. En cada art\u00edculo se abordan los distintos aspectos de la realizaci\u00f3n y consumo cinematogr\u00e1fico y audiovisual, a saber: producci\u00f3n, exhibici\u00f3n, formaci\u00f3n, investigaci\u00f3n. Asimismo, indagan y tratan de mostrar en perspectiva las diferentes parcelas de este terreno serrano y su ciudad media.<\/p>\n\n\n\n<a href=\"http:\/\/www.arte.unicen.edu.ar\/cdab\/wp-content\/uploads\/2019\/07\/artepublicaciones-campo-padron.png\" data-fancybox=\"gallery\" data-caption=\"Javier Campo y Juan Manuel Padr\u00f3n presentaron un nuevo libro de Arte Publicaciones: &#8220;Historia(s) del cine y el audiovisual en Tandil&#8221;\"><img decoding=\"async\" src=\"http:\/\/www.arte.unicen.edu.ar\/cdab\/wp-content\/uploads\/2019\/07\/artepublicaciones-campo-padron-600x415.png\" alt=\"\" class=\"aligncenter size-medium wp-image-8103\" style=\"margin: 25px auto;\"\/><\/a>\n\n\n\n<p>Este nuevo material de <a rel=\"noreferrer noopener\" aria-label=\"Arte Publicaciones (abre en una nueva pesta\u00f1a)\" href=\"http:\/\/www.arte.unicen.edu.ar\/artepublicaciones\" target=\"_blank\">Arte Publicaciones<\/a> ya se encuentra disponible para consulta por parte de alumnos, graduados, investigadores, docentes y p\u00fablico en general en nuestra sala de lectura. En caso de que desee adquirir un ejemplar o recibir m\u00e1s informaci\u00f3n, lo invitamos a acercarse al <strong>Centro de Documentaci\u00f3n Audiovisual y Biblioteca (CDAB)<\/strong> o la <em>Secretar\u00eda de Investigaci\u00f3n y Posgrado<\/em>, ubicada en el 1\u00ba piso de la <a rel=\"noreferrer noopener\" aria-label=\"Facultad de Arte (abre en una nueva pesta\u00f1a)\" href=\"http:\/\/www.arte.unicen.edu.ar\" target=\"_blank\">Facultad de Arte<\/a> (9 de Julio 430, Tandil, Buenos Aires).<\/p>\n\n\n\n<p><h3>Acerca de Javier Campo<\/h3>\n<\/p><p><img loading=\"lazy\" decoding=\"async\" class=\"alignleft size-full wp-image-4077\" style=\"border: 0px; border-radius: 200px; margin-bottom: 20px;\" src=\"http:\/\/www.arte.unicen.edu.ar\/cdab\/wp-content\/uploads\/2019\/02\/javier-campo.jpg\" alt=\"\" width=\"200\" height=\"200\"\/><strong>Javier Campo<\/strong> es un investigador argentino especializado en cine documental. Es el director de la revista <a href=\"http:\/\/www.cinedocumental.com.ar\" target=\"_blank\" rel=\"nofollow noopener noreferrer\">Cine Documental<\/a>. Se desempe\u00f1a como investigador del <strong>CONICET<\/strong> y se ha recibido como Licenciado en Ciencias de la Comunicaci\u00f3n y Doctor en Ciencias Sociales por la <a href=\"http:\/\/www.uba.ar\" target=\"_blank\" rel=\"nofollow noopener noreferrer\">Universidad de Buenos Aires<\/a>. Entre sus libros se encuentran <em>Revoluci\u00f3n y Democracia. El cine documental argentino del exilio<\/em> (2017), <em>Cine documental argentino. Entre el arte, la cultura y la pol\u00edtica<\/em> (2012), entre otros. Asimismo es el editor de <em>A trail of fire for Political Cinema. The Hour of the Furnaces fifty years later<\/em> (2018) y compilador de <em>Cine documental, memoria y derechos humanos<\/em> (2007). Es profesor de <em>Est\u00e9tica cinematogr\u00e1fica<\/em> y de cursos de posgrado en la <a href=\"http:\/\/www.arte.unicen.edu.ar\" target=\"_blank\" rel=\"nofollow noopener noreferrer\">Facultad de Arte<\/a> (<a href=\"http:\/\/www.unicen.edu.ar\" target=\"_blank\" rel=\"nofollow noopener noreferrer\">UNICEN<\/a>). Asimismo, trabaja en el <a href=\"https:\/\/dhtarte.wordpress.com\" target=\"_blank\" rel=\"nofollow noopener noreferrer\">Departamento de Historia y Teor\u00eda del Arte<\/a> de la misma Facultad y es miembro de la <a href=\"http:\/\/www.asaeca.org\/\" target=\"_blank\" rel=\"nofollow noopener noreferrer\">Asociaci\u00f3n Argentina de Estudios de Cine y Audiovisual (AsAECA)<\/a> y del <a href=\"http:\/\/www.ciyne.com.ar\" target=\"_blank\" rel=\"nofollow noopener noreferrer\">Centro de Investigaci\u00f3n y Nuevos Estudios sobre Cine<\/a> (<a href=\"http:\/\/www.filo.uba.ar\" target=\"_blank\" rel=\"nofollow noopener noreferrer\">FFyL-UBA<\/a>).<\/p>\n<p><span style=\"text-decoration: underline;\"><strong>Sitio web:<\/strong><\/span>&nbsp;<a href=\"http:\/\/javiercampo.cinedocumental.com.ar\" target=\"_blank\" rel=\"nofollow noopener noreferrer\">www.javiercampo.cinedocumental.com.ar<\/a><\/p>\n<hr \/>\n<h3>Acerca de Juan Manuel Padr\u00f3n<\/h3>\n<p><img loading=\"lazy\" decoding=\"async\" class=\"alignleft size-full wp-image-4077\" style=\"border: 0px; border-radius: 200px; margin-bottom: 20px;\" src=\"http:\/\/www.arte.unicen.edu.ar\/cdab\/wp-content\/uploads\/2019\/06\/juan-manuel-padron.jpg\" alt=\"\" width=\"200\" height=\"200\"\/><strong>Juan Manuel Padr\u00f3n<\/strong> es profesor y licenciado en Historia por la <a href=\"http:\/\/www.unicen.edu.ar\" target=\"_blank\" rel=\"nofollow noopener noreferrer\">Universidad Nacional del Centro de la Provincia de Buenos Aires (UNICEN)<\/a>, donde obtuvo su Doctorado en Historia. Miembro investigador del <a href=\"http:\/\/www.fch.unicen.edu.ar\/ciep\" target=\"_blank\" rel=\"nofollow noopener noreferrer\">Centro Interdisciplinario de Estudios Pol\u00edticos, Sociales y Jur\u00eddicos (CIEP)<\/a> de las <a href=\"http:\/\/www.fch.unicen.edu.ar\" target=\"_blank\" rel=\"nofollow noopener noreferrer\">Facultades de Ciencias Humanas<\/a> y de <a href=\"http:\/\/www.der.unicen.edu.ar\" target=\"_blank\" rel=\"nofollow noopener noreferrer\">Derecho<\/a>, <a href=\"http:\/\/www.unicen.edu.ar\" target=\"_blank\" rel=\"nofollow noopener noreferrer\">UNICEN<\/a>. Es Profesor Adjunto en la <a href=\"http:\/\/www.arte.unicen.edu.ar\" target=\"_blank\" rel=\"nofollow noopener noreferrer\">Facultad de Arte<\/a> (<a href=\"http:\/\/www.unicen.edu.ar\" target=\"_blank\" rel=\"nofollow noopener noreferrer\">UNICEN<\/a>), en las c\u00e1tedras <em>Historias del Cine 2<\/em>, <em>Arte y Pensamiento Contempor\u00e1neo<\/em> y <em>Metodolog\u00eda de la Investigaci\u00f3n<\/em>. Anteriormente public\u00f3 el libro <em>\u00a1Ni yanquis, ni marxistas! Nacionalistas. Nacionalismo, militancia y violencia pol\u00edtica: el caso del Movimiento Nacionalista Tacuara en la Argentina (1955-1966)<\/em>, en el marco de la colecci\u00f3n de e-books <em>Entre los libros de la buena memoria<\/em> que difunde trabajos de investigaci\u00f3n centrados en temas de historia y memoria del pasado reciente producidos en el seno de Universidades nacionales y otros \u00e1mbitos acad\u00e9micos.<br \/><br \/><\/p>\n<hr \/>\n<h3>Acerca de Arte Publicaciones<\/h3>\n<p><img loading=\"lazy\" decoding=\"async\" class=\"alignleft size-full wp-image-4077\" style=\"border: 0px; border-radius: 200px; margin-bottom: 90px;\" src=\"http:\/\/www.arte.unicen.edu.ar\/cdab\/wp-content\/uploads\/2019\/07\/artepublicaciones200.jpg\" alt=\"\" width=\"200\" height=\"200\" \/><a href=\"http:\/\/www.arte.unicen.edu.ar\/artepublicaciones\" target=\"_blank\" rel=\"nofollow noopener noreferrer\">Arte Publicaciones<\/a>\u00a0es el sello que engloba todas las publicaciones peri\u00f3dicas y libros editados por la <a href=\"http:\/\/www.arte.unicen.edu.ar\" target=\"_blank\" rel=\"nofollow noopener noreferrer\">Facultad de Arte<\/a> de la <a href=\"http:\/\/www.unicen.edu.ar\" target=\"_blank\" rel=\"nofollow noopener noreferrer\">UNICEN<\/a>. Dependiente de la <em>Secretar\u00eda de Investigaci\u00f3n y Posgrado<\/em>, surge con el objetivo de promover la circulaci\u00f3n de los conocimientos y resultados de la investigaci\u00f3n cient\u00edfica acerca de la producci\u00f3n y el consumo cultural en el campo art\u00edstico y los estudios afines al teatro, el audiovisual, la historia de la cultura y la vinculaci\u00f3n de los artistas con su entorno y\/o territorio. De esta manera se promueven los debates sociales y cient\u00edficos, generando un aporte al conocimiento y al acervo cultural.<br \/>Su cat\u00e1logo, en constante crecimiento, est\u00e1 compuesto por un amplio n\u00famero de publicaciones que abarcan las m\u00e1s diversas tem\u00e1ticas. Entre los \u00faltimos libros editados por <a href=\"http:\/\/www.arte.unicen.edu.ar\/artepublicaciones\" target=\"_blank\" rel=\"nofollow noopener noreferrer\">Arte Publicaciones<\/a> se encuentran:\u00a0<em>Club de Teatro. Un espacio de sociabilidad y formaci\u00f3n teatral en Tandil<\/em> compilado por\u00a0Ana Silva y Teresita Mar\u00eda Victoria Fuentes,\u00a0<em>La forma escolar del arte. Provincia de Buenos Aires (1940-1960)<\/em> de\u00a0Mar\u00eda Alejandra Corbal\u00e1n y\u00a0Mar\u00eda Cristina Dimatteo,\u00a0<em>Im\u00e1genes y p\u00fablicos del cine argentino cl\u00e1sico<\/em> compilado por Clara Kriger e <em>Instituciones, identidades, po\u00e9ticas. Pr\u00e1cticas y trayectorias art\u00edsticas en el sur de la Provincia de Buenos Aires<\/em> coordinado por Teresita Mar\u00eda Victoria Fuentes y Ana Silva.<\/p>\n","protected":false},"excerpt":{"rendered":"<p>El pasado viernes 28 de junio a las 18:30 hs., en el marco de las X Jornadas Internacionales\/Nacionales de Historia, Arte y Pol\u00edtica organizadas por el Departamento de Historia y Teor\u00eda del Arte, se present\u00f3 un nuevo libro de la colecci\u00f3n Arte Publicaciones: Historia(s) del cine y el audiovisual en Tandil editado por Javier Campo y Juan Manuel Padr\u00f3n. El [&hellip;]<\/p>\n","protected":false},"author":1,"featured_media":7944,"comment_status":"open","ping_status":"open","sticky":false,"template":"","format":"standard","meta":{"_acf_changed":false,"footnotes":""},"categories":[1],"tags":[292,298,288],"class_list":["post-7937","post","type-post","status-publish","format-standard","has-post-thumbnail","hentry","category-novedades","tag-arte-publicaciones","tag-jornadas-de-historia-arte-y-politica","tag-secretaria-de-investigacion-y-posgrado"],"acf":[],"_links":{"self":[{"href":"https:\/\/www.arte.unicen.edu.ar\/cdab\/wp-json\/wp\/v2\/posts\/7937","targetHints":{"allow":["GET"]}}],"collection":[{"href":"https:\/\/www.arte.unicen.edu.ar\/cdab\/wp-json\/wp\/v2\/posts"}],"about":[{"href":"https:\/\/www.arte.unicen.edu.ar\/cdab\/wp-json\/wp\/v2\/types\/post"}],"author":[{"embeddable":true,"href":"https:\/\/www.arte.unicen.edu.ar\/cdab\/wp-json\/wp\/v2\/users\/1"}],"replies":[{"embeddable":true,"href":"https:\/\/www.arte.unicen.edu.ar\/cdab\/wp-json\/wp\/v2\/comments?post=7937"}],"version-history":[{"count":3,"href":"https:\/\/www.arte.unicen.edu.ar\/cdab\/wp-json\/wp\/v2\/posts\/7937\/revisions"}],"predecessor-version":[{"id":8675,"href":"https:\/\/www.arte.unicen.edu.ar\/cdab\/wp-json\/wp\/v2\/posts\/7937\/revisions\/8675"}],"wp:featuredmedia":[{"embeddable":true,"href":"https:\/\/www.arte.unicen.edu.ar\/cdab\/wp-json\/wp\/v2\/media\/7944"}],"wp:attachment":[{"href":"https:\/\/www.arte.unicen.edu.ar\/cdab\/wp-json\/wp\/v2\/media?parent=7937"}],"wp:term":[{"taxonomy":"category","embeddable":true,"href":"https:\/\/www.arte.unicen.edu.ar\/cdab\/wp-json\/wp\/v2\/categories?post=7937"},{"taxonomy":"post_tag","embeddable":true,"href":"https:\/\/www.arte.unicen.edu.ar\/cdab\/wp-json\/wp\/v2\/tags?post=7937"}],"curies":[{"name":"wp","href":"https:\/\/api.w.org\/{rel}","templated":true}]}}