{"id":7916,"date":"2019-06-14T11:12:29","date_gmt":"2019-06-14T14:12:29","guid":{"rendered":"http:\/\/www.arte.unicen.edu.ar\/cdab\/?p=7916"},"modified":"2021-06-24T21:54:19","modified_gmt":"2021-06-25T00:54:19","slug":"x-jornadas-internacionales-nacionales-de-historia-arte-y-politica-del-27-al-29-de-junio-en-la-facultad-de-arte","status":"publish","type":"post","link":"https:\/\/www.arte.unicen.edu.ar\/cdab\/x-jornadas-internacionales-nacionales-de-historia-arte-y-politica-del-27-al-29-de-junio-en-la-facultad-de-arte\/","title":{"rendered":"X Jornadas Internacionales \/ Nacionales de Historia, Arte y Pol\u00edtica, del 27 al 29 de junio en la Facultad de Arte"},"content":{"rendered":"\n<p>Las <strong>Jornadas de Historia, Arte y Pol\u00edtica<\/strong> iniciaron en 2010 con el objetivo de generar y sostener en el tiempo un espacio de discusi\u00f3n y reflexi\u00f3n en torno de las complejas relaciones entre arte y pol\u00edtica en las sociedades contempor\u00e1neas. Este encuentro acad\u00e9mico que anualmente es organizado por el <a href=\"https:\/\/dhtarte.wordpress.com\" target=\"_blank\" rel=\"noreferrer noopener\" aria-label=\"Departamento de Historia y Teor\u00eda del Arte\">Departamento de Historia y Teor\u00eda del Arte<\/a> (FA, UNICEN), la <a rel=\"noreferrer noopener\" aria-label=\"Facultad de Arte\" href=\"http:\/\/www.arte.unicen.edu.ar\" target=\"_blank\">Facultad de Arte<\/a> y la <a rel=\"noreferrer noopener\" aria-label=\"Universidad Nacional del Centro de la Provincia de Buenos Aires\" href=\"http:\/\/www.unicen.edu.ar\" target=\"_blank\">Universidad Nacional del Centro de la Provincia de Buenos Aires<\/a> tendr\u00e1 una nueva edici\u00f3n del <strong>27 al 29 de junio de 2019<\/strong> que, una vez m\u00e1s, ser\u00e1 de car\u00e1cter internacional. La participaci\u00f3n de colegas del pa\u00eds y del exterior enriquece a\u00f1o a a\u00f1o los debates y fomenta la tan necesaria reuni\u00f3n de perspectivas heterog\u00e9neas.<\/p>\n\n\n\n<p>Este <strong>jueves 27<\/strong> a las <strong>11 hs.<\/strong> en el <strong>Sal\u00f3n Multimedial 1<\/strong> de la <a rel=\"noreferrer noopener\" aria-label=\"Facultad de Arte\" href=\"http:\/\/www.arte.unicen.edu.ar\" target=\"_blank\">Facultad de Arte<\/a> <strong>(9 de Julio 430, Tandil)<\/strong>, se llevar\u00e1 a cabo el acto de apertura con la presencia de autoridades de la instituci\u00f3n y el <a href=\"https:\/\/dhtarte.wordpress.com\" target=\"_blank\" rel=\"noreferrer noopener\" aria-label=\"Departamento de Historia y Teor\u00eda del Arte\">Departamento de Historia y Teor\u00eda del Arte<\/a>. En simult\u00e1neo se presentar\u00e1 una muestra de afiches titulada <em>10 a\u00f1os Jornadas de Historia, Arte y Pol\u00edtica<\/em> y se anunciar\u00e1n los ganadores de los concursos de videoarte y micromon\u00f3logos (con proyecci\u00f3n y escenificaci\u00f3n en vivo). A continuaci\u00f3n se dar\u00e1 paso a la conferencia de apertura <em>Motivaciones pol\u00edticas en documentales sobre v\u00edctimas del franquismo y el caso de &#8220;El silencio de los otros&#8221;<\/em> a cargo del <strong>Dr. Jaime C\u00e9spedes (Universit\u00e9 d\u2019Artois, Francia)<\/strong>.<\/p>\n<p>Lo invitamos a conocer la programaci\u00f3n completa de las <strong>X Jornadas Internacionales\/Nacionales de Historia, Arte y Pol\u00edtica<\/strong>:<\/p>\n<div class=\"container-newsbutton\">\n<a class=\"cdab-newsbuttonlink\" href=\"\/cdab\/wp-content\/uploads\/2019\/06\/X-JINHAP.pdf\" target=\"_blank\" rel=\"noopener noreferrer\"><div class=\"cdab-pdf-newsbutton\">Programa de las X Jornadas Internacionales\/Nacionales de Historia, Arte y Pol\u00edtica<\/div><\/a>\n<\/div>\n\n\n\n<p>El evento cuenta con el auspicio de la&nbsp;<a rel=\"noreferrer noopener\" href=\"http:\/\/www.agencia.mincyt.gob.ar\/\" target=\"_blank\">Agencia Nacional de Promoci\u00f3n Cient\u00edfica y Tecnol\u00f3gica<\/a>;&nbsp;<a rel=\"noreferrer noopener\" href=\"http:\/\/adunce.unicen.edu.ar\/\" target=\"_blank\">ADUNCE<\/a>; el&nbsp;<a rel=\"noreferrer noopener\" href=\"http:\/\/iae.institutos.filo.uba.ar\/\" target=\"_blank\">Instituto de Artes del Espect\u00e1culo (IAE)<\/a>&nbsp;de la&nbsp;<a rel=\"noreferrer noopener\" href=\"http:\/\/www.filo.uba.ar\/\" target=\"_blank\">Facultad de Filosof\u00eda y Letras<\/a>&nbsp;de la&nbsp;<a rel=\"noreferrer noopener\" href=\"http:\/\/www.uba.ar\/\" target=\"_blank\">Universidad de Buenos Aires<\/a>; el&nbsp;<a rel=\"noreferrer noopener\" href=\"https:\/\/www.facebook.com\/geteauba\" target=\"_blank\">Grupo de Estudios de Teatro Argentino e Iberoamericano (GETEA)<\/a>; la&nbsp;<a rel=\"noreferrer noopener\" href=\"http:\/\/www.asaeca.org\/\" target=\"_blank\">Asociaci\u00f3n Argentina de Estudios de Cine y Audiovisual (AsAECA)<\/a>;  <a rel=\"noreferrer noopener\" aria-label=\"AURA\" href=\"http:\/\/www.ojs.arte.unicen.edu.ar\/index.php\/aura\" target=\"_blank\">AURA<\/a>, revista de historia y teor\u00eda del arte y el <strong>Centro de Documentaci\u00f3n Audiovisual y Biblioteca (CDAB)<\/strong> de la <a rel=\"noreferrer noopener\" href=\"http:\/\/www.arte.unicen.edu.ar\" target=\"_blank\">Facultad de Arte<\/a>. Para m\u00e1s informaci\u00f3n visite el blog del&nbsp;<a rel=\"noreferrer noopener\" href=\"https:\/\/dhtarte.wordpress.com\/\" target=\"_blank\">Departamento de Historia y Teor\u00eda del Arte<\/a>&nbsp;(FA, UNICEN).<\/p>\n\n\n\n<div style=\"text-align: center; margin: 30px auto 30px; width: 100%;\"><iframe loading=\"lazy\" src=\"https:\/\/www.youtube.com\/embed\/rCJJUsZ3_Zg?rel=0&amp;showinfo=0\" width=\"720\" height=\"405\" frameborder=\"0\" allowfullscreen=\"allowfullscreen\"><\/iframe>\n<div style=\"font-size: 12px;\">Spot promocional de las <em>X Jornadas Internacionales\/Nacionales de Historia, Arte y Pol\u00edtica<\/em>.<\/div>\n<\/div>\n","protected":false},"excerpt":{"rendered":"<p>Las Jornadas de Historia, Arte y Pol\u00edtica iniciaron en 2010 con el objetivo de generar y sostener en el tiempo un espacio de discusi\u00f3n y reflexi\u00f3n en torno de las complejas relaciones entre arte y pol\u00edtica en las sociedades contempor\u00e1neas. Este encuentro acad\u00e9mico que anualmente es organizado por el Departamento de Historia y Teor\u00eda del Arte (FA, UNICEN), la Facultad [&hellip;]<\/p>\n","protected":false},"author":1,"featured_media":6421,"comment_status":"open","ping_status":"open","sticky":false,"template":"","format":"standard","meta":{"_acf_changed":false,"footnotes":""},"categories":[1],"tags":[215,298,288],"class_list":["post-7916","post","type-post","status-publish","format-standard","has-post-thumbnail","hentry","category-novedades","tag-facultad-de-arte","tag-jornadas-de-historia-arte-y-politica","tag-secretaria-de-investigacion-y-posgrado"],"acf":[],"_links":{"self":[{"href":"https:\/\/www.arte.unicen.edu.ar\/cdab\/wp-json\/wp\/v2\/posts\/7916","targetHints":{"allow":["GET"]}}],"collection":[{"href":"https:\/\/www.arte.unicen.edu.ar\/cdab\/wp-json\/wp\/v2\/posts"}],"about":[{"href":"https:\/\/www.arte.unicen.edu.ar\/cdab\/wp-json\/wp\/v2\/types\/post"}],"author":[{"embeddable":true,"href":"https:\/\/www.arte.unicen.edu.ar\/cdab\/wp-json\/wp\/v2\/users\/1"}],"replies":[{"embeddable":true,"href":"https:\/\/www.arte.unicen.edu.ar\/cdab\/wp-json\/wp\/v2\/comments?post=7916"}],"version-history":[{"count":2,"href":"https:\/\/www.arte.unicen.edu.ar\/cdab\/wp-json\/wp\/v2\/posts\/7916\/revisions"}],"predecessor-version":[{"id":20002,"href":"https:\/\/www.arte.unicen.edu.ar\/cdab\/wp-json\/wp\/v2\/posts\/7916\/revisions\/20002"}],"wp:featuredmedia":[{"embeddable":true,"href":"https:\/\/www.arte.unicen.edu.ar\/cdab\/wp-json\/wp\/v2\/media\/6421"}],"wp:attachment":[{"href":"https:\/\/www.arte.unicen.edu.ar\/cdab\/wp-json\/wp\/v2\/media?parent=7916"}],"wp:term":[{"taxonomy":"category","embeddable":true,"href":"https:\/\/www.arte.unicen.edu.ar\/cdab\/wp-json\/wp\/v2\/categories?post=7916"},{"taxonomy":"post_tag","embeddable":true,"href":"https:\/\/www.arte.unicen.edu.ar\/cdab\/wp-json\/wp\/v2\/tags?post=7916"}],"curies":[{"name":"wp","href":"https:\/\/api.w.org\/{rel}","templated":true}]}}