{"id":7149,"date":"2019-05-09T14:40:49","date_gmt":"2019-05-09T17:40:49","guid":{"rendered":"http:\/\/www.arte.unicen.edu.ar\/cdab\/?p=7149"},"modified":"2019-09-18T10:18:58","modified_gmt":"2019-09-18T13:18:58","slug":"en-mayo-el-cdab-presenta-una-exposicion-centrada-en-los-libros-editados-por-arte-publicaciones","status":"publish","type":"post","link":"https:\/\/www.arte.unicen.edu.ar\/cdab\/en-mayo-el-cdab-presenta-una-exposicion-centrada-en-los-libros-editados-por-arte-publicaciones\/","title":{"rendered":"En mayo, el CDAB presenta una exposici\u00f3n centrada en los libros editados por Arte Publicaciones"},"content":{"rendered":"\n<p>Durante todo el mes de mayo y hasta el pr\u00f3ximo viernes 14 de junio de 2019, el <strong>Centro de Documentaci\u00f3n Audiovisual y Biblioteca (CDAB)<\/strong> presenta la muestra <strong><em>\u201cInterlineados\u201d<\/em><\/strong> que se encontrar\u00e1 en exhibici\u00f3n en el Consejo Acad\u00e9mico de la <a rel=\"noreferrer noopener\" aria-label=\"Facultad de Arte (abre en una nueva pesta\u00f1a)\" href=\"http:\/\/www.arte.unicen.edu.ar\" target=\"_blank\">Facultad de Arte<\/a> con entrada libre y gratuita para toda la comunidad.<\/p>\n\n\n\n<p>En esta oportunidad se exhiben los libros editados por <a rel=\"noreferrer noopener\" aria-label=\"Arte Publicaciones (abre en una nueva pesta\u00f1a)\" href=\"http:\/\/www.arte.unicen.edu.ar\/artepublicaciones\" target=\"_blank\">Arte Publicaciones<\/a>, sello dependiente de la <strong>Secretar\u00eda de Investigaci\u00f3n y Posgrado<\/strong>, que surge con el objetivo de promover la circulaci\u00f3n de los conocimientos y resultados de la investigaci\u00f3n cient\u00edfica acerca de la producci\u00f3n y el consumo cultural en el campo art\u00edstico y los estudios afines al teatro, el audiovisual, la historia de la cultura y la vinculaci\u00f3n de los artistas con su entorno y\/o territorio.<\/p>\n\n\n\n<p>Con un cat\u00e1logo en constante crecimiento, los libros de <a rel=\"noreferrer noopener\" aria-label=\"Arte Publicaciones (abre en una nueva pesta\u00f1a)\" href=\"http:\/\/www.arte.unicen.edu.ar\/artepublicaciones\" target=\"_blank\">Arte Publicaciones<\/a> abarcan las m\u00e1s diversas tem\u00e1ticas y promueven los debates sociales y cient\u00edficos generando aportes al conocimiento y al acervo cultural. Asimismo, forman parte de la muestra los dise\u00f1os de tapa de todas las revistas publicadas por los distintos grupos de investigaci\u00f3n de la <a rel=\"noreferrer noopener\" aria-label=\"Facultad de Arte (abre en una nueva pesta\u00f1a)\" href=\"http:\/\/www.arte.unicen.edu.ar\" target=\"_blank\">Facultad de Arte<\/a>, entre las que se encuentran: <a rel=\"noreferrer noopener\" aria-label=\"Aura (abre en una nueva pesta\u00f1a)\" href=\"http:\/\/www.ojs.arte.unicen.edu.ar\/index.php\/aura\" target=\"_blank\">Aura<\/a>, <a rel=\"noreferrer noopener\" aria-label=\"Cuerpo del drama (abre en una nueva pesta\u00f1a)\" href=\"http:\/\/www.ojs.arte.unicen.edu.ar\/index.php\/cuerpodeldrama\" target=\"_blank\">Cuerpo del drama<\/a>, <a rel=\"noreferrer noopener\" aria-label=\"El pelda\u00f1o (abre en una nueva pesta\u00f1a)\" href=\"http:\/\/www.ojs.arte.unicen.edu.ar\/index.php\/elpeldano\" target=\"_blank\">El Pelda\u00f1o<\/a>, <a rel=\"noreferrer noopener\" aria-label=\"EscenaUno (abre en una nueva pesta\u00f1a)\" href=\"http:\/\/www.escenauno.org\" target=\"_blank\">EscenaUno<\/a> y <a rel=\"noreferrer noopener\" aria-label=\"Trayectoria (abre en una nueva pesta\u00f1a)\" href=\"http:\/\/www.ojs.arte.unicen.edu.ar\/index.php\/trayectoria\" target=\"_blank\">Trayectoria<\/a>.<\/p>\n\n\n\n<hr class=\"wp-block-separator\"\/>\n\n\n\n<a href=\"http:\/\/www.arte.unicen.edu.ar\/artepublicaciones\/images\/artepublicaciones-instidentpoet.png\" data-fancybox=\"gallery\" data-caption=\"En mayo, el CDAB presenta una exposici\u00f3n centrada en los libros editados por Arte Publicaciones\"><img decoding=\"async\" class=\"cdab-tapa-instidentpoet-index publicacion-tapa\" title=\"Instituciones, identidades, po\u00e9ticas. Pr\u00e1cticas y trayectorias art\u00edsticas en el sur de la Provincia de Buenos Aires\" src=\"\/cdab\/wp-content\/themes\/cdab\/images\/cdab-tapa-instidentpoet.png\" alt=\"Instituciones, identidades, po\u00e9ticas. Pr\u00e1cticas y trayectorias art\u00edsticas en el sur de la Provincia de Buenos Aires\" style=\"width: 200px; height: 282px; float: right; border: 10px solid #fff; box-shadow: 0 0 5px rgba(0, 0, 0, 0.1); -webkit-box-shadow: 0 0 5px rgba(0, 0, 0, 0.1); -moz-box-shadow: 0 0 5px rgba(0, 0, 0, 0.1); display: block; margin: 0px 0px 22px 22px;\"\/><\/a><h3>Instituciones, identidades, po\u00e9ticas. Pr\u00e1cticas y trayectorias art\u00edsticas en el sur de la Provincia de Buenos Aires<\/h3>\n\n\n\n<p><strong>Ana Silva, Teresita Mar\u00eda Victoria Fuentes<br \/>2018. 236 p\u00e1ginas. 22 x 15 cm.<\/strong><br \/><strong>Co-editado con el Instituto de Artes del Espect\u00e1culo (IAE) de la Facultad de Filosof\u00eda y Letras (FILO) de la Universidad de Buenos Aires (UBA).<br \/><u>Dise\u00f1o de tapa:<\/u> Fernando Funaro<\/strong><\/p>\n\n\n\n<p>Esta publicaci\u00f3n es el resultado de las investigaciones realizadas en el marco del <a href=\"http:\/\/www.arte.unicen.edu.ar\/tecc\" target=\"_blank\" rel=\"noreferrer noopener\" aria-label=\"Centro de Estudios sobre Teatro, Educaci\u00f3n y Consumos Culturales (TECC) (abre en una nueva pesta\u00f1a)\">Centro de Estudios sobre Teatro, Educaci\u00f3n y Consumos Culturales (TECC)<\/a> de la <a rel=\"noreferrer noopener\" aria-label=\"Facultad de Arte (abre en una nueva pesta\u00f1a)\" href=\"http:\/\/www.arte.unicen.edu.ar\" target=\"_blank\">Facultad de Arte<\/a> de la <a rel=\"noreferrer noopener\" aria-label=\"Universidad del Centro de la Provincia de Buenos Aires (abre en una nueva pesta\u00f1a)\" href=\"http:\/\/www.unicen.edu.ar\" target=\"_blank\">Universidad del Centro de la Provincia de Buenos Aires<\/a>. Cada cap\u00edtulo presenta estudios sobre distintas experiencias art\u00edsticas acontecidas en el pasado reciente en el centro y sur de la provincia de Buenos Aires, con particular \u00e9nfasis en las artes esc\u00e9nicas y audiovisuales.<\/p>\n\n\n\n<p><em>Instituciones, identidades y po\u00e9ticas<\/em> constituyen tres ejes profundamente imbrincados que atraviesan todo el libro: los sentidos de la localidad expresados-elaborados en po\u00e9ticas particulares; la construcci\u00f3n de identidades y el entramado institucional de espacios para la sociabilidad, la ense\u00f1anza y la experimentaci\u00f3n art\u00edstica. La publicaci\u00f3n cuenta con los aportes de Luciano Barandiar\u00e1n, Diana Barreyra, Agustina Bertone, Javier Campo, Mar\u00eda Amelia Garc\u00eda, Mariana Gardey, Daniel Giacomelli, Mar\u00eda Eugenia Iturralde, F\u00e1tima Llano, Rub\u00e9n Maidana, Clara Marconato, Magal\u00ed Mariano, Virginia Morazzo, Juan Manuel Padr\u00f3n, Valeria Palavecino, Anabel Paoletta, Gabriela Pi\u00f1ero, Augusto Ricardo, Mario Valiente y Cecilia Wulff.<\/p>\n\n<hr style=\"margin-bottom: 35px;\"\/>\n\n\n\n<a href=\"http:\/\/www.arte.unicen.edu.ar\/artepublicaciones\/images\/artepublicaciones-imagenesypublicos.png\" data-fancybox=\"gallery\" data-caption=\"En mayo, el CDAB presenta una exposici\u00f3n centrada en los libros editados por Arte Publicaciones\"><img decoding=\"async\" class=\"cdab-tapa-imagenesypublicos-index publicacion-tapa\" title=\"Im\u00e1genes y p\u00fablicos del cine argentino cl\u00e1sico\" src=\"\/cdab\/wp-content\/themes\/cdab\/images\/cdab-tapa-imagenesypublicos.png\" alt=\"Im\u00e1genes y p\u00fablicos del cine argentino cl\u00e1sico\" style=\"width: 200px; height: 282px; float: right; border: 10px solid #fff; box-shadow: 0 0 5px rgba(0, 0, 0, 0.1); -webkit-box-shadow: 0 0 5px rgba(0, 0, 0, 0.1); -moz-box-shadow: 0 0 5px rgba(0, 0, 0, 0.1); display: block; margin: 0px 0px 22px 22px;\"\/><\/a><h3>Im\u00e1genes y p\u00fablicos del cine argentino cl\u00e1sico<\/h3>\n\n\n\n<p><strong>Clara Kriger<br \/>2018. 244 p\u00e1ginas. 22 x 15 cm.<br \/>Co-editado con el Instituto de Artes del Espect\u00e1culo (IAE) de la Facultad de Filosof\u00eda y Letras (FILO) de la Universidad de Buenos Aires (UBA).<br \/><u>Dise\u00f1o de tapa:<\/u> Mariano Schettino<\/strong><\/p>\n\n\n\n<p>Este libro es un aporte fundamental al conocimiento del cine cl\u00e1sico nacional que recupera las l\u00edneas de investigaci\u00f3n de los proyectos <em>Representaciones de los sectores populares en las im\u00e1genes de la cultura de masas en Argentina (1930-1960)<\/em> y <em>Aproximaciones a una historia de los p\u00fablicos de cine en Buenos Aires (1933-1955)<\/em>, en los que trabajan distinguidos especialistas, bajo la direcci\u00f3n de Clara Kriger, coordinadora del \u00c1rea de Cine y Artes Audiovisuales del <a href=\"http:\/\/iae.institutos.filo.uba.ar\" target=\"_blank\" rel=\"noopener noreferrer\">Instituto de Artes del Espect\u00e1culo &#8220;Dr. Ra\u00fal H. Castagnino&#8221;<\/a>. Las Ciencias del Arte requieren, m\u00e1s que nunca, el trabajo en colaboraci\u00f3n, el intercambio epistemol\u00f3gico, el di\u00e1logo de cartograf\u00edas y de pensamientos cartografiados, dentro del pa\u00eds y en Latinoam\u00e9rica.<\/p>\n\n<hr style=\"margin-bottom: 35px;\"\/>\n\n\n\n<a href=\"http:\/\/www.arte.unicen.edu.ar\/artepublicaciones\/images\/artepublicaciones-formaescolararte.png\" data-fancybox=\"gallery\" data-caption=\"En mayo, el CDAB presenta una exposici\u00f3n centrada en los libros editados por Arte Publicaciones\"><img decoding=\"async\" class=\"cdab-tapa-formaescolararte-index publicacion-tapa\" title=\"La forma escolar del arte en la Provincia de Buenos Aires (1940-1960)\" src=\"\/cdab\/wp-content\/themes\/cdab\/images\/cdab-tapa-formaescolararte.png\" alt=\"La forma escolar del arte en la Provincia de Buenos Aires (1940-1960)\" style=\"width: 200px; height: 282px; float: right; border: 10px solid #fff; box-shadow: 0 0 5px rgba(0, 0, 0, 0.1); -webkit-box-shadow: 0 0 5px rgba(0, 0, 0, 0.1); -moz-box-shadow: 0 0 5px rgba(0, 0, 0, 0.1); display: block; margin: 0px 0px 22px 22px;\"\/><\/a><h3>La \u2018forma escolar\u2019 del arte. Provincia de Buenos Aires (1940-1960)<\/h3>\n\n\n\n<p><strong>Mar\u00eda Alejandra Corbal\u00e1n, Mar\u00eda Cristina Dimatteo<br \/>2018. 196 p\u00e1ginas. 22 x 15 cm.<br \/><u>Dise\u00f1o de tapa:<\/u> Quimey Romero<\/strong><\/p>\n\n\n\n<p>El objetivo del libro es dar a conocer los procesos de inclusi\u00f3n del campo art\u00edstico en el sistema escolar en la Provincia de Buenos Aires entre 1940 y 1960, mediante dos perspectivas de an\u00e1lisis. La primera rescata las tensiones entre los agentes, pr\u00e1cticas e instituciones en la configuraci\u00f3n, legitimaci\u00f3n y consagraci\u00f3n del campo art\u00edstico en el campo escolar y la segunda analiza las pol\u00edticas culturales que dan marco al proceso de inclusi\u00f3n de \u201clo art\u00edstico\u201d en el Sistema Educativo. De esta manera, se efect\u00faa una distinci\u00f3n entre pol\u00edticas culturales patrimonialistas y difusionistas, como las formas que asume la cultura en distintos \u00e1mbitos de producci\u00f3n, circulaci\u00f3n y consumo de bienes simb\u00f3licos.<\/p>\n\n\n\n<p><em>La \u2018forma escolar\u2019 del arte. Provincia de Buenos Aires (1940-1960)<\/em> es producto de las indagaciones y reflexiones sostenidas por las autoras (directora de tesis y tesista, respectivamente) en el marco de la elaboraci\u00f3n de la Tesis de Maestr\u00eda en Educaci\u00f3n con menci\u00f3n en Ciencias Sociales, entre los a\u00f1os 1999 y 2002, en la Facultad de Ciencias Humanas de la <a href=\"http:\/\/www.unicen.edu.ar\" target=\"_blank\" rel=\"noreferrer noopener\" aria-label=\"Universidad Nacional del Centro de la Provincia de Buenos Aires (abre en una nueva pesta\u00f1a)\">Universidad Nacional del Centro de la Provincia de Buenos Aires<\/a>. En este recorrido hist\u00f3rico institucional de las d\u00e9cadas estudiadas las autoras han obtenido algunos hallazgos, pero principalmente m\u00faltiples interrogantes que sostienen hasta el presente, en el af\u00e1n de comprender el lugar de la Educaci\u00f3n Art\u00edstica en el Sistema Educativo.<\/p>\n\n<hr style=\"margin-bottom: 35px;\"\/>\n\n\n\n<a href=\"http:\/\/www.arte.unicen.edu.ar\/artepublicaciones\/images\/artepublicaciones-clubdeteatrolibro.png\" data-fancybox=\"gallery\" data-caption=\"En mayo, el CDAB presenta una exposici\u00f3n centrada en los libros editados por Arte Publicaciones\"><img decoding=\"async\" class=\"cdab-tapa-cdt20-index publicacion-tapa\" title=\"Club de Teatro. Un espacio de sociabilidad y formaci\u00f3n teatral en Tandil\" src=\"\/cdab\/wp-content\/themes\/cdab\/images\/cdab-tapa-cdt20.png\" alt=\"Club de Teatro. Un espacio de sociabilidad y formaci\u00f3n teatral en Tandil\" style=\"width: 200px; height: 282px; float: right; border: 10px solid #fff; box-shadow: 0 0 5px rgba(0, 0, 0, 0.1); -webkit-box-shadow: 0 0 5px rgba(0, 0, 0, 0.1); -moz-box-shadow: 0 0 5px rgba(0, 0, 0, 0.1); display: block; margin: 0px 0px 22px 22px;\"\/><\/a><h3>Club de Teatro 20 a\u00f1os, 1996-2016. Un espacio de sociabilidad y formaci\u00f3n teatral en Tandil.<\/h3>\n\n\n\n<p><strong>Ana Silva, Teresita Mar\u00eda Victoria Fuentes<br \/>2017. 264 p\u00e1ginas. 20 x 14 cm.<br \/><u>Dise\u00f1o de tapa:<\/u> Fernando Funaro<\/strong><\/p>\n\n\n\n<p>Una iniciativa conjunta entre investigadores e investigadoras de la <a href=\"http:\/\/www.arte.unicen.edu.ar\" target=\"_blank\" rel=\"noopener noreferrer\">Facultad de Arte<\/a>, las fundadoras y dem\u00e1s integrantes del <strong>Club de Teatro<\/strong>. Sin duda, el 20\u00ba aniversario del Club ha marcado un hito no s\u00f3lo para la instituci\u00f3n sino tambi\u00e9n para el teatro tandilense. No hay registro de otra experiencia que haya alcanzado esa continuidad y cohesi\u00f3n en el contexto local. A su vez, se distingue que un espacio destinado a la pr\u00e1ctica teatral paulatinamente ha ido creciendo y diversificando su oferta, considerando la especificidad etaria y las distintas particularidades de sus estudiantes. Trabajando adem\u00e1s de forma continua para la consolidaci\u00f3n de nuevas salas en la ciudad. Cabe destacar el car\u00e1cter interdisciplinario del conjunto de hacedores de esta publicaci\u00f3n, con distintas trayectorias y saberes; el entusiasmo de las personas entrevistadas y las posibilidades que se abren en cuanto a futuros desarrollos.<\/p>\n\n<hr style=\"margin-bottom: 35px;\"\/>\n\n\n\n<img decoding=\"async\" class=\"cdab-tapa-laescalera-index publicacion-tapa\" title=\"La Escalera | Anuario de la Facultad de Arte\" src=\"\/cdab\/wp-content\/themes\/cdab\/images\/cdab-tapa-laescalera.png\" alt=\"La Escalera | Anuario de la Facultad de Arte\" style=\"width: 200px; height: 282px; float: right; border: 10px solid #fff; box-shadow: 0 0 5px rgba(0, 0, 0, 0.1); -webkit-box-shadow: 0 0 5px rgba(0, 0, 0, 0.1); -moz-box-shadow: 0 0 5px rgba(0, 0, 0, 0.1); display: block; margin: 0px 0px 22px 22px;\"\/><h3>La Escalera &#8211; Anuario de la Facultad de Arte<\/h3>\n\n\n\n<p><strong>AA. VV.<br \/>Edici\u00f3n: 1999. 286 p\u00e1ginas. 21,5 x 16 cm.<br \/><u>Dise\u00f1o de tapa:<\/u> Paola Catalano<\/strong><br \/><strong><br \/>Edici\u00f3n: 2017. 180 p\u00e1ginas. 21 x 15 cm.<br \/><u>Dise\u00f1o de tapa:<\/u> Huil\u00e9n Rebollo Neira, Jimena Soldani<\/strong><\/p>\n\n\n\n<p>La Escalera comenz\u00f3 a editarse en el a\u00f1o 1991 como una publicaci\u00f3n anual de la Escuela Superior de Teatro de la <a rel=\"noreferrer noopener\" aria-label=\"Universidad Nacional del Centro de la Provincia de Buenos Aires (abre en una nueva pesta\u00f1a)\" href=\"http:\/\/www.unicen.edu.ar\" target=\"_blank\">Universidad Nacional del Centro de la Provincia de Buenos Aires<\/a>. Se encuentra indexada en Latindex (ISSN: 1515-8349).<\/p>\n\n\n\n<p>Desde sus inicios estuvo destinada a la difusi\u00f3n de la creaci\u00f3n e investigaci\u00f3n en estudio sobre teatro, vinculando la reflexi\u00f3n te\u00f3rica con el quehacer y pr\u00e1ctica teatral. Actualmente tiene por objetivo abrir un espacio para el debate sobre la producci\u00f3n art\u00edstico-teatral y audiovisual y los consumos culturales.<\/p>\n\n<hr style=\"margin-bottom: 35px;\"\/>\n\n\n\n<p>Para adquirir los libros o recibir m\u00e1s informaci\u00f3n acerca de los mismos lo invitamos a acercarse al <strong>Centro de Documentaci\u00f3n Audiovisual y Biblioteca (CDAB)<\/strong> de la <a rel=\"noreferrer noopener\" aria-label=\"Facultad de Arte (abre en una nueva pesta\u00f1a)\" href=\"http:\/\/www.arte.unicen.edu.ar\" target=\"_blank\">Facultad de Arte<\/a>, ubicado en 9 de Julio 430 (Tandil, Buenos Aires) o <strong>Librer\u00eda Alfa<\/strong> (Pinto 763 &#8211; Tandil, Buenos Aires). Para consultas referirse a <a href=\"mailto:laescalera@arte.unicen.edu.ar\">laescalera@arte.unicen.edu.ar<\/a><\/p>\n\n\n\n<table style=\"margin: 20px auto 20px; text-align: center; border-collapse: collapse; border-spacing: 0;\" class=\"mce-item-table\"><tbody> <tr><td><img decoding=\"async\" class=\"aligncenter size-medium wp-image-6967\" src=\"http:\/\/www.arte.unicen.edu.ar\/cdab\/wp-content\/uploads\/2019\/05\/interlineados-promo.png\" alt=\"\"\/><\/td><\/tr> <\/tbody><\/table>\n","protected":false},"excerpt":{"rendered":"<p>Durante todo el mes de mayo y hasta el pr\u00f3ximo viernes 14 de junio de 2019, el Centro de Documentaci\u00f3n Audiovisual y Biblioteca (CDAB) presenta la muestra \u201cInterlineados\u201d que se encontrar\u00e1 en exhibici\u00f3n en el Consejo Acad\u00e9mico de la Facultad de Arte con entrada libre y gratuita para toda la comunidad. En esta oportunidad se exhiben los libros editados por [&hellip;]<\/p>\n","protected":false},"author":1,"featured_media":7308,"comment_status":"open","ping_status":"open","sticky":false,"template":"","format":"standard","meta":{"_acf_changed":false,"footnotes":""},"categories":[1],"tags":[292,214,215,288],"class_list":["post-7149","post","type-post","status-publish","format-standard","has-post-thumbnail","hentry","category-novedades","tag-arte-publicaciones","tag-cdab","tag-facultad-de-arte","tag-secretaria-de-investigacion-y-posgrado"],"acf":[],"_links":{"self":[{"href":"https:\/\/www.arte.unicen.edu.ar\/cdab\/wp-json\/wp\/v2\/posts\/7149","targetHints":{"allow":["GET"]}}],"collection":[{"href":"https:\/\/www.arte.unicen.edu.ar\/cdab\/wp-json\/wp\/v2\/posts"}],"about":[{"href":"https:\/\/www.arte.unicen.edu.ar\/cdab\/wp-json\/wp\/v2\/types\/post"}],"author":[{"embeddable":true,"href":"https:\/\/www.arte.unicen.edu.ar\/cdab\/wp-json\/wp\/v2\/users\/1"}],"replies":[{"embeddable":true,"href":"https:\/\/www.arte.unicen.edu.ar\/cdab\/wp-json\/wp\/v2\/comments?post=7149"}],"version-history":[{"count":2,"href":"https:\/\/www.arte.unicen.edu.ar\/cdab\/wp-json\/wp\/v2\/posts\/7149\/revisions"}],"predecessor-version":[{"id":9108,"href":"https:\/\/www.arte.unicen.edu.ar\/cdab\/wp-json\/wp\/v2\/posts\/7149\/revisions\/9108"}],"wp:featuredmedia":[{"embeddable":true,"href":"https:\/\/www.arte.unicen.edu.ar\/cdab\/wp-json\/wp\/v2\/media\/7308"}],"wp:attachment":[{"href":"https:\/\/www.arte.unicen.edu.ar\/cdab\/wp-json\/wp\/v2\/media?parent=7149"}],"wp:term":[{"taxonomy":"category","embeddable":true,"href":"https:\/\/www.arte.unicen.edu.ar\/cdab\/wp-json\/wp\/v2\/categories?post=7149"},{"taxonomy":"post_tag","embeddable":true,"href":"https:\/\/www.arte.unicen.edu.ar\/cdab\/wp-json\/wp\/v2\/tags?post=7149"}],"curies":[{"name":"wp","href":"https:\/\/api.w.org\/{rel}","templated":true}]}}