{"id":7054,"date":"2019-04-29T11:17:04","date_gmt":"2019-04-29T14:17:04","guid":{"rendered":"http:\/\/www.arte.unicen.edu.ar\/cdab\/?p=7054"},"modified":"2019-04-29T11:45:22","modified_gmt":"2019-04-29T14:45:22","slug":"recibimos-el-libro-presencias-recuperacion-de-testimonios-orales-y-visuales-de-la-ciudad-de-mar-del-plata","status":"publish","type":"post","link":"https:\/\/www.arte.unicen.edu.ar\/cdab\/recibimos-el-libro-presencias-recuperacion-de-testimonios-orales-y-visuales-de-la-ciudad-de-mar-del-plata\/","title":{"rendered":"Recibimos el libro &#8220;Presencias. Recuperaci\u00f3n de testimonios orales y visuales de la ciudad de Mar del Plata y del Partido de General Pueyrred\u00f3n&#8221;"},"content":{"rendered":"\n<p>Durante la semana del 22 al 26 de abril, el <strong>Mg. Juan Ferguson<\/strong> (<a rel=\"noreferrer noopener\" aria-label=\"UNMdP (abre en una nueva pesta\u00f1a)\" href=\"http:\/\/www.mdp.edu.ar\" target=\"_blank\">UNMdP<\/a>) y la <strong>Dra. Sabrina Gil<\/strong> (<a rel=\"noreferrer noopener\" aria-label=\"UNMdP (abre en una nueva pesta\u00f1a)\" href=\"http:\/\/www.mdp.edu.ar\" target=\"_blank\">UNMdP<\/a>) dictaron el seminario <em>Im\u00e1genes y ciencias sociales: Los casos de la fotograf\u00eda y el cine. Una introducci\u00f3n<\/em> en el marco de la <a rel=\"noreferrer noopener\" aria-label=\"Maestr\u00eda en Arte y Sociedad en Latinoam\u00e9rica (abre en una nueva pesta\u00f1a)\" href=\"http:\/\/www.arte.unicen.edu.ar\/carreras\/posgrado\/maestria-en-arte-y-sociedad\/\" target=\"_blank\">Maestr\u00eda en Arte y Sociedad en Latinoam\u00e9rica<\/a> de la <a rel=\"noreferrer noopener\" aria-label=\"Facultad de Arte (abre en una nueva pesta\u00f1a)\" href=\"http:\/\/www.arte.unicen.edu.ar\" target=\"_blank\">Facultad de Arte<\/a> de la <a rel=\"noreferrer noopener\" aria-label=\"Universidad Nacional del Centro de la Provincia de Buenos Aires (abre en una nueva pesta\u00f1a)\" href=\"http:\/\/www.unicen.edu.ar\" target=\"_blank\">Universidad Nacional del Centro de la Provincia de Buenos Aires<\/a>. En dicha visita, los docentes efectuaron la donaci\u00f3n de un ejemplar del libro <strong><em>&#8220;Presencias. Recuperaci\u00f3n de testimonios orales y visuales de la ciudad de Mar del Plata y del Partido de General Pueyrred\u00f3n&#8221;<\/em><\/strong>, dirigido y coordinado por Ferguson.<\/p>\n\n\n\n<p>El libro surge como resultado parcial del proyecto &#8220;Historia, memorias e identidades de Mar del Plata&#8221; que ha procurado aportar elementos para la reconstrucci\u00f3n de la historia local reciente tomando como eje las experiencias de vida de la comunidad ciudadana, a partir del \u00e1mbito escolar. Ello implic\u00f3 la colaboraci\u00f3n de docentes, alumnos y familiares, as\u00ed como tambi\u00e9n el aporte de otras instituciones educativas. Uno de los objetivos fue que los estudiantes tengan un rol activo dentro y fuera del aula, participando de la indagaci\u00f3n del mundo social de la comunidad de la que forman parte, convirti\u00e9ndose en sus propios historiadores, pues la b\u00fasqueda de la memoria de diversas generaciones ha sido llevada a cabo por ellos mismos a trav\u00e9s de la realizaci\u00f3n de entrevistas y la recolecci\u00f3n de otros testimonios, como las fotograf\u00edas.<\/p>\n\n\n\n<p>Este material bibliogr\u00e1fico ya se encuentra disponible para consulta de toda la comunidad acad\u00e9mica en nuestra sala de lectura ubicada en la planta baja de la <a rel=\"noreferrer noopener\" aria-label=\"Facultad de Arte (abre en una nueva pesta\u00f1a)\" href=\"http:\/\/www.arte.unicen.edu.ar\" target=\"_blank\">Facultad de Arte<\/a> <strong>(9 de Julio 430, Tandil)<\/strong> de <strong>lunes a viernes<\/strong> en el horario de <strong>9 a 15 hs.<\/strong><\/p>\n","protected":false},"excerpt":{"rendered":"<p>Durante la semana del 22 al 26 de abril, el Mg. Juan Ferguson (UNMdP) y la Dra. Sabrina Gil (UNMdP) dictaron el seminario Im\u00e1genes y ciencias sociales: Los casos de la fotograf\u00eda y el cine. Una introducci\u00f3n en el marco de la Maestr\u00eda en Arte y Sociedad en Latinoam\u00e9rica de la Facultad de Arte de la Universidad Nacional del Centro [&hellip;]<\/p>\n","protected":false},"author":1,"featured_media":7067,"comment_status":"open","ping_status":"open","sticky":false,"template":"","format":"standard","meta":{"_acf_changed":false,"footnotes":""},"categories":[1],"tags":[214,290,215],"class_list":["post-7054","post","type-post","status-publish","format-standard","has-post-thumbnail","hentry","category-novedades","tag-cdab","tag-donacion","tag-facultad-de-arte"],"acf":[],"_links":{"self":[{"href":"https:\/\/www.arte.unicen.edu.ar\/cdab\/wp-json\/wp\/v2\/posts\/7054","targetHints":{"allow":["GET"]}}],"collection":[{"href":"https:\/\/www.arte.unicen.edu.ar\/cdab\/wp-json\/wp\/v2\/posts"}],"about":[{"href":"https:\/\/www.arte.unicen.edu.ar\/cdab\/wp-json\/wp\/v2\/types\/post"}],"author":[{"embeddable":true,"href":"https:\/\/www.arte.unicen.edu.ar\/cdab\/wp-json\/wp\/v2\/users\/1"}],"replies":[{"embeddable":true,"href":"https:\/\/www.arte.unicen.edu.ar\/cdab\/wp-json\/wp\/v2\/comments?post=7054"}],"version-history":[{"count":2,"href":"https:\/\/www.arte.unicen.edu.ar\/cdab\/wp-json\/wp\/v2\/posts\/7054\/revisions"}],"predecessor-version":[{"id":7060,"href":"https:\/\/www.arte.unicen.edu.ar\/cdab\/wp-json\/wp\/v2\/posts\/7054\/revisions\/7060"}],"wp:featuredmedia":[{"embeddable":true,"href":"https:\/\/www.arte.unicen.edu.ar\/cdab\/wp-json\/wp\/v2\/media\/7067"}],"wp:attachment":[{"href":"https:\/\/www.arte.unicen.edu.ar\/cdab\/wp-json\/wp\/v2\/media?parent=7054"}],"wp:term":[{"taxonomy":"category","embeddable":true,"href":"https:\/\/www.arte.unicen.edu.ar\/cdab\/wp-json\/wp\/v2\/categories?post=7054"},{"taxonomy":"post_tag","embeddable":true,"href":"https:\/\/www.arte.unicen.edu.ar\/cdab\/wp-json\/wp\/v2\/tags?post=7054"}],"curies":[{"name":"wp","href":"https:\/\/api.w.org\/{rel}","templated":true}]}}