{"id":6841,"date":"2019-05-15T10:51:24","date_gmt":"2019-05-15T13:51:24","guid":{"rendered":"http:\/\/www.arte.unicen.edu.ar\/cdab\/?p=6841"},"modified":"2019-05-28T10:59:28","modified_gmt":"2019-05-28T13:59:28","slug":"agradecemos-las-donaciones-realizadas-por-graciela-y-lucas-odstrcil","status":"publish","type":"post","link":"https:\/\/www.arte.unicen.edu.ar\/cdab\/agradecemos-las-donaciones-realizadas-por-graciela-y-lucas-odstrcil\/","title":{"rendered":"Agradecemos la donaci\u00f3n de material bibliogr\u00e1fico realizada por Graciela y Lucas Odstrcil"},"content":{"rendered":"\n<p>El <strong>Centro de Documentaci\u00f3n Audiovisual y Biblioteca (CDAB)<\/strong> agradece las donaciones efectuadas por <strong>Graciela<\/strong> y <strong>Lucas Odstrcil<\/strong>, alumnos de la <a rel=\"noreferrer noopener\" aria-label=\"Facultad de Arte (abre en una nueva pesta\u00f1a)\" href=\"http:\/\/www.arte.unicen.edu.ar\" target=\"_blank\">Facultad de Arte<\/a> de la <a rel=\"noreferrer noopener\" aria-label=\"Universidad Nacional del Centro de la Provincia de Buenos Aires (abre en una nueva pesta\u00f1a)\" href=\"http:\/\/www.unicen.edu.ar\" target=\"_blank\">Universidad Nacional del Centro de la Provincia de Buenos Aires<\/a>.<\/p>\n\n\n\n<p>Al igual que en ocasiones anteriores, este significativo aporte contribuye a la formaci\u00f3n acad\u00e9mica de los estudiantes y promueve el pensamiento cr\u00edtico y la investigaci\u00f3n art\u00edstica. Asimismo, fortalece el compromiso del <strong>CDAB<\/strong> en pos de garantizar el acceso a bibliograf\u00eda relevante y actualizada para las diversas carreras de grado y posgrado que se dictan en nuestra Unidad Acad\u00e9mica.<\/p>\n\n\n\n<p>Invitamos a toda la comunidad educativa a acercarse a nuestra sala de lectura ubicada en la planta baja de la sede de la <a rel=\"noreferrer noopener\" aria-label=\"Facultad de Arte (abre en una nueva pesta\u00f1a)\" href=\"http:\/\/www.arte.unicen.edu.ar\" target=\"_blank\">Facultad de Arte<\/a> (9 de Julio 430) de <strong>lunes a viernes<\/strong> en el horario de <strong>9 a 15 hs.<\/strong><\/p>\n","protected":false},"excerpt":{"rendered":"<p>El Centro de Documentaci\u00f3n Audiovisual y Biblioteca (CDAB) agradece las donaciones efectuadas por Graciela y Lucas Odstrcil, alumnos de la Facultad de Arte de la Universidad Nacional del Centro de la Provincia de Buenos Aires. Al igual que en ocasiones anteriores, este significativo aporte contribuye a la formaci\u00f3n acad\u00e9mica de los estudiantes y promueve el pensamiento cr\u00edtico y la investigaci\u00f3n [&hellip;]<\/p>\n","protected":false},"author":1,"featured_media":7641,"comment_status":"open","ping_status":"open","sticky":false,"template":"","format":"standard","meta":{"_acf_changed":false,"footnotes":""},"categories":[1],"tags":[214,290,215],"class_list":["post-6841","post","type-post","status-publish","format-standard","has-post-thumbnail","hentry","category-novedades","tag-cdab","tag-donacion","tag-facultad-de-arte"],"acf":[],"_links":{"self":[{"href":"https:\/\/www.arte.unicen.edu.ar\/cdab\/wp-json\/wp\/v2\/posts\/6841","targetHints":{"allow":["GET"]}}],"collection":[{"href":"https:\/\/www.arte.unicen.edu.ar\/cdab\/wp-json\/wp\/v2\/posts"}],"about":[{"href":"https:\/\/www.arte.unicen.edu.ar\/cdab\/wp-json\/wp\/v2\/types\/post"}],"author":[{"embeddable":true,"href":"https:\/\/www.arte.unicen.edu.ar\/cdab\/wp-json\/wp\/v2\/users\/1"}],"replies":[{"embeddable":true,"href":"https:\/\/www.arte.unicen.edu.ar\/cdab\/wp-json\/wp\/v2\/comments?post=6841"}],"version-history":[{"count":2,"href":"https:\/\/www.arte.unicen.edu.ar\/cdab\/wp-json\/wp\/v2\/posts\/6841\/revisions"}],"predecessor-version":[{"id":7640,"href":"https:\/\/www.arte.unicen.edu.ar\/cdab\/wp-json\/wp\/v2\/posts\/6841\/revisions\/7640"}],"wp:featuredmedia":[{"embeddable":true,"href":"https:\/\/www.arte.unicen.edu.ar\/cdab\/wp-json\/wp\/v2\/media\/7641"}],"wp:attachment":[{"href":"https:\/\/www.arte.unicen.edu.ar\/cdab\/wp-json\/wp\/v2\/media?parent=6841"}],"wp:term":[{"taxonomy":"category","embeddable":true,"href":"https:\/\/www.arte.unicen.edu.ar\/cdab\/wp-json\/wp\/v2\/categories?post=6841"},{"taxonomy":"post_tag","embeddable":true,"href":"https:\/\/www.arte.unicen.edu.ar\/cdab\/wp-json\/wp\/v2\/tags?post=6841"}],"curies":[{"name":"wp","href":"https:\/\/api.w.org\/{rel}","templated":true}]}}