{"id":6486,"date":"2019-04-03T10:39:19","date_gmt":"2019-04-03T13:39:19","guid":{"rendered":"http:\/\/www.arte.unicen.edu.ar\/cdab\/?p=6486"},"modified":"2019-04-12T12:13:56","modified_gmt":"2019-04-12T15:13:56","slug":"ultimos-dias-para-visitar-la-muestra-fotografica-palabras-en-acciones-de-lucha","status":"publish","type":"post","link":"https:\/\/www.arte.unicen.edu.ar\/cdab\/ultimos-dias-para-visitar-la-muestra-fotografica-palabras-en-acciones-de-lucha\/","title":{"rendered":"\u00daltimos d\u00edas para visitar la muestra fotogr\u00e1fica &#8220;Palabras en acciones de lucha&#8221;"},"content":{"rendered":"<p>Durante todo el mes de marzo y hasta el 5 de abril, la <strong>Secretar\u00eda de Investigaci\u00f3n y Posgrado<\/strong> de la <a href=\"http:\/\/www.arte.unicen.edu.ar\" target=\"_blank\" rel=\"nofollow noopener noreferrer\">Facultad de Arte<\/a> y el <strong>Centro de Documentaci\u00f3n Audiovisual y Biblioteca (CDAB)<\/strong> invitan a la muestra fotogr\u00e1fica <em><strong>\u201cPalabras en acciones de lucha\u201d<\/strong><\/em> que recupera mediante im\u00e1genes la movilizaci\u00f3n realizada en el marco del <em>Paro Internacional de Mujeres<\/em> el 8 de marzo de 2018 en la ciudad de Tandil. Las fotograf\u00edas fueron tomadas por <strong>Claudia C. Speranza<\/strong>, docente de la carrera de <a href=\"http:\/\/www.arte.unicen.edu.ar\/carreras\/grado\/riaa\/perfil-del-egresado_\" target=\"_blank\" rel=\"noopener noreferrer\">Realizaci\u00f3n Integral en Artes Audiovisuales<\/a>,&nbsp;y est\u00e1n acompa\u00f1adas por fragmentos de distintos poemas de <em>Alejandra Pizarnik, Virginia Wolf, Gioconda Belli<\/em> y <em>Eduardo Galeano<\/em>. Esta propuesta art\u00edstica, que inaugura las <strong>exposiciones CDAB<\/strong>, se encuentra en exhibici\u00f3n en el Consejo Acad\u00e9mico de la Facultad (9 de Julio 430) con entrada libre y gratuita.<\/p>\n<p>Las <strong>exposiciones CDAB<\/strong> proponen revisitar el archivo y ponerlo en circulaci\u00f3n destacando actividades o eventos que son de inter\u00e9s institucional, como as\u00ed tambi\u00e9n aquellos sucesos que tienen trascendencia a nivel social. Todos los meses se exponen una selecci\u00f3n de fotograf\u00edas, afiches o materiales gr\u00e1ficos que, por su valor hist\u00f3rico o art\u00edstico, merecen ser recordados.<\/p>\n<p>Compartimos algunas fotograf\u00edas de <em><strong>&#8220;Palabras en acciones de lucha&#8221;<\/strong><\/em>:<\/p>\n<table style=\"margin: 20px auto 20px; text-align: center; border-collapse: collapse; border-spacing: 0;\">\n<tbody>\n<tr>\n<td style=\"padding: 0px 20px 0px 20px;\"><a href=\"http:\/\/www.arte.unicen.edu.ar\/cdab\/wp-content\/uploads\/2019\/04\/peal-01.jpg\" data-fancybox=\"gallery\" data-caption=\"\u00daltimos d\u00edas para visitar la muestra fotogr\u00e1fica &#8220;Palabras en acciones de lucha&#8221;\"><img loading=\"lazy\" decoding=\"async\" class=\"aligncenter size-medium wp-image-6801\" src=\"http:\/\/www.arte.unicen.edu.ar\/cdab\/wp-content\/uploads\/2019\/04\/peal-01-338x600.jpg\" alt=\"\" width=\"225\" height=\"325\"\/><\/a><\/td>\n<td style=\"padding: 0px 20px 0px 20px;\"><a href=\"http:\/\/www.arte.unicen.edu.ar\/cdab\/wp-content\/uploads\/2019\/04\/peal-02.jpg\" data-fancybox=\"gallery\" data-caption=\"\u00daltimos d\u00edas para visitar la muestra fotogr\u00e1fica &#8220;Palabras en acciones de lucha&#8221;\"><img loading=\"lazy\" decoding=\"async\" class=\"aligncenter size-medium wp-image-6802\" src=\"http:\/\/www.arte.unicen.edu.ar\/cdab\/wp-content\/uploads\/2019\/04\/peal-02-338x600.jpg\" alt=\"\" width=\"225\" height=\"325\"\/><\/a><\/td>\n<td style=\"padding: 0px 20px 0px 20px;\"><a href=\"http:\/\/www.arte.unicen.edu.ar\/cdab\/wp-content\/uploads\/2019\/04\/peal-03.jpg\" data-fancybox=\"gallery\" data-caption=\"\u00daltimos d\u00edas para visitar la muestra fotogr\u00e1fica &#8220;Palabras en acciones de lucha&#8221;\"><img loading=\"lazy\" decoding=\"async\" class=\"aligncenter size-medium wp-image-6802\" src=\"http:\/\/www.arte.unicen.edu.ar\/cdab\/wp-content\/uploads\/2019\/04\/peal-03-338x600.jpg\" alt=\"\" width=\"225\" height=\"325\"\/><\/a><\/td>\n<\/tr>\n<\/tbody>\n<\/table>\n","protected":false},"excerpt":{"rendered":"<p>Durante todo el mes de marzo y hasta el 5 de abril, la Secretar\u00eda de Investigaci\u00f3n y Posgrado de la Facultad de Arte y el Centro de Documentaci\u00f3n Audiovisual y Biblioteca (CDAB) invitan a la muestra fotogr\u00e1fica \u201cPalabras en acciones de lucha\u201d que recupera mediante im\u00e1genes la movilizaci\u00f3n realizada en el marco del Paro Internacional de Mujeres el 8 de [&hellip;]<\/p>\n","protected":false},"author":1,"featured_media":6406,"comment_status":"open","ping_status":"open","sticky":false,"template":"","format":"standard","meta":{"_acf_changed":false,"footnotes":""},"categories":[1],"tags":[214,215,288],"class_list":["post-6486","post","type-post","status-publish","format-standard","has-post-thumbnail","hentry","category-novedades","tag-cdab","tag-facultad-de-arte","tag-secretaria-de-investigacion-y-posgrado"],"acf":[],"_links":{"self":[{"href":"https:\/\/www.arte.unicen.edu.ar\/cdab\/wp-json\/wp\/v2\/posts\/6486","targetHints":{"allow":["GET"]}}],"collection":[{"href":"https:\/\/www.arte.unicen.edu.ar\/cdab\/wp-json\/wp\/v2\/posts"}],"about":[{"href":"https:\/\/www.arte.unicen.edu.ar\/cdab\/wp-json\/wp\/v2\/types\/post"}],"author":[{"embeddable":true,"href":"https:\/\/www.arte.unicen.edu.ar\/cdab\/wp-json\/wp\/v2\/users\/1"}],"replies":[{"embeddable":true,"href":"https:\/\/www.arte.unicen.edu.ar\/cdab\/wp-json\/wp\/v2\/comments?post=6486"}],"version-history":[{"count":2,"href":"https:\/\/www.arte.unicen.edu.ar\/cdab\/wp-json\/wp\/v2\/posts\/6486\/revisions"}],"predecessor-version":[{"id":6970,"href":"https:\/\/www.arte.unicen.edu.ar\/cdab\/wp-json\/wp\/v2\/posts\/6486\/revisions\/6970"}],"wp:featuredmedia":[{"embeddable":true,"href":"https:\/\/www.arte.unicen.edu.ar\/cdab\/wp-json\/wp\/v2\/media\/6406"}],"wp:attachment":[{"href":"https:\/\/www.arte.unicen.edu.ar\/cdab\/wp-json\/wp\/v2\/media?parent=6486"}],"wp:term":[{"taxonomy":"category","embeddable":true,"href":"https:\/\/www.arte.unicen.edu.ar\/cdab\/wp-json\/wp\/v2\/categories?post=6486"},{"taxonomy":"post_tag","embeddable":true,"href":"https:\/\/www.arte.unicen.edu.ar\/cdab\/wp-json\/wp\/v2\/tags?post=6486"}],"curies":[{"name":"wp","href":"https:\/\/api.w.org\/{rel}","templated":true}]}}