{"id":6410,"date":"2019-03-15T09:42:15","date_gmt":"2019-03-15T12:42:15","guid":{"rendered":"http:\/\/www.arte.unicen.edu.ar\/cdab\/?p=6410"},"modified":"2019-06-23T20:18:04","modified_gmt":"2019-06-23T23:18:04","slug":"segunda-circular-de-las-x-jornadas-internacionales-nacionales-de-historia-arte-y-politica","status":"publish","type":"post","link":"https:\/\/www.arte.unicen.edu.ar\/cdab\/segunda-circular-de-las-x-jornadas-internacionales-nacionales-de-historia-arte-y-politica\/","title":{"rendered":"Segunda circular de las X Jornadas Internacionales \/ Nacionales de Historia, Arte y Pol\u00edtica"},"content":{"rendered":"<p>Las <strong>Jornadas de Historia, Arte y Pol\u00edtica<\/strong> iniciaron en 2010 con el objetivo de generar y sostener en el tiempo un espacio de discusi\u00f3n y reflexi\u00f3n en torno de las complejas relaciones entre arte y pol\u00edtica en las sociedades contempor\u00e1neas. Este encuentro acad\u00e9mico que anualmente es organizado por el <a href=\"https:\/\/dhtarte.wordpress.com\" target=\"_blank\" rel=\"noopener noreferrer\">Departamento de Historia y Teor\u00eda del Arte<\/a> (FA-UNICEN), la <a href=\"http:\/\/www.arte.unicen.edu.ar\" target=\"_blank\" rel=\"noopener noreferrer\">Facultad de Arte<\/a> y la <a href=\"http:\/\/www.unicen.edu.ar\" target=\"_blank\" rel=\"noopener noreferrer\">Universidad Nacional del Centro de la Provincia de Buenos Aires<\/a> tendr\u00e1 una nueva edici\u00f3n del <strong>27 al 29 de junio de 2019<\/strong>\u00a0que, una vez m\u00e1s, ser\u00e1 de car\u00e1cter internacional.<\/p>\n<p>La participaci\u00f3n de colegas del pa\u00eds y del exterior ha enriquecido los debates y fomentado la tan necesaria reuni\u00f3n de perspectivas heterog\u00e9neas. Al igual que en las Jornadas de 2018, en esta oportunidad la agenda tem\u00e1tica estar\u00e1 abierta a las preocupaciones y enfoques m\u00e1s variados, en procura de una articulaci\u00f3n tan f\u00e9rtil como necesaria. Los ejes\u00a0de las <strong>X Jornadas Internacionales\/Nacionales de Historia, Arte y Pol\u00edtica<\/strong> ser\u00e1n: <em>La construcci\u00f3n de identidades, sujetos e instituciones en el mundo de las artes<\/em>; <em>Arte, vanguardias y neo-vanguardias<\/em>; <em>Contenidos ideol\u00f3gicos en el campo art\u00edstico y medi\u00e1tico<\/em>; <em>Arte y Memoria<\/em>; <em>Arte y filosof\u00eda<\/em>; <em>Patrimonio y gesti\u00f3n cultural<\/em>; <em>Cultura y marcos normativos: debates sobre las pol\u00edticas culturales<\/em>; <em>Nuevas perspectivas de an\u00e1lisis en torno a las artes y la comunicaci\u00f3n<\/em>; <em>Teor\u00eda e historia de las artes<\/em>.<\/p>\n<table style=\"margin: 10px auto 25px; text-align: center; border-collapse: collapse; border-spacing: 0;\">\n<tbody>\n<tr>\n<td style=\"padding: 0px 20px 0px 20px; height: 535px;\"><a href=\"http:\/\/www.arte.unicen.edu.ar\/cdab\/wp-content\/uploads\/2019\/03\/x-jornadashap.jpg\" data-fancybox=\"gallery\" data-caption=\"Segunda circular de las X Jornadas Internacionales \/ Nacionales de Historia, Arte y Pol\u00edtica\"><img loading=\"lazy\" decoding=\"async\" class=\"aligncenter size-medium wp-image-2866\" src=\"http:\/\/www.arte.unicen.edu.ar\/cdab\/wp-content\/uploads\/2019\/03\/x-jornadashap-600x535.jpg\" alt=\"\" width=\"600\" height=\"535\" \/><\/a><\/td>\n<\/tr>\n<tr>\n<td style=\"font-size: 12px; text-align: center; padding: 0px 20px 0px 20px;\" colspan=\"3\"><i>Gr\u00e1fica promocional de las X Jornadas Internacionales\/Nacionales de Historia, Arte y Pol\u00edtica.<\/i><\/td>\n<\/tr>\n<\/tbody>\n<\/table>\n<p>Quienes est\u00e9n interesados en participar como ponentes con sus trabajos y\/o avances de investigaci\u00f3n que aborden alg\u00fan aspecto de las relaciones entre Historia, Arte y Pol\u00edtica en las sociedades contempor\u00e1neas, podr\u00e1n presentar sus res\u00famenes hasta el d\u00eda <strong>30 de abril de 2019<\/strong>. La entrega de ponencias tendr\u00e1 como fecha l\u00edmite el d\u00eda <strong>2 de junio de 2019<\/strong>. Para m\u00e1s informaci\u00f3n acerca de las pautas de presentaci\u00f3n de trabajos y los requisitos, lo invitamos a descargar la segunda circular de las <strong>X Jornadas Internacionales\/Nacionales de Historia, Arte y Pol\u00edtica<\/strong>.<\/p>\n<div class=\"container-newsbutton\">\n<div class=\"cdab-pdf-newsbutton\"><a class=\"cdab-newsbuttonlink\" href=\"\/cdab\/wp-content\/uploads\/2019\/03\/segunda-circular-JHAP2019.pdf\" target=\"_blank\" rel=\"noopener noreferrer\">Segunda circular X Jornadas Internacionales\/Nacionales de Historia, Arte y Pol\u00edtica<\/a><\/div>\n<\/div>\n<p>El evento cuenta con el auspicio de la <a href=\"http:\/\/www.agencia.mincyt.gob.ar\" target=\"_blank\" rel=\"noopener noreferrer\">Agencia Nacional de Promoci\u00f3n Cient\u00edfica y Tecnol\u00f3gica<\/a>; <a href=\"http:\/\/adunce.unicen.edu.ar\" target=\"_blank\" rel=\"nofollow noopener noreferrer\">ADUNCE<\/a>; el <a href=\"http:\/\/iae.institutos.filo.uba.ar\" target=\"_blank\" rel=\"noopener noreferrer\">Instituto de Artes del Espect\u00e1culo (IAE)<\/a> de la <a href=\"http:\/\/www.filo.uba.ar\" target=\"_blank\" rel=\"noopener noreferrer\">Facultad de Filosof\u00eda y Letras<\/a> de la <a href=\"http:\/\/www.uba.ar\" target=\"_blank\" rel=\"noopener noreferrer\">Universidad de Buenos Aires<\/a>; el <a href=\"https:\/\/www.facebook.com\/geteauba\" target=\"_blank\" rel=\"noopener noreferrer\">Grupo de Estudios de Teatro Argentino e Iberoamericano (GETEA)<\/a> y la <a href=\"http:\/\/www.asaeca.org\" target=\"_blank\" rel=\"noopener noreferrer\">Asociaci\u00f3n Argentina de Estudios de Cine y Audiovisual (AsAECA)<\/a>. Para m\u00e1s informaci\u00f3n visite el blog del <a href=\"https:\/\/dhtarte.wordpress.com\" target=\"_blank\" rel=\"noopener noreferrer\">Departamento de Historia y Teor\u00eda del Arte<\/a> (FA, UNICEN).<\/p>\n","protected":false},"excerpt":{"rendered":"<p>Las Jornadas de Historia, Arte y Pol\u00edtica iniciaron en 2010 con el objetivo de generar y sostener en el tiempo un espacio de discusi\u00f3n y reflexi\u00f3n en torno de las complejas relaciones entre arte y pol\u00edtica en las sociedades contempor\u00e1neas. Este encuentro acad\u00e9mico que anualmente es organizado por el Departamento de Historia y Teor\u00eda del Arte (FA-UNICEN), la Facultad de [&hellip;]<\/p>\n","protected":false},"author":1,"featured_media":6421,"comment_status":"open","ping_status":"open","sticky":false,"template":"","format":"standard","meta":{"_acf_changed":false,"footnotes":""},"categories":[1],"tags":[215,298,288],"class_list":["post-6410","post","type-post","status-publish","format-standard","has-post-thumbnail","hentry","category-novedades","tag-facultad-de-arte","tag-jornadas-de-historia-arte-y-politica","tag-secretaria-de-investigacion-y-posgrado"],"acf":[],"_links":{"self":[{"href":"https:\/\/www.arte.unicen.edu.ar\/cdab\/wp-json\/wp\/v2\/posts\/6410","targetHints":{"allow":["GET"]}}],"collection":[{"href":"https:\/\/www.arte.unicen.edu.ar\/cdab\/wp-json\/wp\/v2\/posts"}],"about":[{"href":"https:\/\/www.arte.unicen.edu.ar\/cdab\/wp-json\/wp\/v2\/types\/post"}],"author":[{"embeddable":true,"href":"https:\/\/www.arte.unicen.edu.ar\/cdab\/wp-json\/wp\/v2\/users\/1"}],"replies":[{"embeddable":true,"href":"https:\/\/www.arte.unicen.edu.ar\/cdab\/wp-json\/wp\/v2\/comments?post=6410"}],"version-history":[{"count":2,"href":"https:\/\/www.arte.unicen.edu.ar\/cdab\/wp-json\/wp\/v2\/posts\/6410\/revisions"}],"predecessor-version":[{"id":7915,"href":"https:\/\/www.arte.unicen.edu.ar\/cdab\/wp-json\/wp\/v2\/posts\/6410\/revisions\/7915"}],"wp:featuredmedia":[{"embeddable":true,"href":"https:\/\/www.arte.unicen.edu.ar\/cdab\/wp-json\/wp\/v2\/media\/6421"}],"wp:attachment":[{"href":"https:\/\/www.arte.unicen.edu.ar\/cdab\/wp-json\/wp\/v2\/media?parent=6410"}],"wp:term":[{"taxonomy":"category","embeddable":true,"href":"https:\/\/www.arte.unicen.edu.ar\/cdab\/wp-json\/wp\/v2\/categories?post=6410"},{"taxonomy":"post_tag","embeddable":true,"href":"https:\/\/www.arte.unicen.edu.ar\/cdab\/wp-json\/wp\/v2\/tags?post=6410"}],"curies":[{"name":"wp","href":"https:\/\/api.w.org\/{rel}","templated":true}]}}