{"id":6377,"date":"2019-03-08T09:10:28","date_gmt":"2019-03-08T12:10:28","guid":{"rendered":"http:\/\/www.arte.unicen.edu.ar\/cdab\/?p=6377"},"modified":"2019-04-09T09:28:45","modified_gmt":"2019-04-09T12:28:45","slug":"se-encuentra-en-exhibicion-palabras-en-acciones-de-lucha-la-muestra-fotografica-que-inaugura-las-exposiciones-cdab","status":"publish","type":"post","link":"https:\/\/www.arte.unicen.edu.ar\/cdab\/se-encuentra-en-exhibicion-palabras-en-acciones-de-lucha-la-muestra-fotografica-que-inaugura-las-exposiciones-cdab\/","title":{"rendered":"Se encuentra en exhibici\u00f3n \u201cPalabras en acciones de lucha\u201d, la muestra fotogr\u00e1fica que inaugura las exposiciones CDAB"},"content":{"rendered":"<p>La <strong>Secretar\u00eda de Investigaci\u00f3n y Posgrado<\/strong>, mediante el <strong>Centro de Documentaci\u00f3n Audiovisual y Biblioteca (CDAB)<\/strong>, invita a toda la comunidad educativa a la muestra fotogr\u00e1fica <em><strong>&#8220;Palabras en acciones de lucha&#8221;<\/strong><\/em> que se encuentra en exhibici\u00f3n en el Consejo Acad\u00e9mico de la <a href=\"http:\/\/www.arte.unicen.edu.ar\" target=\"_blank\" rel=\"nofollow noopener noreferrer\">Facultad de Arte<\/a> (9 de Julio 430) y permanecer\u00e1 durante todo el mes de marzo. Las <strong>exposiciones CDAB<\/strong> surgen como una nueva propuesta art\u00edstica que, a trav\u00e9s de diferentes tem\u00e1ticas, proponen revisitar el archivo y ponerlo en circulaci\u00f3n destacando actividades o eventos que son de inter\u00e9s institucional, como as\u00ed tambi\u00e9n aquellos sucesos que tienen trascendencia a nivel social. Todos los meses se expondr\u00e1n en el Consejo Acad\u00e9mico de la Facultad una selecci\u00f3n de fotograf\u00edas, afiches o materiales gr\u00e1ficos que, por su valor hist\u00f3rico o art\u00edstico, merecen ser recordados.<\/p>\n<p><em><strong>&#8220;Palabras en acciones de lucha&#8221;<\/strong><\/em> est\u00e1 compuesta por una serie de fotograf\u00edas tomadas por <strong>Claudia C. Speranza<\/strong>, docente de la carrera de <a href=\"http:\/\/www.arte.unicen.edu.ar\/carreras\/grado\/riaa\/perfil-del-egresado_\" target=\"_blank\" rel=\"noreferrer noopener\" aria-label=\"Realizaci\u00f3n Integral en Artes Audiovisuales\">Realizaci\u00f3n Integral en Artes Audiovisuales<\/a>, en el marco del <em>Paro Internacional de Mujeres<\/em> que se llev\u00f3 a cabo el 8 de marzo de 2018 en la ciudad de Tandil. Esta movilizaci\u00f3n, que se replic\u00f3 en todo el pa\u00eds y el mundo, tiene como objetivo visibilizar la situaci\u00f3n de explotaci\u00f3n de las mujeres en la sociedad y el \u00e1mbito laboral, poniendo de manifiesto la lucha contra la violencia machista, la desigualdad de g\u00e9nero y las distintas formas de opresi\u00f3n contra las mujeres. Las im\u00e1genes se encuentran acompa\u00f1adas por fragmentos de distintos poemas de Alejandra Pizarnik, Virginia Wolf, Gioconda Belli y Eduardo Galeano.<\/p>\n<p><img loading=\"lazy\" decoding=\"async\" width=\"881\" height=\"758\" class=\"size-full wp-image-6404 aligncenter\" src=\"http:\/\/www.arte.unicen.edu.ar\/cdab\/wp-content\/uploads\/2019\/03\/palabras-en-acciones-lucha-promo.png\" alt=\"\" srcset=\"https:\/\/www.arte.unicen.edu.ar\/cdab\/wp-content\/uploads\/2019\/03\/palabras-en-acciones-lucha-promo.png 881w, https:\/\/www.arte.unicen.edu.ar\/cdab\/wp-content\/uploads\/2019\/03\/palabras-en-acciones-lucha-promo-600x516.png 600w, https:\/\/www.arte.unicen.edu.ar\/cdab\/wp-content\/uploads\/2019\/03\/palabras-en-acciones-lucha-promo-768x661.png 768w, https:\/\/www.arte.unicen.edu.ar\/cdab\/wp-content\/uploads\/2019\/03\/palabras-en-acciones-lucha-promo-300x258.png 300w\" sizes=\"auto, (max-width: 881px) 100vw, 881px\" \/><\/p>\n<p>La muestra, articulada con <em><strong>\u201cEl hall se muestra\u201d<\/strong><\/em> llevado adelante por la <strong>Secretar\u00eda de Extensi\u00f3n<\/strong>, acompa\u00f1a una serie de acciones emprendidas por la Facultad como la campa\u00f1a <strong>Arte dice NO<\/strong> en la que autoridades y referentes de todos los claustros desarrollan, de manera conjunta, una campa\u00f1a comunicacional que pretende visibilizar y generar debate sobre situaciones de violencia de g\u00e9nero que son naturalizadas al interior de nuestra instituci\u00f3n, brindando el espacio para que la comunidad de Arte encuentre asesoramiento y acompa\u00f1amiento en estos casos.<\/p>\n<p>Para m\u00e1s informaci\u00f3n acerca de <strong>Arte dice NO<\/strong> ingresar a: <a href=\"http:\/\/www.arte.unicen.edu.ar\/arte-dice-no\" target=\"_blank\" rel=\"nofollow noopener noreferrer\">www.arte.unicen.edu.ar\/arte-dice-no<\/a><\/p>\n","protected":false},"excerpt":{"rendered":"<p>La Secretar\u00eda de Investigaci\u00f3n y Posgrado, mediante el Centro de Documentaci\u00f3n Audiovisual y Biblioteca (CDAB), invita a toda la comunidad educativa a la muestra fotogr\u00e1fica &#8220;Palabras en acciones de lucha&#8221; que se encuentra en exhibici\u00f3n en el Consejo Acad\u00e9mico de la Facultad de Arte (9 de Julio 430) y permanecer\u00e1 durante todo el mes de marzo. Las exposiciones CDAB surgen [&hellip;]<\/p>\n","protected":false},"author":1,"featured_media":6406,"comment_status":"open","ping_status":"open","sticky":false,"template":"","format":"standard","meta":{"_acf_changed":false,"footnotes":""},"categories":[1],"tags":[214,215,288],"class_list":["post-6377","post","type-post","status-publish","format-standard","has-post-thumbnail","hentry","category-novedades","tag-cdab","tag-facultad-de-arte","tag-secretaria-de-investigacion-y-posgrado"],"acf":[],"_links":{"self":[{"href":"https:\/\/www.arte.unicen.edu.ar\/cdab\/wp-json\/wp\/v2\/posts\/6377","targetHints":{"allow":["GET"]}}],"collection":[{"href":"https:\/\/www.arte.unicen.edu.ar\/cdab\/wp-json\/wp\/v2\/posts"}],"about":[{"href":"https:\/\/www.arte.unicen.edu.ar\/cdab\/wp-json\/wp\/v2\/types\/post"}],"author":[{"embeddable":true,"href":"https:\/\/www.arte.unicen.edu.ar\/cdab\/wp-json\/wp\/v2\/users\/1"}],"replies":[{"embeddable":true,"href":"https:\/\/www.arte.unicen.edu.ar\/cdab\/wp-json\/wp\/v2\/comments?post=6377"}],"version-history":[{"count":2,"href":"https:\/\/www.arte.unicen.edu.ar\/cdab\/wp-json\/wp\/v2\/posts\/6377\/revisions"}],"predecessor-version":[{"id":6871,"href":"https:\/\/www.arte.unicen.edu.ar\/cdab\/wp-json\/wp\/v2\/posts\/6377\/revisions\/6871"}],"wp:featuredmedia":[{"embeddable":true,"href":"https:\/\/www.arte.unicen.edu.ar\/cdab\/wp-json\/wp\/v2\/media\/6406"}],"wp:attachment":[{"href":"https:\/\/www.arte.unicen.edu.ar\/cdab\/wp-json\/wp\/v2\/media?parent=6377"}],"wp:term":[{"taxonomy":"category","embeddable":true,"href":"https:\/\/www.arte.unicen.edu.ar\/cdab\/wp-json\/wp\/v2\/categories?post=6377"},{"taxonomy":"post_tag","embeddable":true,"href":"https:\/\/www.arte.unicen.edu.ar\/cdab\/wp-json\/wp\/v2\/tags?post=6377"}],"curies":[{"name":"wp","href":"https:\/\/api.w.org\/{rel}","templated":true}]}}