{"id":6363,"date":"2019-03-12T09:27:29","date_gmt":"2019-03-12T12:27:29","guid":{"rendered":"http:\/\/www.arte.unicen.edu.ar\/cdab\/?p=6363"},"modified":"2019-03-12T14:42:59","modified_gmt":"2019-03-12T17:42:59","slug":"tus-cortos-a-la-pantalla-grande-convocatoria-para-la-proyeccion-de-cortometrajes-en-el-espacio-incaa-unicen","status":"publish","type":"post","link":"https:\/\/www.arte.unicen.edu.ar\/cdab\/tus-cortos-a-la-pantalla-grande-convocatoria-para-la-proyeccion-de-cortometrajes-en-el-espacio-incaa-unicen\/","title":{"rendered":"\u00a1Tus cortos a la pantalla grande! Convocatoria abierta para la proyecci\u00f3n de cortometrajes en el Espacio INCAA UNICEN"},"content":{"rendered":"<p>La <strong>Secretar\u00eda de Extensi\u00f3n<\/strong> de la <a rel=\"noreferrer noopener\" href=\"http:\/\/www.arte.unicen.edu.ar\/\" target=\"_blank\">Facultad de Arte,<\/a> el <strong>Departamento de Artes Audiovisuales<\/strong>, el <strong>Centro de Documentaci\u00f3n Audiovisual y Biblioteca (CDAB)<\/strong> y el <strong>Centro de Estudiantes Facultad de Arte (CEFA)<\/strong>, en articulaci\u00f3n con el <a rel=\"noreferrer noopener\" aria-label=\"Espacio INCAA UNICEN\" href=\"https:\/\/www.facebook.com\/espacioincaa.unicen\" target=\"_blank\">Espacio INCAA UNICEN<\/a> -dependiente del <em>\u00c1rea de Cultura<\/em> de la <a rel=\"noreferrer noopener\" aria-label=\"Universidad Nacional del Centro de la provincia de Buenos Aires\" href=\"http:\/\/www.unicen.edu.ar\" target=\"_blank\">Universidad Nacional del Centro de la Provincia de Buenos Aires<\/a>-, convocan a <strong>estudiantes, graduados\/as y docentes<\/strong> de la carrera de <a rel=\"noreferrer noopener\" aria-label=\"Realizaci\u00f3n Integral en Artes Audiovisuales\" href=\"http:\/\/www.arte.unicen.edu.ar\/carreras\/grado\/riaa\/perfil-del-egresado_\/\" target=\"_blank\">Realizaci\u00f3n Integral en Artes Audiovisuales<\/a> a presentar <strong>cortometrajes de ficci\u00f3n y\/o documental<\/strong> para ser proyectados antes de cada funci\u00f3n en las pantallas del <a rel=\"noreferrer noopener\" aria-label=\"Espacio INCAA UNICEN (abre en una nueva pesta\u00f1a)\" href=\"https:\/\/www.facebook.com\/espacioincaa.unicen\" target=\"_blank\">Espacio INCAA UNICEN<\/a>.<\/p>\n<p>La convocatoria se hace extensiva a <strong>trabajos finalizados<\/strong> con una duraci\u00f3n aproximada de entre <strong>1 y 5 minutos<\/strong> (no excluyente). Dado que estar\u00e1n dirigidos al p\u00fablico en general, con incidencia art\u00edstica, cultural y\/o industrial para la comunidad de la Facultad y la regi\u00f3n, no se aceptar\u00e1n ejercicios, ni trabajos inconclusos o en proceso. Quienes deseen participar deber\u00e1n enviar sus producciones mediante el sitio web <a rel=\"noreferrer noopener\" aria-label=\"WeTransfer\" href=\"http:\/\/www.wetransfer.com\" target=\"_blank\">WeTransfer<\/a> a: <strong><font color=\"#855691\">mmariano@arte.unicen.edu.ar<\/font><\/strong><\/p>\n<p>La selecci\u00f3n de los trabajos postulados estar\u00e1 efectuada por una comisi\u00f3n conformada por: 1 (un\/a) representante de la <strong>Secretar\u00eda de Extensi\u00f3n<\/strong>, 1 (un\/a) docente del <strong>Departamento de Artes Audiovisuales<\/strong>, 1 (un\/a) <strong>graduado\/a<\/strong>, 1 (un\/a) trabajador del <strong>CDAB<\/strong>, 1 (un\/a) <strong>estudiante<\/strong> de la carrera de <a rel=\"noreferrer noopener\" aria-label=\"Realizaci\u00f3n Integral en Artes Audiovisuales\" href=\"http:\/\/www.arte.unicen.edu.ar\/carreras\/grado\/riaa\/perfil-del-egresado_\/\" target=\"_blank\">Realizaci\u00f3n Integral en Artes Audiovisuales<\/a> y 1 (un\/a) trabajador\/a del <a rel=\"noreferrer noopener\" aria-label=\"Espacio INCAA UNICEN\" href=\"https:\/\/www.facebook.com\/espacioincaa.unicen\" target=\"_blank\">Espacio INCAA UNICEN<\/a>.<\/p>\n<p>Para m\u00e1s informaci\u00f3n: <a rel=\"noreferrer noopener\" aria-label=\"Facultad de Arte\" href=\"http:\/\/www.arte.unicen.edu.ar\" target=\"_blank\">www.arte.unicen.edu.ar<\/a><\/p>\n<div style=\"text-align: center;\"><img loading=\"lazy\" decoding=\"async\" width=\"713\" height=\"713\" src=\"http:\/\/www.arte.unicen.edu.ar\/cdab\/wp-content\/uploads\/2019\/03\/cortos-espacioincaa.png\" alt=\"\" class=\"wp-image-6368\" srcset=\"https:\/\/www.arte.unicen.edu.ar\/cdab\/wp-content\/uploads\/2019\/03\/cortos-espacioincaa.png 713w, https:\/\/www.arte.unicen.edu.ar\/cdab\/wp-content\/uploads\/2019\/03\/cortos-espacioincaa-300x300.png 300w, https:\/\/www.arte.unicen.edu.ar\/cdab\/wp-content\/uploads\/2019\/03\/cortos-espacioincaa-600x600.png 600w, https:\/\/www.arte.unicen.edu.ar\/cdab\/wp-content\/uploads\/2019\/03\/cortos-espacioincaa-100x100.png 100w\" sizes=\"auto, (max-width: 713px) 100vw, 713px\" \/><\/div>\n","protected":false},"excerpt":{"rendered":"<p>La Secretar\u00eda de Extensi\u00f3n de la Facultad de Arte, el Departamento de Artes Audiovisuales, el Centro de Documentaci\u00f3n Audiovisual y Biblioteca (CDAB) y el Centro de Estudiantes Facultad de Arte (CEFA), en articulaci\u00f3n con el Espacio INCAA UNICEN -dependiente del \u00c1rea de Cultura de la Universidad Nacional del Centro de la Provincia de Buenos Aires-, convocan a estudiantes, graduados\/as y [&hellip;]<\/p>\n","protected":false},"author":1,"featured_media":6368,"comment_status":"open","ping_status":"open","sticky":false,"template":"","format":"standard","meta":{"_acf_changed":false,"footnotes":""},"categories":[1],"tags":[214,295,1039,1040,215,299,1038],"class_list":["post-6363","post","type-post","status-publish","format-standard","has-post-thumbnail","hentry","category-novedades","tag-cdab","tag-centro-de-estudiantes-de-la-facultad-de-arte-cefa","tag-departamento-de-artes-audiovisuales","tag-espacio-incaa-unicen","tag-facultad-de-arte","tag-realizacion-integral-en-artes-audiovisuales","tag-secretaria-de-extension"],"acf":[],"_links":{"self":[{"href":"https:\/\/www.arte.unicen.edu.ar\/cdab\/wp-json\/wp\/v2\/posts\/6363","targetHints":{"allow":["GET"]}}],"collection":[{"href":"https:\/\/www.arte.unicen.edu.ar\/cdab\/wp-json\/wp\/v2\/posts"}],"about":[{"href":"https:\/\/www.arte.unicen.edu.ar\/cdab\/wp-json\/wp\/v2\/types\/post"}],"author":[{"embeddable":true,"href":"https:\/\/www.arte.unicen.edu.ar\/cdab\/wp-json\/wp\/v2\/users\/1"}],"replies":[{"embeddable":true,"href":"https:\/\/www.arte.unicen.edu.ar\/cdab\/wp-json\/wp\/v2\/comments?post=6363"}],"version-history":[{"count":2,"href":"https:\/\/www.arte.unicen.edu.ar\/cdab\/wp-json\/wp\/v2\/posts\/6363\/revisions"}],"predecessor-version":[{"id":6386,"href":"https:\/\/www.arte.unicen.edu.ar\/cdab\/wp-json\/wp\/v2\/posts\/6363\/revisions\/6386"}],"wp:featuredmedia":[{"embeddable":true,"href":"https:\/\/www.arte.unicen.edu.ar\/cdab\/wp-json\/wp\/v2\/media\/6368"}],"wp:attachment":[{"href":"https:\/\/www.arte.unicen.edu.ar\/cdab\/wp-json\/wp\/v2\/media?parent=6363"}],"wp:term":[{"taxonomy":"category","embeddable":true,"href":"https:\/\/www.arte.unicen.edu.ar\/cdab\/wp-json\/wp\/v2\/categories?post=6363"},{"taxonomy":"post_tag","embeddable":true,"href":"https:\/\/www.arte.unicen.edu.ar\/cdab\/wp-json\/wp\/v2\/tags?post=6363"}],"curies":[{"name":"wp","href":"https:\/\/api.w.org\/{rel}","templated":true}]}}