{"id":6131,"date":"2019-02-18T10:55:36","date_gmt":"2019-02-18T13:55:36","guid":{"rendered":"http:\/\/www.arte.unicen.edu.ar\/cdab\/?p=6131"},"modified":"2019-09-13T11:50:31","modified_gmt":"2019-09-13T14:50:31","slug":"docentes-investigadores-de-la-facultad-de-arte-participaron-en-la-publicacion-a-trail-of-fire-for-political-cinema-the-hour-of-the-furnaces-fifty-years-later","status":"publish","type":"post","link":"https:\/\/www.arte.unicen.edu.ar\/cdab\/docentes-investigadores-de-la-facultad-de-arte-participaron-en-la-publicacion-a-trail-of-fire-for-political-cinema-the-hour-of-the-furnaces-fifty-years-later\/","title":{"rendered":"Docentes-investigadores de la Facultad de Arte participaron en la publicaci\u00f3n &#8220;A trail of fire for political cinema. The hour of the furnaces fifty years later&#8221;"},"content":{"rendered":"<p>Gracias a la generosa donaci\u00f3n de sus editores -Javier Campo y Humberto P\u00e9rez-Blanco- el <strong>Centro de Documentaci\u00f3n Audiovisual y Biblioteca (CDAB)<\/strong> ha incorporado a su acervo la publicaci\u00f3n <strong><em>A trail of fire for political cinema. The hour of the furnaces fifty years later<\/em><\/strong>, en la que se analiza el film <em>La hora de los hornos<\/em> (1968) de Octavio Getino y Fernando &#8220;Pino&#8221; Solanas. El texto cuenta con los aportes de un grupo de docentes-investigadores de la comunidad acad\u00e9mica de la <a href=\"http:\/\/www.arte.unicen.edu.ar\" target=\"_blank\" rel=\"noopener noreferrer\">Facultad de Arte<\/a>, entre los que se encuentran el <strong>Dr. Javier Campo<\/strong> &#8211;<em>Introduction: The Place of The Hour of the Furnaces in World Cinema (and in the Political World)<\/em> y <em>Chapter 1: To Invent Our Revolution: An Aesthetic-Political Analysis of The Hour of the Furnaces<\/em>-, la <strong>Mg. Teresita Mar\u00eda Victoria Fuentes<\/strong> y la <strong>Prof. Mar\u00eda Amelia Garc\u00eda<\/strong> &#8211;<em>Chapter 3: A Look from Literature on Fernando Solanas and Octavio Getino&#8217;s The Hour of the Furnaces<\/em>&#8211; y las <em>Realizadoras en Artes Audiovisuales<\/em> <strong>Magal\u00ed Mariano<\/strong> y <strong>Mar\u00eda Emilia Zarini Libarona<\/strong> &#8211;<em>Chapter 10: Solanas&#8217; Recent Documentaries<\/em>-.<\/p>\n<p><em>A trail of fire for political cinema&#8230;<\/em> destaca el legado del film, su relevancia contempor\u00e1nea, traza relaciones con el panorama sociopol\u00edtico de la Argentina de los a\u00f1os 60 y profundiza en la producci\u00f3n documental de Fernando Solanas en el siglo XXI. Asimismo, repasa los documentales pol\u00edticos realizados entre 1968 y 1976 -incluso aquellos que marcaron el \u00faltimo golpe de Estado en Argentina- enfatizando c\u00f3mo las tendencias tem\u00e1ticas y formales se relacionan con el contexto social.<\/p>\n<h3>A trail of fire for political cinema. The hour of the furnaces fifty years later<\/h3>\n<p><a href=\"http:\/\/www.arte.unicen.edu.ar\/cdab\/wp-content\/uploads\/2019\/02\/a-trail-of-fire-for-political-cinema-tapa.jpg\" data-fancybox=\"gallery\" data-caption=\"Docentes-investigadores de la Facultad de Arte participaron en la publicaci\u00f3n &#8220;A trail of fire for political cinema. The hour of the furnaces fifty years later&#8221;\"><img loading=\"lazy\" decoding=\"async\" class=\"alignleft size-medium wp-image-6136\" title=\"A trail of fire for political cinema. The hour of the furnaces fifty years later\" src=\"http:\/\/www.arte.unicen.edu.ar\/cdab\/wp-content\/uploads\/2019\/02\/a-trail-of-fire-for-political-cinema-tapa-443x600.jpg\" alt=\"A trail of fire for political cinema. The hour of the furnaces fifty years later\" width=\"185\" height=\"250\" srcset=\"https:\/\/www.arte.unicen.edu.ar\/cdab\/wp-content\/uploads\/2019\/02\/a-trail-of-fire-for-political-cinema-tapa-443x600.jpg 443w, https:\/\/www.arte.unicen.edu.ar\/cdab\/wp-content\/uploads\/2019\/02\/a-trail-of-fire-for-political-cinema-tapa-768x1039.jpg 768w, https:\/\/www.arte.unicen.edu.ar\/cdab\/wp-content\/uploads\/2019\/02\/a-trail-of-fire-for-political-cinema-tapa-757x1024.jpg 757w, https:\/\/www.arte.unicen.edu.ar\/cdab\/wp-content\/uploads\/2019\/02\/a-trail-of-fire-for-political-cinema-tapa-222x300.jpg 222w, https:\/\/www.arte.unicen.edu.ar\/cdab\/wp-content\/uploads\/2019\/02\/a-trail-of-fire-for-political-cinema-tapa.jpg 946w\" sizes=\"auto, (max-width: 185px) 100vw, 185px\" \/><\/a><\/p>\n<p><strong>Javier Campo, Humberto P\u00e9rez-Blanco (editores). 2019, Intellect.<\/strong><\/p>\n<p>Revoluci\u00f3n cubana, guerra de Vietnam, descolonizaci\u00f3n africana, mayo de 1968, dictaduras latinoamericanas. En los mares agitados de la crisis, las movilizaciones, los debates y la sangre se film\u00f3 <em>La Hora de los Hornos<\/em> (Octavio Getino y Fernando Solanas, 1968). Una pel\u00edcula que se present\u00f3 a s\u00ed misma como un ensayo pol\u00edtico e intervino en los debates que tuvieron lugar en ese momento como ninguna otra pel\u00edcula hab\u00eda hecho en la historia de Argentina, Am\u00e9rica Latina y, a juzgar por las palabras de varios cr\u00edticos y acad\u00e9micos, del mundo. No hay espect\u00e1culo en absoluto. Otro cine. Un cine de investigaci\u00f3n, bien documentado y, a la vez, de intervenci\u00f3n pol\u00edtica. Nuestra intenci\u00f3n es mostrar que las estrategias formales de la pel\u00edcula, la postura pol\u00edtica, las controversias y debates que surgen de ella, no son solo algo del pasado. Para nosotros son importantes, lo son, y la pel\u00edcula con ellos, viva y relevante en la actualidad. Tal vez, m\u00e1s que nunca.<\/p>\n<p>Para m\u00e1s informaci\u00f3n visite el sitio de\u00a0<a href=\"https:\/\/www.press.uchicago.edu\/ucp\/books\/book\/distributed\/T\/bo31274573.html\" target=\"_blank\" rel=\"nofollow noopener noreferrer\">The University of Chicago Press Books<\/a>.<\/p>\n<h3>Acerca de Javier Campo<\/h3>\n<p><img loading=\"lazy\" decoding=\"async\" class=\"alignleft size-full wp-image-4077\" style=\"border: 0px; border-radius: 200px; margin-bottom: 20px;\" src=\"http:\/\/www.arte.unicen.edu.ar\/cdab\/wp-content\/uploads\/2019\/02\/javier-campo.jpg\" alt=\"\" width=\"200\" height=\"200\" \/>Javier Campo es un investigador argentino especializado en cine documental. Es el director de la revista <a href=\"http:\/\/www.cinedocumental.com.ar\" target=\"_blank\" rel=\"nofollow noopener noreferrer\">Cine Documental<\/a>. Se desempe\u00f1a como investigador del <strong>CONICET<\/strong> y se ha recibido como Licenciado en Ciencias de la Comunicaci\u00f3n y Doctor en Ciencias Sociales por la <a href=\"http:\/\/www.uba.ar\" target=\"_blank\" rel=\"nofollow noopener noreferrer\">Universidad de Buenos Aires<\/a>. Entre sus libros se encuentran <em>Revoluci\u00f3n y Democracia. El cine documental argentino del exilio<\/em> (2017), <em>Cine documental argentino. Entre el arte, la cultura y la pol\u00edtica<\/em> (2012), entre otros. Asimismo es el editor de <em>A trail of fire for Political Cinema. The Hour of the Furnaces fifty years later<\/em> (2018) y compilador de <em>Cine documental, memoria y derechos humanos<\/em> (2007). Es profesor de <em>Est\u00e9tica cinematogr\u00e1fica<\/em> y de cursos de posgrado en la <a href=\"http:\/\/www.arte.unicen.edu.ar\" target=\"_blank\" rel=\"nofollow noopener noreferrer\">Facultad de Arte<\/a> (<a href=\"http:\/\/www.unicen.edu.ar\" target=\"_blank\" rel=\"nofollow noopener noreferrer\">UNICEN<\/a>). Asimismo, trabaja en el <a href=\"https:\/\/dhtarte.wordpress.com\" target=\"_blank\" rel=\"nofollow noopener noreferrer\">Departamento de Historia y Teor\u00eda del Arte<\/a> de la misma Facultad y es miembro de la <a href=\"http:\/\/www.asaeca.org\/\" target=\"_blank\" rel=\"nofollow noopener noreferrer\">Asociaci\u00f3n Argentina de Estudios de Cine y Audiovisual (AsAECA)<\/a> y del <a href=\"http:\/\/www.ciyne.com.ar\" target=\"_blank\" rel=\"nofollow noopener noreferrer\">Centro de Investigaci\u00f3n y Nuevos Estudios sobre Cine<\/a> (<a href=\"http:\/\/www.filo.uba.ar\" target=\"_blank\" rel=\"nofollow noopener noreferrer\">FFyL-UBA<\/a>).<\/p>\n<p><span style=\"text-decoration: underline;\"><strong>Sitio web:<\/strong><\/span>\u00a0<a href=\"http:\/\/javiercampo.cinedocumental.com.ar\" target=\"_blank\" rel=\"nofollow noopener noreferrer\">www.javiercampo.cinedocumental.com.ar<\/a><\/p>\n","protected":false},"excerpt":{"rendered":"<p>Gracias a la generosa donaci\u00f3n de sus editores -Javier Campo y Humberto P\u00e9rez-Blanco- el Centro de Documentaci\u00f3n Audiovisual y Biblioteca (CDAB) ha incorporado a su acervo la publicaci\u00f3n A trail of fire for political cinema. The hour of the furnaces fifty years later, en la que se analiza el film La hora de los hornos (1968) de Octavio Getino y [&hellip;]<\/p>\n","protected":false},"author":1,"featured_media":6135,"comment_status":"open","ping_status":"open","sticky":false,"template":"","format":"standard","meta":{"_acf_changed":false,"footnotes":""},"categories":[1],"tags":[214,290,215],"class_list":["post-6131","post","type-post","status-publish","format-standard","has-post-thumbnail","hentry","category-novedades","tag-cdab","tag-donacion","tag-facultad-de-arte"],"acf":[],"_links":{"self":[{"href":"https:\/\/www.arte.unicen.edu.ar\/cdab\/wp-json\/wp\/v2\/posts\/6131","targetHints":{"allow":["GET"]}}],"collection":[{"href":"https:\/\/www.arte.unicen.edu.ar\/cdab\/wp-json\/wp\/v2\/posts"}],"about":[{"href":"https:\/\/www.arte.unicen.edu.ar\/cdab\/wp-json\/wp\/v2\/types\/post"}],"author":[{"embeddable":true,"href":"https:\/\/www.arte.unicen.edu.ar\/cdab\/wp-json\/wp\/v2\/users\/1"}],"replies":[{"embeddable":true,"href":"https:\/\/www.arte.unicen.edu.ar\/cdab\/wp-json\/wp\/v2\/comments?post=6131"}],"version-history":[{"count":2,"href":"https:\/\/www.arte.unicen.edu.ar\/cdab\/wp-json\/wp\/v2\/posts\/6131\/revisions"}],"predecessor-version":[{"id":8490,"href":"https:\/\/www.arte.unicen.edu.ar\/cdab\/wp-json\/wp\/v2\/posts\/6131\/revisions\/8490"}],"wp:featuredmedia":[{"embeddable":true,"href":"https:\/\/www.arte.unicen.edu.ar\/cdab\/wp-json\/wp\/v2\/media\/6135"}],"wp:attachment":[{"href":"https:\/\/www.arte.unicen.edu.ar\/cdab\/wp-json\/wp\/v2\/media?parent=6131"}],"wp:term":[{"taxonomy":"category","embeddable":true,"href":"https:\/\/www.arte.unicen.edu.ar\/cdab\/wp-json\/wp\/v2\/categories?post=6131"},{"taxonomy":"post_tag","embeddable":true,"href":"https:\/\/www.arte.unicen.edu.ar\/cdab\/wp-json\/wp\/v2\/tags?post=6131"}],"curies":[{"name":"wp","href":"https:\/\/api.w.org\/{rel}","templated":true}]}}