{"id":6065,"date":"2019-02-06T09:42:26","date_gmt":"2019-02-06T12:42:26","guid":{"rendered":"http:\/\/www.arte.unicen.edu.ar\/cdab\/?p=6065"},"modified":"2020-09-14T13:41:20","modified_gmt":"2020-09-14T16:41:20","slug":"el-cine-argentino-y-su-dimension-regional-ya-esta-disponible-el-nuevo-numero-de-aura-la-revista-de-historia-y-teoria-del-arte","status":"publish","type":"post","link":"https:\/\/www.arte.unicen.edu.ar\/cdab\/el-cine-argentino-y-su-dimension-regional-ya-esta-disponible-el-nuevo-numero-de-aura-la-revista-de-historia-y-teoria-del-arte\/","title":{"rendered":"El cine argentino y su dimensi\u00f3n regional. Ya est\u00e1 disponible el nuevo n\u00famero de AURA, la revista de Historia y Teor\u00eda del Arte"},"content":{"rendered":"<p>La revista <a href=\"http:\/\/ojs.arte.unicen.edu.ar\/index.php\/aura\" target=\"_blank\" rel=\"nofollow noopener noreferrer\">AURA<\/a> es una publicaci\u00f3n acad\u00e9mica del <a href=\"https:\/\/dhtarte.wordpress.com\" target=\"_blank\" rel=\"noopener noreferrer\">Departamento de Historia y Teor\u00eda del Arte<\/a> de la <a href=\"http:\/\/www.arte.unicen.edu.ar\" target=\"_blank\" rel=\"nofollow noopener noreferrer\">Facultad de Arte<\/a> de la <a href=\"http:\/\/www.unicen.edu.ar\" target=\"_blank\" rel=\"nofollow noopener noreferrer\">Universidad Nacional del Centro de la Provincia de Buenos Aires<\/a>. Se enfoca en una aproximaci\u00f3n hist\u00f3rica y te\u00f3rica de las artes, con especial inter\u00e9s en las artes esc\u00e9nicas y audiovisuales, la est\u00e9tica, la antropolog\u00eda del arte, los estudios culturales y afines.<\/p>\n<p>En esta ocasi\u00f3n compartimos la publicaci\u00f3n del n\u00famero 8 titulado <em>El cine argentino y su dimensi\u00f3n regional,<\/em> a cargo de la <strong>Dra. Ana Laura Lusnich<\/strong> (CONICET &#8211; <a href=\"http:\/\/www.uba.ar\" target=\"_blank\" rel=\"nofollow noopener noreferrer\">Universidad de Buenos Aires<\/a>) y el <strong>Dr. Javier Campo<\/strong> (CONICET &#8211; <a href=\"http:\/\/www.unicen.edu.ar\" target=\"_blank\" rel=\"nofollow noopener noreferrer\">UNICEN<\/a>) como editores invitados.<\/p>\n<h3>En este n\u00famero&#8230;<\/h3>\n<ul>\n<li><em>Cine en C\u00f3rdoba: el entramado detr\u00e1s de un hito<\/em> por Pedro Sorrentino.<\/li>\n<li><em>El cine contempor\u00e1neo en el NOA: entre la ficci\u00f3n social y el documental<\/em>\u00a0por Fabi\u00e1n Augusto Sober\u00f3n Rodriguez.<\/li>\n<li><em>Los picapedreros de Tandil: dos formas de abordar la memoria social en el audiovisual documental<\/em> por Fernando Funaro y Mar\u00eda Virginia Morazzo.<\/li>\n<li><em>Constituci\u00f3n y caracter\u00edsticas del campo cinematogr\u00e1fico de la regi\u00f3n de Cuyo: un balance hist\u00f3rico<\/em> por Ana Laura Lusnich.<\/li>\n<li><em>El cine regional como experiencia: realizadores, espectadores y espacios de exhibici\u00f3n en la Norpatagonia de los ochenta<\/em> por Ignacio Dobr\u00e9e.<\/li>\n<li><em>Asociativismo, una t\u00e1ctica para el desarrollo audiovisual en las provincias. An\u00e1lisis de pr\u00e1cticas y discursos en la Norpatagonia de la primera d\u00e9cada del siglo XXI\u00a0<\/em>por Julia Elena Kejner Suasn\u00e1bar.<\/li>\n<li><em>Locaciones en el cine de Patagonia: una aproximaci\u00f3n al estudio comparativo entre pel\u00edculas de realizaci\u00f3n local y externa<\/em> por Silvana Flores, Julia Elena Kejner y Anabella Castro Avelleyra.<\/li>\n<li><em>Festivales de cine independiente: una galaxia que no s\u00f3lo gira alrededor de Buenos Aires<\/em> por Carla Serafini.<\/li>\n<\/ul>\n<p>Adem\u00e1s, la secci\u00f3n de art\u00edculos de tem\u00e1tica abierta presenta un trabajo de Sylvia Ponce Beniuc (Universidad de Buenos Aires) titulado\u00a0<em>Paolo Sorrentino. Creer y hacer creer en el mundo<\/em>. En \u00e9l, la autora propone un an\u00e1lisis de la obra del cineasta napolitano, vali\u00e9ndose de un conjunto de interrogantes y conceptos desde los cuales Gilles Deleuze abord\u00f3 el neorrealismo italiano. A trav\u00e9s de este prisma, Ponce Beniuc indaga en las relaciones -y disyunciones- entre tiempo y movimiento en los filmes de Sorrentino, y el modo en que esta trama aflora aquella preocupaci\u00f3n deleuzeana acerca de la creencia en el v\u00ednculo entre hombre y mundo.<\/p>\n<p>En l\u00ednea con el tema del dossier, la edici\u00f3n contiene una entrevista realizada por el investigador Fabi\u00e1n Sober\u00f3n (Universidad Nacional de Tucum\u00e1n) al director tucumano Agust\u00edn Toscano. Y en la secci\u00f3n Multimedia, se incluyen dos producciones audiovisuales: <em>\u00d3smosis<\/em>, cortometraje co-dirigido entre Cintia Paz y Patricia Vine (ganador del Concurso de Video Arte en el marco las <strong>VI Jornadas Internacionales de Historia, Arte y Pol\u00edtica<\/strong>) y <em>Color\u00edn Colorado<\/em>, dirigido por Francisco Mendes Moas, estudiante avanzado de la carrera de <a href=\"http:\/\/www.arte.unicen.edu.ar\/carreras\/grado\/riaa\/perfil-del-egresado\/\" target=\"_blank\" rel=\"nofollow noopener noreferrer\">Realizaci\u00f3n Integral en Artes Audiovisuales<\/a>, que fue premiado en la categor\u00eda &#8220;ficci\u00f3n&#8221; en el 4to. Festival de Cortos Itinerantes.<\/p>\n<p>Invitamos a leer este nuevo n\u00famero de <a href=\"http:\/\/www.ojs.arte.unicen.edu.ar\/index.php\/aura\" target=\"_blank\" rel=\"nofollow noopener noreferrer\">AURA<\/a> desde el sitio web oficial: <a href=\"http:\/\/www.ojs.arte.unicen.edu.ar\/index.php\/aura\" target=\"_blank\" rel=\"nofollow noopener noreferrer\">www.ojs.arte.unicen.edu.ar\/index.php\/aura<\/a><\/p>\n","protected":false},"excerpt":{"rendered":"<p>La revista AURA es una publicaci\u00f3n acad\u00e9mica del Departamento de Historia y Teor\u00eda del Arte de la Facultad de Arte de la Universidad Nacional del Centro de la Provincia de Buenos Aires. Se enfoca en una aproximaci\u00f3n hist\u00f3rica y te\u00f3rica de las artes, con especial inter\u00e9s en las artes esc\u00e9nicas y audiovisuales, la est\u00e9tica, la antropolog\u00eda del arte, los estudios [&hellip;]<\/p>\n","protected":false},"author":1,"featured_media":6137,"comment_status":"open","ping_status":"open","sticky":false,"template":"","format":"standard","meta":{"_acf_changed":false,"footnotes":""},"categories":[1],"tags":[292,2525,215],"class_list":["post-6065","post","type-post","status-publish","format-standard","has-post-thumbnail","hentry","category-novedades","tag-arte-publicaciones","tag-aura","tag-facultad-de-arte"],"acf":[],"_links":{"self":[{"href":"https:\/\/www.arte.unicen.edu.ar\/cdab\/wp-json\/wp\/v2\/posts\/6065","targetHints":{"allow":["GET"]}}],"collection":[{"href":"https:\/\/www.arte.unicen.edu.ar\/cdab\/wp-json\/wp\/v2\/posts"}],"about":[{"href":"https:\/\/www.arte.unicen.edu.ar\/cdab\/wp-json\/wp\/v2\/types\/post"}],"author":[{"embeddable":true,"href":"https:\/\/www.arte.unicen.edu.ar\/cdab\/wp-json\/wp\/v2\/users\/1"}],"replies":[{"embeddable":true,"href":"https:\/\/www.arte.unicen.edu.ar\/cdab\/wp-json\/wp\/v2\/comments?post=6065"}],"version-history":[{"count":2,"href":"https:\/\/www.arte.unicen.edu.ar\/cdab\/wp-json\/wp\/v2\/posts\/6065\/revisions"}],"predecessor-version":[{"id":16069,"href":"https:\/\/www.arte.unicen.edu.ar\/cdab\/wp-json\/wp\/v2\/posts\/6065\/revisions\/16069"}],"wp:featuredmedia":[{"embeddable":true,"href":"https:\/\/www.arte.unicen.edu.ar\/cdab\/wp-json\/wp\/v2\/media\/6137"}],"wp:attachment":[{"href":"https:\/\/www.arte.unicen.edu.ar\/cdab\/wp-json\/wp\/v2\/media?parent=6065"}],"wp:term":[{"taxonomy":"category","embeddable":true,"href":"https:\/\/www.arte.unicen.edu.ar\/cdab\/wp-json\/wp\/v2\/categories?post=6065"},{"taxonomy":"post_tag","embeddable":true,"href":"https:\/\/www.arte.unicen.edu.ar\/cdab\/wp-json\/wp\/v2\/tags?post=6065"}],"curies":[{"name":"wp","href":"https:\/\/api.w.org\/{rel}","templated":true}]}}