{"id":6024,"date":"2019-02-07T09:39:48","date_gmt":"2019-02-07T12:39:48","guid":{"rendered":"http:\/\/www.arte.unicen.edu.ar\/cdab\/?p=6024"},"modified":"2019-05-16T10:39:04","modified_gmt":"2019-05-16T13:39:04","slug":"arte-publicaciones-presenta-instituciones-identidades-poeticas-practicas-y-trayectorias-artisticas-en-el-sur-de-la-provincia-de-buenos-aires","status":"publish","type":"post","link":"https:\/\/www.arte.unicen.edu.ar\/cdab\/arte-publicaciones-presenta-instituciones-identidades-poeticas-practicas-y-trayectorias-artisticas-en-el-sur-de-la-provincia-de-buenos-aires\/","title":{"rendered":"Arte Publicaciones presenta &#8220;Instituciones, identidades, po\u00e9ticas. Pr\u00e1cticas y trayectorias art\u00edsticas en el sur de la Provincia de Buenos Aires&#8221;"},"content":{"rendered":"<p>La <a href=\"http:\/\/www.arte.unicen.edu.ar\" target=\"_blank\" rel=\"nofollow noopener noreferrer\">Facultad de Arte<\/a> de la <a href=\"http:\/\/www.unicen.edu.ar\" target=\"_blank\" rel=\"nofollow noopener noreferrer\">Universidad Nacional del Centro de la Provincia de Buenos Aires<\/a>, mediante el sello <a href=\"http:\/\/www.arte.unicen.edu.ar\/artepublicaciones\" target=\"_blank\" rel=\"nofollow noopener noreferrer\">Arte Publicaciones<\/a>, y el <a href=\"http:\/\/iae.institutos.filo.uba.ar\" target=\"_blank\" rel=\"nofollow noopener noreferrer\">Instituto de Artes del Espect\u00e1culo (IAE)<\/a> de la <a href=\"http:\/\/www.filo.uba.ar\" target=\"_blank\" rel=\"nofollow noopener noreferrer\">Facultad de Filosof\u00eda y Letras (FILO)<\/a> de la <a href=\"http:\/\/www.uba.ar\" target=\"_blank\" rel=\"nofollow noopener noreferrer\">Universidad de Buenos Aires (UBA)<\/a> presentan <em>Instituciones, identidades, po\u00e9ticas. Pr\u00e1cticas y trayectorias art\u00edsticas en el sur de la Provincia de Buenos Aires<\/em>,&nbsp;un&nbsp;nuevo libro co-editado entre ambas instituciones que cuenta con la coordinaci\u00f3n de la&nbsp;<strong>Mg. Teresita Mar\u00eda Victoria Fuentes<\/strong> y la&nbsp;<strong>Dra. Ana Silva<\/strong>.<\/p>\n<p>Esta publicaci\u00f3n es el resultado de las investigaciones realizadas en el marco del <a href=\"http:\/\/www.arte.unicen.edu.ar\/tecc\" target=\"_blank\" rel=\"nofollow noopener noreferrer\">Centro de Estudios sobre Teatro, Educaci\u00f3n y Consumos Culturales (TECC)<\/a> de la <a href=\"http:\/\/www.arte.unicen.edu.ar\" target=\"_blank\" rel=\"nofollow noopener noreferrer\">Facultad de Arte<\/a> de la <a href=\"http:\/\/www.unicen.edu.ar\" target=\"_blank\" rel=\"nofollow noopener noreferrer\">UNICEN<\/a>. Cada cap\u00edtulo presenta estudios sobre distintas experiencias art\u00edsticas acontecidas en el pasado reciente en el centro y sur de la provincia de Buenos Aires, con particular \u00e9nfasis en las artes esc\u00e9nicas y audiovisuales.&nbsp;<em>Instituciones, identidades y po\u00e9ticas<\/em> constituyen tres ejes profundamente imbrincados que atraviesan todo el libro: los sentidos de la localidad expresados-elaborados en po\u00e9ticas particulares; la construcci\u00f3n de identidades y el entramado institucional de espacios para la sociabilidad, la ense\u00f1anza y la experimentaci\u00f3n art\u00edstica.<\/p>\n<p>La publicaci\u00f3n cuenta con los aportes de Luciano Barandiar\u00e1n, Diana Barreyra, Agustina Bertone, Javier Campo, Mar\u00eda Amelia Garc\u00eda, Mariana Gardey, Daniel Giacomelli, Mar\u00eda Eugenia Iturralde, F\u00e1tima Llano, Rub\u00e9n Maidana, Clara Marconato, Magal\u00ed Mariano, Virginia Morazzo, Juan Manuel Padr\u00f3n, Valeria Palavecino, Anabel Paoletta, Gabriela Pi\u00f1ero, Augusto Ricardo, Mario Valiente y Cecilia Wulff.<\/p>\n<div style=\"margin: 30px auto;\">\n<p><img loading=\"lazy\" decoding=\"async\" class=\"aligncenter size-medium wp-image-6034\" title=\"Instituciones, identidades, po\u00e9ticas. Pr\u00e1cticas y trayectorias art\u00edsticas en el sur de la Provincia de Buenos Aires\" src=\"http:\/\/www.arte.unicen.edu.ar\/cdab\/wp-content\/uploads\/2019\/02\/instidentpoet-mockup-600x414.png\" alt=\"Instituciones, identidades, po\u00e9ticas. Pr\u00e1cticas y trayectorias art\u00edsticas en el sur de la Provincia de Buenos Aires\" width=\"600\" height=\"414\" srcset=\"https:\/\/www.arte.unicen.edu.ar\/cdab\/wp-content\/uploads\/2019\/02\/instidentpoet-mockup-600x414.png 600w, https:\/\/www.arte.unicen.edu.ar\/cdab\/wp-content\/uploads\/2019\/02\/instidentpoet-mockup-768x530.png 768w, https:\/\/www.arte.unicen.edu.ar\/cdab\/wp-content\/uploads\/2019\/02\/instidentpoet-mockup-300x207.png 300w, https:\/\/www.arte.unicen.edu.ar\/cdab\/wp-content\/uploads\/2019\/02\/instidentpoet-mockup-230x160.png 230w, https:\/\/www.arte.unicen.edu.ar\/cdab\/wp-content\/uploads\/2019\/02\/instidentpoet-mockup.png 800w\" sizes=\"auto, (max-width: 600px) 100vw, 600px\" \/><\/p>\n<p><span style=\"font-size: 12px; font-style: italic; margin: 0 auto 30px; text-align: center; display: block;\">Portada de &#8220;Instituciones, identidades, po\u00e9ticas. Pr\u00e1cticas y trayectorias art\u00edsticas en el sur de la Provincia de Buenos Aires&#8221;<br \/>\ncoordinado por Mg. Teresita Mar\u00eda Victoria Fuentes y Dra. Ana Silva.<\/span><\/p>\n<p>Para adquirir el libro o recibir m\u00e1s informaci\u00f3n acerca del mismo lo invitamos a referirse a la <em>Secretar\u00eda de Investigaci\u00f3n y Posgrado<\/em> de la <a href=\"http:\/\/www.arte.unicen.edu.ar\" target=\"_blank\" rel=\"nofollow noopener noreferrer\">Facultad de Arte<\/a> (<a href=\"http:\/\/www.unicen.edu.ar\" target=\"_blank\" rel=\"nofollow noopener noreferrer\">UNICEN<\/a>), ubicada en <strong>9 de Julio 430, 1\u00ba piso (Tandil, Buenos Aires)<\/strong>, telef\u00f3nicamente al <strong>(0249) 444 0631 \u2013 Int. 210<\/strong> o por correo electr\u00f3nico a <a href=\"mailto:laescalera@arte.unicen.edu.ar\">laescalera@arte.unicen.edu.ar<\/a>. Asimismo, ya se encuentra a disposici\u00f3n para consulta de alumnos, graduados, investigadores, docentes y p\u00fablico en general en el <strong>Centro de Documentaci\u00f3n Audiovisual y Biblioteca (CDAB)<\/strong>.<\/p>\n<\/div>\n<h3>Acerca de Mg. Teresita Mar\u00eda Victoria Fuentes<\/h3>\n<p><img loading=\"lazy\" decoding=\"async\" class=\"alignleft size-full wp-image-4077\" style=\"border: 0px; border-radius: 200px; margin-bottom: 20px;\" src=\"http:\/\/www.arte.unicen.edu.ar\/cdab\/wp-content\/uploads\/2019\/02\/victoria-fuentes.jpg\" alt=\"\" width=\"150\" height=\"150\"\/>Licenciada en Teatro por la <a href=\"http:\/\/www.arte.unicen.edu.ar\" target=\"_blank\" rel=\"nofollow noopener noreferrer\">Facultad de Arte<\/a> de la <a href=\"http:\/\/www.unicen.edu.ar\" target=\"_blank\" rel=\"nofollow noopener noreferrer\">Universidad Nacional del Centro de la Provincia de Buenos Aires<\/a>. Magister en Teatro argentino y latinoamericano por la <a href=\"http:\/\/www.uba.ar\" target=\"_blank\" rel=\"nofollow noopener noreferrer\">Universidad de Buenos Aires (UBA)<\/a>. Profesora Titular Exclusiva e investigadora acreditada en el Programa de Incentivos de la <a href=\"https:\/\/www.argentina.gob.ar\/educacion\/politicasuniversitarias\" target=\"_blank\" rel=\"nofollow noopener noreferrer\">Secretar\u00eda de Pol\u00edticas Universitarias<\/a> del Ministerio de Educaci\u00f3n.<\/p>\n<p>Dirige el N\u00facleo de investigaci\u00f3n <a href=\"http:\/\/www.arte.unicen.edu.ar\/tecc\" target=\"_blank\" rel=\"nofollow noopener noreferrer\">Teatro, Educaci\u00f3n y Consumos Culturales (TECC)<\/a>. Cuenta con una amplia trayectoria en docencia, gesti\u00f3n universitaria e investigaci\u00f3n. Se ha especializado en el estudio del teatro en provincias y particularmente en Tandil.<\/p>\n<hr \/>\n<h3>Acerca de Dra. Ana Silva<\/h3>\n<p><img loading=\"lazy\" decoding=\"async\" class=\"alignleft size-full wp-image-4077\" style=\"border: 0px; border-radius: 200px; margin-bottom: 20px;\" src=\"http:\/\/www.arte.unicen.edu.ar\/cdab\/wp-content\/uploads\/2019\/02\/ana-silva.jpg\" alt=\"\" width=\"150\" height=\"150\"\/>Licenciada en Comunicaci\u00f3n Social por la <a href=\"http:\/\/www.unicen.edu.ar\" target=\"_blank\" rel=\"nofollow noopener noreferrer\">Universidad Nacional del Centro de la Provincia de Buenos Aires<\/a>. Doctora por la <a href=\"http:\/\/www.filo.uba.ar\" target=\"_blank\" rel=\"nofollow noopener noreferrer\">Facultad de Filosof\u00eda y Letras<\/a> de la <a href=\"http:\/\/www.uba.ar\" target=\"_blank\" rel=\"nofollow noopener noreferrer\">Universidad de Buenos Aires (UBA)<\/a> en la menci\u00f3n Antropolog\u00eda Social. Investigadora Adjunta del CONICET. Integrante de grupos de investigaci\u00f3n en la <a href=\"http:\/\/www.arte.unicen.edu.ar\" target=\"_blank\" rel=\"nofollow noopener noreferrer\">Facultad de Arte<\/a> y de <a href=\"http:\/\/www.soc.unicen.edu.ar\" target=\"_blank\" rel=\"nofollow noopener noreferrer\">Ciencias Sociales<\/a> de la <a href=\"http:\/\/www.unicen.edu.ar\" target=\"_blank\" rel=\"nofollow noopener noreferrer\">UNICEN<\/a>. Profesora Adjunta Ordinaria.<\/p>\n<p>Directora de la <a href=\"http:\/\/www.arte.unicen.edu.ar\/carreras\/posgrado\/maestria-en-arte-y-sociedad\" target=\"_blank\" rel=\"nofollow noopener noreferrer\">Maestr\u00eda en Arte y Sociedad en Latinoam\u00e9rica<\/a> (<a href=\"http:\/\/www.arte.unicen.edu.ar\" target=\"_blank\" rel=\"nofollow noopener noreferrer\">Facultad de Arte<\/a>, <a href=\"http:\/\/www.unicen.edu.ar\" target=\"_blank\" rel=\"nofollow noopener noreferrer\">UNICEN<\/a>). Ha publicado los resultados de sus investigaciones en actas de congresos, art\u00edculos de revistas especializadas y cap\u00edtulos de libros.<\/p>\n<hr \/>\n<h3>Acerca de Arte Publicaciones<\/h3>\n<p><img loading=\"lazy\" decoding=\"async\" class=\"alignleft size-full wp-image-4077\" style=\"border: 0px; border-radius: 200px; margin-bottom: 90px;\" src=\"http:\/\/www.arte.unicen.edu.ar\/cdab\/wp-content\/uploads\/2019\/02\/arte-publicaciones-minilogo.jpg\" alt=\"\" width=\"150\" height=\"150\"\/><a href=\"http:\/\/www.arte.unicen.edu.ar\/artepublicaciones\" target=\"_blank\" rel=\"nofollow noopener noreferrer\">Arte Publicaciones<\/a>&nbsp;es el sello que abarca las publicaciones peri\u00f3dicas y libros editados por la <a href=\"http:\/\/www.arte.unicen.edu.ar\" target=\"_blank\" rel=\"nofollow noopener noreferrer\">Facultad de Arte<\/a> de la <a href=\"http:\/\/www.unicen.edu.ar\" target=\"_blank\" rel=\"nofollow noopener noreferrer\">UNICEN<\/a>. Dependiente de la <em>Secretar\u00eda de Investigaci\u00f3n y Posgrado<\/em>, surge con el objetivo de promover la circulaci\u00f3n de los conocimientos y resultados de la investigaci\u00f3n cient\u00edfica acerca de la producci\u00f3n y el consumo cultural en el campo art\u00edstico y los estudios afines al teatro, el audiovisual, la historia de la cultura y la vinculaci\u00f3n de los artistas con su entorno y\/o territorio. De esta manera se promueven los debates sociales y cient\u00edficos, generando un aporte al conocimiento y al acervo cultural.<br \/>\nSu cat\u00e1logo, en constante crecimiento, est\u00e1 compuesto por un amplio n\u00famero de publicaciones que abarcan las m\u00e1s diversas tem\u00e1ticas. Entre los \u00faltimos libros editados por <a href=\"http:\/\/www.arte.unicen.edu.ar\/artepublicaciones\" target=\"_blank\" rel=\"nofollow noopener noreferrer\">Arte Publicaciones<\/a> se encuentran:&nbsp;<em>Club de Teatro. Un espacio de sociabilidad y formaci\u00f3n teatral en Tandil<\/em> compilado por&nbsp;Ana Silva y Teresita Mar\u00eda Victoria Fuentes,&nbsp;<em>La forma escolar del arte. Provincia de Buenos Aires (1940-1960)<\/em> de&nbsp;Mar\u00eda Alejandra Corbal\u00e1n y&nbsp;Mar\u00eda Cristina Dimatteo,&nbsp;<em>Im\u00e1genes y p\u00fablicos del cine argentino cl\u00e1sico<\/em> compilado por Clara Kriger e <em>Instituciones, identidades, po\u00e9ticas. Pr\u00e1cticas y trayectorias art\u00edsticas en el sur de la Provincia de Buenos Aires<\/em> coordinado por Teresita Mar\u00eda Victoria Fuentes y Ana Silva.<\/p>\n","protected":false},"excerpt":{"rendered":"<p>La Facultad de Arte de la Universidad Nacional del Centro de la Provincia de Buenos Aires, mediante el sello Arte Publicaciones, y el Instituto de Artes del Espect\u00e1culo (IAE) de la Facultad de Filosof\u00eda y Letras (FILO) de la Universidad de Buenos Aires (UBA) presentan Instituciones, identidades, po\u00e9ticas. Pr\u00e1cticas y trayectorias art\u00edsticas en el sur de la Provincia de Buenos [&hellip;]<\/p>\n","protected":false},"author":1,"featured_media":6036,"comment_status":"open","ping_status":"open","sticky":false,"template":"","format":"standard","meta":{"_acf_changed":false,"footnotes":""},"categories":[1],"tags":[292,1017,215,288],"class_list":["post-6024","post","type-post","status-publish","format-standard","has-post-thumbnail","hentry","category-novedades","tag-arte-publicaciones","tag-tecc","tag-facultad-de-arte","tag-secretaria-de-investigacion-y-posgrado"],"acf":[],"_links":{"self":[{"href":"https:\/\/www.arte.unicen.edu.ar\/cdab\/wp-json\/wp\/v2\/posts\/6024","targetHints":{"allow":["GET"]}}],"collection":[{"href":"https:\/\/www.arte.unicen.edu.ar\/cdab\/wp-json\/wp\/v2\/posts"}],"about":[{"href":"https:\/\/www.arte.unicen.edu.ar\/cdab\/wp-json\/wp\/v2\/types\/post"}],"author":[{"embeddable":true,"href":"https:\/\/www.arte.unicen.edu.ar\/cdab\/wp-json\/wp\/v2\/users\/1"}],"replies":[{"embeddable":true,"href":"https:\/\/www.arte.unicen.edu.ar\/cdab\/wp-json\/wp\/v2\/comments?post=6024"}],"version-history":[{"count":2,"href":"https:\/\/www.arte.unicen.edu.ar\/cdab\/wp-json\/wp\/v2\/posts\/6024\/revisions"}],"predecessor-version":[{"id":7497,"href":"https:\/\/www.arte.unicen.edu.ar\/cdab\/wp-json\/wp\/v2\/posts\/6024\/revisions\/7497"}],"wp:featuredmedia":[{"embeddable":true,"href":"https:\/\/www.arte.unicen.edu.ar\/cdab\/wp-json\/wp\/v2\/media\/6036"}],"wp:attachment":[{"href":"https:\/\/www.arte.unicen.edu.ar\/cdab\/wp-json\/wp\/v2\/media?parent=6024"}],"wp:term":[{"taxonomy":"category","embeddable":true,"href":"https:\/\/www.arte.unicen.edu.ar\/cdab\/wp-json\/wp\/v2\/categories?post=6024"},{"taxonomy":"post_tag","embeddable":true,"href":"https:\/\/www.arte.unicen.edu.ar\/cdab\/wp-json\/wp\/v2\/tags?post=6024"}],"curies":[{"name":"wp","href":"https:\/\/api.w.org\/{rel}","templated":true}]}}