{"id":5929,"date":"2018-11-27T09:47:03","date_gmt":"2018-11-27T12:47:03","guid":{"rendered":"http:\/\/www.arte.unicen.edu.ar\/cdab\/?p=5929"},"modified":"2018-11-28T09:59:30","modified_gmt":"2018-11-28T12:59:30","slug":"la-forma-escolar-del-arte-provincia-de-buenos-aires-1940-1960-se-presentara-en-la-escuela-de-bellas-artes-de-azul","status":"publish","type":"post","link":"https:\/\/www.arte.unicen.edu.ar\/cdab\/la-forma-escolar-del-arte-provincia-de-buenos-aires-1940-1960-se-presentara-en-la-escuela-de-bellas-artes-de-azul\/","title":{"rendered":"&#8220;La &#8216;forma escolar&#8217; del arte. Provincia de Buenos Aires (1940-1960)&#8221; se presentar\u00e1 en la Escuela de Bellas Artes de Azul"},"content":{"rendered":"<p>Este <strong>mi\u00e9rcoles 28 de noviembre<\/strong> a las <strong>18 hs.<\/strong> en la <strong>Escuela de Bellas Artes de Azul<\/strong> se presentar\u00e1 el libro <em><strong>La \u2018forma escolar\u2019 del arte. Provincia de Buenos Aires (1940-1960)<\/strong><\/em>\u00a0de Mar\u00eda Alejandra Corbal\u00e1n y Mar\u00eda Cristina Dimatteo, editado por <a href=\"http:\/\/www.arte.unicen.edu.ar\/artepublicaciones\" target=\"_blank\" rel=\"nofollow noopener\">Arte Publicaciones<\/a>.<\/p>\n<p>El objetivo del libro es dar a conocer los procesos de inclusi\u00f3n del campo art\u00edstico en el sistema escolar en la Provincia de Buenos Aires entre 1940 y 1960, mediante dos perspectivas de an\u00e1lisis. La primera rescata las tensiones entre los agentes, pr\u00e1cticas e instituciones en la configuraci\u00f3n, legitimaci\u00f3n y consagraci\u00f3n del campo art\u00edstico en el campo escolar y la segunda analiza las pol\u00edticas culturales que dan marco al proceso de inclusi\u00f3n de &#8220;lo art\u00edstico&#8221; en el Sistema Educativo. De esta manera, se efect\u00faa una distinci\u00f3n entre pol\u00edticas culturales patrimonialistas y difusionistas, como las formas que asume la cultura en distintos \u00e1mbitos de producci\u00f3n, circulaci\u00f3n y consumo de bienes simb\u00f3licos.<\/p>\n<p><em><strong>La &#8216;forma escolar&#8217; del arte. Provincia de Buenos Aires (1940-1960)<\/strong><\/em> es producto de las indagaciones y reflexiones sostenidas por las autoras (directora de tesis y tesista, respectivamente) en el marco de la elaboraci\u00f3n de la Tesis de Maestr\u00eda en Educaci\u00f3n con menci\u00f3n en Ciencias Sociales, entre los a\u00f1os 1999 y 2002, en la Facultad de Ciencias Humanas de la Universidad Nacional del Centro de la Provincia de Buenos Aires. En este recorrido hist\u00f3rico institucional de las d\u00e9cadas estudiadas las autoras han obtenido algunos hallazgos, pero principalmente m\u00faltiples interrogantes que sostienen hasta el presente, en el af\u00e1n de comprender el lugar de la Educaci\u00f3n Art\u00edstica en el Sistema Educativo.<\/p>\n<p>Para adquirir el libro o recibir m\u00e1s informaci\u00f3n acerca del mismo lo invitamos a referirse a la <strong>Secretar\u00eda de Investigaci\u00f3n y Posgrado<\/strong> de la <a href=\"http:\/\/www.arte.unicen.edu.ar\" target=\"_blank\" rel=\"nofollow noopener\">Facultad de Arte<\/a> de la <a href=\"http:\/\/www.unicen.edu.ar\" target=\"_blank\" rel=\"nofollow noopener\">Universidad Nacional del Centro de la Provincia de Buenos Aires<\/a>, ubicada en <strong>9 de Julio 430, 1\u00ba piso (Tandil, Buenos Aires)<\/strong>, telef\u00f3nicamente al <strong>(0249) 444 0631 \u2013 Int. 210<\/strong> o por correo electr\u00f3nico a <a href=\"mailto:publicaciones@arte.unicen.edu.ar\">publicaciones@arte.unicen.edu.ar<\/a>. Asimismo, ya se encuentra a disposici\u00f3n para consulta de alumnos, graduados, investigadores, docentes y p\u00fablico en general en el <strong>CDAB<\/strong>.<\/p>\n<p><a href=\"http:\/\/www.arte.unicen.edu.ar\/cdab\/wp-content\/uploads\/2018\/11\/forma-escolar-arte-azul.jpg\" data-fancybox=\"gallery\" data-caption=\"&#8220;La &#8216;forma escolar&#8217; del arte. Provincia de Buenos Aires (1940-1960)&#8221; se presentar\u00e1 en la Escuela de Bellas Artes de Azul\"><img loading=\"lazy\" decoding=\"async\" class=\"aligncenter size-medium wp-image-5930\" src=\"http:\/\/www.arte.unicen.edu.ar\/cdab\/wp-content\/uploads\/2018\/11\/forma-escolar-arte-azul-424x600.jpg\" alt=\"\" width=\"424\" height=\"600\" srcset=\"https:\/\/www.arte.unicen.edu.ar\/cdab\/wp-content\/uploads\/2018\/11\/forma-escolar-arte-azul-424x600.jpg 424w, https:\/\/www.arte.unicen.edu.ar\/cdab\/wp-content\/uploads\/2018\/11\/forma-escolar-arte-azul-768x1086.jpg 768w, https:\/\/www.arte.unicen.edu.ar\/cdab\/wp-content\/uploads\/2018\/11\/forma-escolar-arte-azul-724x1024.jpg 724w, https:\/\/www.arte.unicen.edu.ar\/cdab\/wp-content\/uploads\/2018\/11\/forma-escolar-arte-azul-212x300.jpg 212w, https:\/\/www.arte.unicen.edu.ar\/cdab\/wp-content\/uploads\/2018\/11\/forma-escolar-arte-azul.jpg 905w\" sizes=\"auto, (max-width: 424px) 100vw, 424px\" \/><\/a><\/p>\n","protected":false},"excerpt":{"rendered":"<p>Este mi\u00e9rcoles 28 de noviembre a las 18 hs. en la Escuela de Bellas Artes de Azul se presentar\u00e1 el libro La \u2018forma escolar\u2019 del arte. Provincia de Buenos Aires (1940-1960)\u00a0de Mar\u00eda Alejandra Corbal\u00e1n y Mar\u00eda Cristina Dimatteo, editado por Arte Publicaciones. El objetivo del libro es dar a conocer los procesos de inclusi\u00f3n del campo art\u00edstico en el sistema [&hellip;]<\/p>\n","protected":false},"author":1,"featured_media":5930,"comment_status":"open","ping_status":"open","sticky":false,"template":"","format":"standard","meta":{"_acf_changed":false,"footnotes":""},"categories":[1],"tags":[292,306,288],"class_list":["post-5929","post","type-post","status-publish","format-standard","has-post-thumbnail","hentry","category-novedades","tag-arte-publicaciones","tag-educacion-artistica","tag-secretaria-de-investigacion-y-posgrado"],"acf":[],"_links":{"self":[{"href":"https:\/\/www.arte.unicen.edu.ar\/cdab\/wp-json\/wp\/v2\/posts\/5929","targetHints":{"allow":["GET"]}}],"collection":[{"href":"https:\/\/www.arte.unicen.edu.ar\/cdab\/wp-json\/wp\/v2\/posts"}],"about":[{"href":"https:\/\/www.arte.unicen.edu.ar\/cdab\/wp-json\/wp\/v2\/types\/post"}],"author":[{"embeddable":true,"href":"https:\/\/www.arte.unicen.edu.ar\/cdab\/wp-json\/wp\/v2\/users\/1"}],"replies":[{"embeddable":true,"href":"https:\/\/www.arte.unicen.edu.ar\/cdab\/wp-json\/wp\/v2\/comments?post=5929"}],"version-history":[{"count":3,"href":"https:\/\/www.arte.unicen.edu.ar\/cdab\/wp-json\/wp\/v2\/posts\/5929\/revisions"}],"predecessor-version":[{"id":5936,"href":"https:\/\/www.arte.unicen.edu.ar\/cdab\/wp-json\/wp\/v2\/posts\/5929\/revisions\/5936"}],"wp:featuredmedia":[{"embeddable":true,"href":"https:\/\/www.arte.unicen.edu.ar\/cdab\/wp-json\/wp\/v2\/media\/5930"}],"wp:attachment":[{"href":"https:\/\/www.arte.unicen.edu.ar\/cdab\/wp-json\/wp\/v2\/media?parent=5929"}],"wp:term":[{"taxonomy":"category","embeddable":true,"href":"https:\/\/www.arte.unicen.edu.ar\/cdab\/wp-json\/wp\/v2\/categories?post=5929"},{"taxonomy":"post_tag","embeddable":true,"href":"https:\/\/www.arte.unicen.edu.ar\/cdab\/wp-json\/wp\/v2\/tags?post=5929"}],"curies":[{"name":"wp","href":"https:\/\/api.w.org\/{rel}","templated":true}]}}