{"id":5755,"date":"2018-10-12T11:22:14","date_gmt":"2018-10-12T14:22:14","guid":{"rendered":"http:\/\/www.arte.unicen.edu.ar\/cdab\/?p=5755"},"modified":"2020-09-14T13:40:12","modified_gmt":"2020-09-14T16:40:12","slug":"se-publico-un-nuevo-numero-de-aura-la-revista-del-departamento-de-historia-y-teoria-del-arte","status":"publish","type":"post","link":"https:\/\/www.arte.unicen.edu.ar\/cdab\/se-publico-un-nuevo-numero-de-aura-la-revista-del-departamento-de-historia-y-teoria-del-arte\/","title":{"rendered":"Se public\u00f3 un nuevo n\u00famero de AURA, la revista del Departamento de Historia y Teor\u00eda del Arte"},"content":{"rendered":"<p>La revista <a href=\"http:\/\/ojs.arte.unicen.edu.ar\/index.php\/aura\" target=\"_blank\" rel=\"nofollow noopener noreferrer\">AURA<\/a>\u00a0es una publicaci\u00f3n acad\u00e9mica del <a href=\"https:\/\/dhtarte.wordpress.com\" target=\"_blank\" rel=\"noopener noreferrer\">Departamento de Historia y Teor\u00eda del Arte<\/a> de la <a href=\"http:\/\/www.arte.unicen.edu.ar\" target=\"_blank\" rel=\"nofollow noopener noreferrer\">Facultad de Arte<\/a> de la <a href=\"http:\/\/www.unicen.edu.ar\" target=\"_blank\" rel=\"nofollow noopener noreferrer\">Universidad Nacional del Centro de la Provincia de Buenos Aires<\/a>. Se enfoca en una aproximaci\u00f3n hist\u00f3rica y te\u00f3rica de las artes, con especial inter\u00e9s en las artes esc\u00e9nicas y audiovisuales, la est\u00e9tica, la antropolog\u00eda del arte, los estudios culturales y afines.<\/p>\n<p>En esta ocasi\u00f3n compartimos la publicaci\u00f3n del n\u00famero 7 titulado <em>Cr\u00edtica contempor\u00e1nea desde Am\u00e9rica Latina<\/em> que puede leerse desde el sitio web oficial: <a href=\"http:\/\/ojs.arte.unicen.edu.ar\/index.php\/aura\" target=\"_blank\" rel=\"nofollow noopener noreferrer\">www.ojs.arte.unicen.edu.ar\/index.php\/aura<\/a><\/p>\n","protected":false},"excerpt":{"rendered":"<p>La revista AURA\u00a0es una publicaci\u00f3n acad\u00e9mica del Departamento de Historia y Teor\u00eda del Arte de la Facultad de Arte de la Universidad Nacional del Centro de la Provincia de Buenos Aires. Se enfoca en una aproximaci\u00f3n hist\u00f3rica y te\u00f3rica de las artes, con especial inter\u00e9s en las artes esc\u00e9nicas y audiovisuales, la est\u00e9tica, la antropolog\u00eda del arte, los estudios culturales [&hellip;]<\/p>\n","protected":false},"author":1,"featured_media":5756,"comment_status":"open","ping_status":"open","sticky":false,"template":"","format":"standard","meta":{"_acf_changed":false,"footnotes":""},"categories":[1],"tags":[292,2525,215],"class_list":["post-5755","post","type-post","status-publish","format-standard","has-post-thumbnail","hentry","category-novedades","tag-arte-publicaciones","tag-aura","tag-facultad-de-arte"],"acf":[],"_links":{"self":[{"href":"https:\/\/www.arte.unicen.edu.ar\/cdab\/wp-json\/wp\/v2\/posts\/5755","targetHints":{"allow":["GET"]}}],"collection":[{"href":"https:\/\/www.arte.unicen.edu.ar\/cdab\/wp-json\/wp\/v2\/posts"}],"about":[{"href":"https:\/\/www.arte.unicen.edu.ar\/cdab\/wp-json\/wp\/v2\/types\/post"}],"author":[{"embeddable":true,"href":"https:\/\/www.arte.unicen.edu.ar\/cdab\/wp-json\/wp\/v2\/users\/1"}],"replies":[{"embeddable":true,"href":"https:\/\/www.arte.unicen.edu.ar\/cdab\/wp-json\/wp\/v2\/comments?post=5755"}],"version-history":[{"count":2,"href":"https:\/\/www.arte.unicen.edu.ar\/cdab\/wp-json\/wp\/v2\/posts\/5755\/revisions"}],"predecessor-version":[{"id":16068,"href":"https:\/\/www.arte.unicen.edu.ar\/cdab\/wp-json\/wp\/v2\/posts\/5755\/revisions\/16068"}],"wp:featuredmedia":[{"embeddable":true,"href":"https:\/\/www.arte.unicen.edu.ar\/cdab\/wp-json\/wp\/v2\/media\/5756"}],"wp:attachment":[{"href":"https:\/\/www.arte.unicen.edu.ar\/cdab\/wp-json\/wp\/v2\/media?parent=5755"}],"wp:term":[{"taxonomy":"category","embeddable":true,"href":"https:\/\/www.arte.unicen.edu.ar\/cdab\/wp-json\/wp\/v2\/categories?post=5755"},{"taxonomy":"post_tag","embeddable":true,"href":"https:\/\/www.arte.unicen.edu.ar\/cdab\/wp-json\/wp\/v2\/tags?post=5755"}],"curies":[{"name":"wp","href":"https:\/\/api.w.org\/{rel}","templated":true}]}}