{"id":5684,"date":"2018-10-21T13:07:14","date_gmt":"2018-10-21T16:07:14","guid":{"rendered":"http:\/\/www.arte.unicen.edu.ar\/cdab\/?p=5684"},"modified":"2018-10-21T18:47:51","modified_gmt":"2018-10-21T21:47:51","slug":"un-dia-como-hoy-hace-30-anos-se-creaba-la-escuela-superior-de-teatro","status":"publish","type":"post","link":"https:\/\/www.arte.unicen.edu.ar\/cdab\/un-dia-como-hoy-hace-30-anos-se-creaba-la-escuela-superior-de-teatro\/","title":{"rendered":"Un d\u00eda como hoy, hace 30 a\u00f1os, se creaba la Escuela Superior de Teatro"},"content":{"rendered":"<p>El <strong>21 de Octubre de 1988<\/strong>, <strong>hace 30 a\u00f1os<\/strong>, la Honorable Asamblea Universitaria resolv\u00eda por unanimidad la creaci\u00f3n de la <strong>Escuela Superior de Teatro<\/strong>, antecedente fundacional de la <a href=\"http:\/\/www.arte.unicen.edu.ar\" target=\"_blank\" rel=\"nofollow noopener\">Facultad de Arte<\/a>.<\/p>\n<p>Convergieron en la iniciativa, y en la elaboraci\u00f3n del proyecto de creaci\u00f3n de la <strong>Escuela Superior de Teatro<\/strong>, un grupo de docentes que apostaron a la conformaci\u00f3n de un espacio de pr\u00e1ctica y reflexi\u00f3n te\u00f3rica sobre el hecho teatral que permiti\u00f3 elaborar un plan de estudios para la <em>Carrera de Int\u00e9rprete Dram\u00e1tico<\/em>, <em>Profesor de Juegos Dram\u00e1ticos<\/em>, <em>Licenciado y Profesor de Teatro<\/em>. Dicho plan estableci\u00f3 la preparaci\u00f3n y entrenamiento actoral, la direcci\u00f3n, la pr\u00e1ctica docente y la investigaci\u00f3n sistem\u00e1tica propias de la tarea universitaria.<\/p>\n<p>Finalmente, el <strong>28 de noviembre de 2002<\/strong>, la Asamblea Universitaria crea la <a href=\"http:\/\/www.arte.unicen.edu.ar\" target=\"_blank\" rel=\"nofollow noopener\">Facultad de Arte<\/a> ratificando la superaci\u00f3n de una etapa, caracterizada por el inter\u00e9s local y por su madurez institucional. As\u00ed se consolida en la regi\u00f3n un espacio institucional para el desarrollo de los estudios universitarios en arte.<\/p>\n<p>Desde el <strong>CDAB<\/strong> compartimos dos art\u00edculos period\u00edsticos de nuestro archivo que reflejan el momento fundacional y celebramos estos 30 a\u00f1os de historia de la <a href=\"http:\/\/www.arte.unicen.edu.ar\" target=\"_blank\" rel=\"nofollow noopener\">Facultad de Arte<\/a> que d\u00eda a d\u00eda contin\u00faa <em>creando, inspirando, formando&#8230;<\/em><\/p>\n<table style=\"margin: 15px auto 25px; text-align: center; border-collapse: collapse; border-spacing: 0;\">\n<tbody>\n<tr>\n<td style=\"width: 50%; max-width: 400px; padding: 0px 15px 10px 15px; vertical-align: middle;\"><a href=\"http:\/\/www.arte.unicen.edu.ar\/cdab\/wp-content\/uploads\/2018\/10\/articulo-est-01.png\" data-fancybox=\"gallery\" data-caption=\"Un d\u00eda como hoy, hace 30 a\u00f1os, se creaba la Escuela Superior de Teatro\"><img loading=\"lazy\" decoding=\"async\" class=\"aligncenter size-medium wp-image-5685\" src=\"http:\/\/www.arte.unicen.edu.ar\/cdab\/wp-content\/uploads\/2018\/10\/articulo-est-01-600x485.png\" alt=\"\" width=\"400\" height=\"323\" srcset=\"https:\/\/www.arte.unicen.edu.ar\/cdab\/wp-content\/uploads\/2018\/10\/articulo-est-01-600x485.png 600w, https:\/\/www.arte.unicen.edu.ar\/cdab\/wp-content\/uploads\/2018\/10\/articulo-est-01-768x621.png 768w, https:\/\/www.arte.unicen.edu.ar\/cdab\/wp-content\/uploads\/2018\/10\/articulo-est-01-1024x828.png 1024w, https:\/\/www.arte.unicen.edu.ar\/cdab\/wp-content\/uploads\/2018\/10\/articulo-est-01-300x243.png 300w, https:\/\/www.arte.unicen.edu.ar\/cdab\/wp-content\/uploads\/2018\/10\/articulo-est-01.png 1192w\" sizes=\"auto, (max-width: 400px) 100vw, 400px\" \/><\/a><\/td>\n<td style=\"width: 50%; max-width: 400px; padding: 0px 15px 10px 15px; vertical-align: middle;\"><a href=\"http:\/\/www.arte.unicen.edu.ar\/cdab\/wp-content\/uploads\/2018\/10\/articulo-est-02.png\" data-fancybox=\"gallery\" data-caption=\"Un d\u00eda como hoy, hace 30 a\u00f1os, se creaba la Escuela Superior de Teatro\"><img loading=\"lazy\" decoding=\"async\" class=\"aligncenter size-medium wp-image-5686\" src=\"http:\/\/www.arte.unicen.edu.ar\/cdab\/wp-content\/uploads\/2018\/10\/articulo-est-02-310x600.png\" alt=\"\" width=\"206\" height=\"400\" srcset=\"https:\/\/www.arte.unicen.edu.ar\/cdab\/wp-content\/uploads\/2018\/10\/articulo-est-02-310x600.png 310w, https:\/\/www.arte.unicen.edu.ar\/cdab\/wp-content\/uploads\/2018\/10\/articulo-est-02-768x1488.png 768w, https:\/\/www.arte.unicen.edu.ar\/cdab\/wp-content\/uploads\/2018\/10\/articulo-est-02-528x1024.png 528w, https:\/\/www.arte.unicen.edu.ar\/cdab\/wp-content\/uploads\/2018\/10\/articulo-est-02-155x300.png 155w, https:\/\/www.arte.unicen.edu.ar\/cdab\/wp-content\/uploads\/2018\/10\/articulo-est-02.png 785w\" sizes=\"auto, (max-width: 206px) 100vw, 206px\" \/><\/a><\/td>\n<\/tr>\n<\/tbody>\n<\/table>\n<p>\u00bfQuer\u00e9s saber m\u00e1s acerca de la historia de la <a href=\"http:\/\/www.arte.unicen.edu.ar\" target=\"_blank\" rel=\"nofollow noopener\">Facultad de Arte<\/a>? No dejes de visitar el sitio web oficial en <a href=\"http:\/\/www.arte.unicen.edu.ar\" target=\"_blank\" rel=\"nofollow noopener\">www.arte.unicen.edu.ar<\/a><\/p>\n","protected":false},"excerpt":{"rendered":"<p>El 21 de Octubre de 1988, hace 30 a\u00f1os, la Honorable Asamblea Universitaria resolv\u00eda por unanimidad la creaci\u00f3n de la Escuela Superior de Teatro, antecedente fundacional de la Facultad de Arte. Convergieron en la iniciativa, y en la elaboraci\u00f3n del proyecto de creaci\u00f3n de la Escuela Superior de Teatro, un grupo de docentes que apostaron a la conformaci\u00f3n de un [&hellip;]<\/p>\n","protected":false},"author":1,"featured_media":5698,"comment_status":"open","ping_status":"open","sticky":false,"template":"","format":"standard","meta":{"_acf_changed":false,"footnotes":""},"categories":[1],"tags":[309,215],"class_list":["post-5684","post","type-post","status-publish","format-standard","has-post-thumbnail","hentry","category-novedades","tag-escuela-superior-de-teatro","tag-facultad-de-arte"],"acf":[],"_links":{"self":[{"href":"https:\/\/www.arte.unicen.edu.ar\/cdab\/wp-json\/wp\/v2\/posts\/5684","targetHints":{"allow":["GET"]}}],"collection":[{"href":"https:\/\/www.arte.unicen.edu.ar\/cdab\/wp-json\/wp\/v2\/posts"}],"about":[{"href":"https:\/\/www.arte.unicen.edu.ar\/cdab\/wp-json\/wp\/v2\/types\/post"}],"author":[{"embeddable":true,"href":"https:\/\/www.arte.unicen.edu.ar\/cdab\/wp-json\/wp\/v2\/users\/1"}],"replies":[{"embeddable":true,"href":"https:\/\/www.arte.unicen.edu.ar\/cdab\/wp-json\/wp\/v2\/comments?post=5684"}],"version-history":[{"count":1,"href":"https:\/\/www.arte.unicen.edu.ar\/cdab\/wp-json\/wp\/v2\/posts\/5684\/revisions"}],"predecessor-version":[{"id":5701,"href":"https:\/\/www.arte.unicen.edu.ar\/cdab\/wp-json\/wp\/v2\/posts\/5684\/revisions\/5701"}],"wp:featuredmedia":[{"embeddable":true,"href":"https:\/\/www.arte.unicen.edu.ar\/cdab\/wp-json\/wp\/v2\/media\/5698"}],"wp:attachment":[{"href":"https:\/\/www.arte.unicen.edu.ar\/cdab\/wp-json\/wp\/v2\/media?parent=5684"}],"wp:term":[{"taxonomy":"category","embeddable":true,"href":"https:\/\/www.arte.unicen.edu.ar\/cdab\/wp-json\/wp\/v2\/categories?post=5684"},{"taxonomy":"post_tag","embeddable":true,"href":"https:\/\/www.arte.unicen.edu.ar\/cdab\/wp-json\/wp\/v2\/tags?post=5684"}],"curies":[{"name":"wp","href":"https:\/\/api.w.org\/{rel}","templated":true}]}}