{"id":5681,"date":"2018-10-29T09:13:45","date_gmt":"2018-10-29T12:13:45","guid":{"rendered":"http:\/\/www.arte.unicen.edu.ar\/cdab\/?p=5681"},"modified":"2018-10-29T09:16:55","modified_gmt":"2018-10-29T12:16:55","slug":"alberto-gauna-efectuo-una-generosa-donacion-de-material-audiovisual-que-se-incorpora-al-archivo-homonimo-creado-por-el-cdab","status":"publish","type":"post","link":"https:\/\/www.arte.unicen.edu.ar\/cdab\/alberto-gauna-efectuo-una-generosa-donacion-de-material-audiovisual-que-se-incorpora-al-archivo-homonimo-creado-por-el-cdab\/","title":{"rendered":"Alberto Gauna efectu\u00f3 una generosa donaci\u00f3n de material audiovisual que se incorpora al archivo hom\u00f3nimo creado por el CDAB"},"content":{"rendered":"<p>En abril del presente a\u00f1o, el <strong>Centro de Documentaci\u00f3n Audiovisual y Biblioteca (CDAB)<\/strong> de la <a href=\"http:\/\/www.arte.unicen.edu.ar\" target=\"_blank\" rel=\"nofollow noopener\">Facultad de Arte<\/a> se complac\u00eda en anunciar la creaci\u00f3n del <strong>Archivo Alberto Gauna<\/strong>, en reconocimiento a uno de los pioneros en el cine tandilense. En el marco de su labor como jurado en el Festival de Cine Argentino <a href=\"https:\/\/www.tandilcine.com.ar\" target=\"_blank\" rel=\"nofollow noopener\">Tandil Cine<\/a>, <strong>Alberto Gauna<\/strong> se acerc\u00f3 a las nuevas instalaciones del <strong>CDAB<\/strong> y efectu\u00f3 la donaci\u00f3n de algunas de sus obras.<\/p>\n<p>Los <em>Archivos Hist\u00f3ricos<\/em> del <strong>CDAB<\/strong> datan del a\u00f1o 1994 y son reservorios de fuentes documentales en distintos formatos -cinco en total: <em>Archivo Carlos Catalano<\/em>, <em>Archivo Enrique Ferrarese<\/em>, <em>Archivo Jos\u00e9 Mar\u00eda Guimet<\/em>; <em>Archivo Escuela Superior de Teatro\/Facultad de Arte<\/em> y <em>Archivo Alberto Gauna<\/em>\u2013 que tienen como objetivo recuperar, preservar y poner en valor el recorrido art\u00edstico de quienes han sido protagonistas de la historia teatral y cinematogr\u00e1fica de Tandil y de la <a href=\"http:\/\/www.arte.unicen.edu.ar\" target=\"_blank\" rel=\"nofollow noopener\">Facultad de Arte<\/a>. <\/p>\n<p>Los materiales que se incorporan al <strong>Archivo Alberto Gauna<\/strong> y ya se encuentran disponibles para consulta son:<\/p>\n<ul>\n<li><strong><em>Remembranzas<\/em><\/strong>\u00a0&#8211; Homenaje al Gordo Soriano en Mar\u00eda Ignacia Vela. (Realizador)<\/li>\n<li><em><strong>Adriano<\/strong><\/em> (2018) &#8211; Programa de televisi\u00f3n emitido por RTVE, Canal Sur. (Colaborador)<\/li>\n<li>Entrevista al realizador cubano Alejandro Bruguez para Cuba Informaci\u00f3n. (Realizador)<\/li>\n<li><em><strong>M\u00e1laga Acoge 10 a\u00f1os<\/strong><\/em>. (Realizaci\u00f3n y edici\u00f3n)<\/li>\n<li><em><strong>Testimonios<\/strong><\/em> &#8211; Fragmento inacabado perteneciente a un documental sobre los descendientes del bando republicano. <span style=\"text-decoration: underline;\">Idea original<\/span>: Juan Garc\u00eda. (Realizador)<\/li>\n<li><em><strong>Ni\u00f1o pr\u00edncipe<\/strong><\/em> &#8211; Obra teatral acerca del Principito en versi\u00f3n libre. (Edici\u00f3n)<\/li>\n<li><em><strong>Las criadas<\/strong><\/em> &#8211; Presentaci\u00f3n teatral en la calle noche en blanco en M\u00e1laga. (Realizaci\u00f3n)<\/li>\n<li><em><strong>La \u00faltima frontera<\/strong><\/em> (2004-2005) &#8211; Programa de TV grabado en Ceuta y Melilla. (Operador de c\u00e1mara)<\/li>\n<li><em><strong>Tango y literatura<\/strong><\/em> (1996) a cargo de Rafael Flores. (Realizador)<\/li>\n<li><strong><em>Clases magistrales<\/em><\/strong> (2007) del Festival de Cine de M\u00e1laga Bigas Luna. (Postproducci\u00f3n)<\/li>\n<li><em><strong>Sin alma ni tiempo<\/strong><\/em>\u00a0&#8211; Cortometraje del realizador Adolfo Somavilla. (Operador de c\u00e1mara)<\/li>\n<li><em><strong>Senderos del Genal<\/strong><\/em> (2009). (Realizador)<\/li>\n<li><em><strong>Hijos del Granito<\/strong><\/em> &#8211; Promoci\u00f3n para Asamblea en defensa de las sierras de Tandil. (Realizador)<\/li>\n<li>Promoci\u00f3n para Embajada de Espa\u00f1a en Buenos Aires a la atenci\u00f3n del Sr. Embajador Carmeno Angulo, recital de Mar\u00eda Lavalle, orquesta Osvaldo Berlingieri. (Realizador)<\/li>\n<li><strong><em>Diez a\u00f1os de Tangoneon<\/em><\/strong> (1995-2005) &#8211; Videoclip. (Realizador)<\/li>\n<li><em><strong>Yo toco el piano<\/strong><\/em>\u00a0&#8211; Documental sobre el m\u00fasico Osvaldo Berlingieri. (Realizador)<\/li>\n<li><em><strong>Casas viejas<\/strong><\/em> (1933). (Operador de c\u00e1mara)<\/li>\n<li><em><strong>Madres del dolor a lucha<\/strong><\/em> (2004) &#8211; Documental sobre la visita de Hebe de Bonafini a Madrid. (Realizador)<\/li>\n<li><em><strong>Grupo Picasso<\/strong><\/em>\u00a0&#8211; Pintores de M\u00e1laga que visitaron al genio en la dictadura en 1953. (Co-realizador)<\/li>\n<li>Fotograf\u00edas del rodaje de <em><strong>Mal\u00f3n Blanco<\/strong><\/em> (2010) tomadas por Javier Iriat.<\/li>\n<li><em><strong>T\u00fa que puedes vu\u00e9lvete<\/strong><\/em> (2009) concierto Mar\u00eda Lavalle, Madrid. (Direcci\u00f3n)<\/li>\n<li>Entrevista al padre del cine latinoamericano Mario Handler. (Realizador)<\/li>\n<li><em><strong>Las manos de la eternidad<\/strong><\/em> sobre la obra de Eduardo Rodr\u00edguez del Pino. (Realizador)<\/li>\n<li>Homenaje al realizador Humberto Solas, en el marco del 34\u00ba Festival Iberoamericano de Huelva, entrevista a Camilo Vives para la cadena <em>CubaInformaci\u00f3n<\/em>. (Realizador)<\/li>\n<\/ul>\n<p>Para m\u00e1s informaci\u00f3n acerca de los <em>Archivos Hist\u00f3ricos<\/em> del <strong>CDAB<\/strong> lo invitamos a descargar el listado de nuestro patrimonio general o visitarnos en <strong>9 de Julio 430<\/strong> de <strong>lunes a viernes<\/strong> en el horario de <strong>9 a 15 hs.<\/strong> Tambi\u00e9n puede comunicarse telef\u00f3nicamente al <strong>+54 (0249) 444 0631 \u2013 Int. 301<\/strong> o por correo electr\u00f3nico a <a href=\"mailto:cdab@arte.unicen.edu.ar\">cdab@arte.unicen.edu.ar<\/a>.<\/p>\n<h3 style=\"font-weight: bold;\">Acerca de Alberto Gauna<\/h3>\n<div style=\"width: 100%; display: inline-block; padding: 20px 60px 10px 30px;\">\n<div style=\"max-width: 700px; font-style: italic; float: right;\">&#8220;Nac\u00ed en Tandil, provincia de Buenos Aires, Argentina. Dicho as\u00ed puede parecer cualquier lugar en el mundo, pero es para m\u00ed el mejor sitio del mundo, en mis recuerdos ahora con la perspectiva del tiempo es mi lugar m\u00e1gico, un sitio en donde uno tenia la sensaci\u00f3n de crecer y ser feliz a flor de piel.<br \/>\nMe refiero especialmente a la etapa de adolescencia, a la que coincid\u00eda con la \u00e9poca de la formaci\u00f3n secundaria, de esa \u00e9poca son mis mejores amigos mis mejores recuerdos, tambi\u00e9n coincide con el momento que Argentina y Latinoam\u00e9rica atravesaba, desde la escuela t\u00e9cnica hasta el cine club todo esa generaci\u00f3n marc\u00f3 el proyecto futuro de mi vida. De todas las inquietudes de los j\u00f3venes de entonces era leer los peri\u00f3dicos casi los desmenuz\u00e1bamos. Encontr\u00e9 en aquella sabana que era &#8220;La Naci\u00f3n&#8221; un articulito peque\u00f1o donde se convocaba a unas becas para estudiar cine en Buenos Aires, las solicit\u00e9, y con mi mayor sorpresa me la otorgaron. Fue como encontrar el camino que me llevaba a este tren de una buena estaci\u00f3n para entre otras formarme en algo que en Tandil de la \u00e9poca casi era una utop\u00eda.<br \/>\nAyudado y empujado por mi familia y amigos llegue a Buenos Aires para realizar el curso de cine y audiovisuales del Fondo Nacional de las Artes en aquel m\u00edtico 1971, creo que el destino y la suerte hicieron el resto, porque nos juntamos en aquel Buenos Aires de 1971, Buenos Aires de principio del 70 una cantidad de amigos y casi dir\u00eda yo una generaci\u00f3n maravillosa, fue la etapa no solo de la formaci\u00f3n sino del deslumbramiento. All\u00ed si que vi como era el pa\u00eds en donde viv\u00eda, el destino creo que hizo el resto comenc\u00e9 a trabajar en un laboratorio de revelado de material cinematogr\u00e1fico muy conocido ALEX, all\u00ed se procesaba casi la totalidad de las cosas que en cine se hac\u00edan por aquel entonces en Argentina y casi dir\u00eda yo en el sur de Am\u00e9rica Latina, lugar ideal para contactar con los profesionales del sector de aquel momento. De aquellos caf\u00e9s en el &#8220;bar de Alex&#8221; salieron mis primeros trabajos de asistencias de direcci\u00f3n muy especialmente al conocer Nicol\u00e1s Sarqu\u00eds, que yo tenia una lejana referencia por haber visto &#8220;Palo y Hueso&#8221; en el cine club en Tandil.&#8221;\n<p style=\"text-align: right; padding: 20px 0px;\">Autobiograf\u00eda de Alberto Gauna extra\u00edda de su <a href=\"http:\/\/www.albertogauna.com\/\" target=\"_blank\" rel=\"noopener noreferrer\">sitio web oficial<\/a><\/p>\n<\/div>\n<div style=\"min-width: 350px; float: right; text-align: right; padding-right: 20px;\"><a href=\"http:\/\/www.arte.unicen.edu.ar\/cdab\/wp-content\/uploads\/2018\/04\/alberto-gauna2.jpg\" data-fancybox=\"gallery\" data-caption=\"Alberto Gauna efectu\u00f3 una generosa donaci\u00f3n de material audiovisual que se incorpora al archivo hom\u00f3nimo creado por el CDAB\"><img loading=\"lazy\" decoding=\"async\" class=\"size-medium wp-image-4033 alignleft\" src=\"http:\/\/www.arte.unicen.edu.ar\/cdab\/wp-content\/uploads\/2018\/04\/alberto-gauna2-chico.jpg\" alt=\"\" width=\"300\" height=\"416\" \/><\/a><\/div>\n<\/div>\n","protected":false},"excerpt":{"rendered":"<p>En abril del presente a\u00f1o, el Centro de Documentaci\u00f3n Audiovisual y Biblioteca (CDAB) de la Facultad de Arte se complac\u00eda en anunciar la creaci\u00f3n del Archivo Alberto Gauna, en reconocimiento a uno de los pioneros en el cine tandilense. En el marco de su labor como jurado en el Festival de Cine Argentino Tandil Cine, Alberto Gauna se acerc\u00f3 a [&hellip;]<\/p>\n","protected":false},"author":1,"featured_media":5712,"comment_status":"open","ping_status":"open","sticky":false,"template":"","format":"standard","meta":{"_acf_changed":false,"footnotes":""},"categories":[1],"tags":[303,214,290,215],"class_list":["post-5681","post","type-post","status-publish","format-standard","has-post-thumbnail","hentry","category-novedades","tag-archivo-alberto-gauna","tag-cdab","tag-donacion","tag-facultad-de-arte"],"acf":[],"_links":{"self":[{"href":"https:\/\/www.arte.unicen.edu.ar\/cdab\/wp-json\/wp\/v2\/posts\/5681","targetHints":{"allow":["GET"]}}],"collection":[{"href":"https:\/\/www.arte.unicen.edu.ar\/cdab\/wp-json\/wp\/v2\/posts"}],"about":[{"href":"https:\/\/www.arte.unicen.edu.ar\/cdab\/wp-json\/wp\/v2\/types\/post"}],"author":[{"embeddable":true,"href":"https:\/\/www.arte.unicen.edu.ar\/cdab\/wp-json\/wp\/v2\/users\/1"}],"replies":[{"embeddable":true,"href":"https:\/\/www.arte.unicen.edu.ar\/cdab\/wp-json\/wp\/v2\/comments?post=5681"}],"version-history":[{"count":2,"href":"https:\/\/www.arte.unicen.edu.ar\/cdab\/wp-json\/wp\/v2\/posts\/5681\/revisions"}],"predecessor-version":[{"id":5740,"href":"https:\/\/www.arte.unicen.edu.ar\/cdab\/wp-json\/wp\/v2\/posts\/5681\/revisions\/5740"}],"wp:featuredmedia":[{"embeddable":true,"href":"https:\/\/www.arte.unicen.edu.ar\/cdab\/wp-json\/wp\/v2\/media\/5712"}],"wp:attachment":[{"href":"https:\/\/www.arte.unicen.edu.ar\/cdab\/wp-json\/wp\/v2\/media?parent=5681"}],"wp:term":[{"taxonomy":"category","embeddable":true,"href":"https:\/\/www.arte.unicen.edu.ar\/cdab\/wp-json\/wp\/v2\/categories?post=5681"},{"taxonomy":"post_tag","embeddable":true,"href":"https:\/\/www.arte.unicen.edu.ar\/cdab\/wp-json\/wp\/v2\/tags?post=5681"}],"curies":[{"name":"wp","href":"https:\/\/api.w.org\/{rel}","templated":true}]}}